{"id":157026,"date":"2025-06-06T17:29:13","date_gmt":"2025-06-06T17:29:13","guid":{"rendered":"https:\/\/www.europesays.com\/fr\/157026\/"},"modified":"2025-06-06T17:29:13","modified_gmt":"2025-06-06T17:29:13","slug":"en-colombie-une-maison-sur-pilotis-au-coeur-des-montagnes","status":"publish","type":"post","link":"https:\/\/www.europesays.com\/fr\/157026\/","title":{"rendered":"En Colombie, une maison sur pilotis au c\u0153ur des montagnes"},"content":{"rendered":"<p>Cette maison sur pilotis est un r\u00eave de nature<\/p>\n<p>L\u2019architecte Natalia Rey a commenc\u00e9 \u00e0 concevoir cette maison de Barichara, en Colombie, \u00e0 l\u2019endroit o\u00f9 se trouve aujourd\u2019hui la cuisine ouverte avec vue sur les montagnes. \u00ab\u2009J\u2019ai imagin\u00e9 que mon client, qui vit maintenant ici, appr\u00e9cierait de boire son caf\u00e9 en regardant le parc national naturel de la Serran\u00eda de los\u00a0Yarigu\u00edes \u2013 et j\u2019ai vu juste\u2009\u00bb, confie-t-elle, sourire aux l\u00e8vres. Natalia Rey est colombienne et vient de Bogot\u00e1. Elle dirige sa propre agence d\u2019architecture, et avec ses collaborateurs et collaboratrices, ainsi qu\u2019une \u00e9quipe de <a href=\"https:\/\/www.admagazine.fr\/galerie\/11-constructions-pise-nature\" target=\"_blank\" rel=\"noopener\">construction<\/a> locale, elle s\u2019occupe de toute sorte de projets \u00e0 Barichara, une petite ville rurale nich\u00e9e dans les montagnes andines du nord-est du pays.<\/p>\n<p>La terrasse, qui entoure compl\u00e8tement la maison, offre une vue panoramique sur le parc national naturel de la Serran\u00eda de los\u00a0Yarigu\u00edes.<\/p>\n<p>Jan Kaiser<\/p>\n<p>Ici, tout est entour\u00e9 de for\u00eats tropicales s\u00e8ches. Une partie des terres \u00e9tait autrefois r\u00e9serv\u00e9e \u00e0 l\u2019\u00e9levage, mais elle est aujourd\u2019hui pr\u00e9serv\u00e9e avec un projet de reforestation qui inclut une petite production de caf\u00e9. \u00ab\u2009De plus, la zone est un peu escarp\u00e9e\u2009\u00bb, explique Natalia Rey. Et pourtant, c\u2019est l\u2019endroit o\u00f9 elle a con\u00e7u une <a href=\"https:\/\/www.admagazine.fr\/decoration\/inspiration\/article\/comment-eviter-bruit-visuel-maison-7-astuces\" target=\"_blank\" rel=\"noopener\">maison<\/a> de 100\u00a0m\u00e8tres carr\u00e9s pour son client, rencontr\u00e9 dans un espace de coworking. Ce \u00ab\u2009nomade\u2009\u00bb, comme elle l\u2019aime l\u2019appeler, est un passionn\u00e9 d\u2019escalade et de nature. \u00c0 quelques m\u00e8tres de la maison, qui comprend deux chambres, deux salles de bains, une cuisine et un bureau, coule un ruisseau qui, apr\u00e8s quelques kilom\u00e8tres, se transforme en cascade\u00a0: la Paramera, une ic\u00f4ne locale. L\u2019eau joue ici un r\u00f4le de premier plan. Natalia Rey a d\u00e9cid\u00e9 de placer cette maison, la Casa La Palmita, sur pilotis, afin de respecter les cours d\u2019eau naturels et de laisser son espace \u00e0 la <a href=\"https:\/\/www.admagazine.fr\/galerie\/11-constructions-pise-nature\" target=\"_blank\" rel=\"noopener\">nature<\/a>. Un d\u00e9fi que l\u2019architecte a relev\u00e9 avec brio.<\/p>\n<p>Une maison minimaliste avec vue sur les montagnes<\/p>\n<p>Simple comme bonjour\u00a0: la maison est enduite de mani\u00e8re traditionnelle, pour un effet naturel. La couleur des murs se marie \u00e0 la perfection avec les si\u00e8ges de couleur cr\u00e8me.<\/p>\n<p>Jan Kaiser<\/p>\n<p>Dans la cuisine, on surplombe la for\u00eat, on entend toutes sortes d\u2019oiseaux gazouiller et le bruit du ruisseau tout proche qui se jette plus tard dans la cascade La Paramera.<\/p>\n<p>Jan Kaiser<\/p>\n<p>Natalia Rey avait carte blanche. Au cours de l\u2019entretien, son client a \u00e9mis comme seul d\u00e9sir le souhait de faire de cette maison un <a href=\"https:\/\/www.admagazine.fr\/galerie\/refuge-forestier-amerique-latine\" target=\"_blank\" rel=\"noopener\">refuge<\/a> o\u00f9 se ressourcer apr\u00e8s ses voyages. \u00ab\u2009Mon but \u00e9tait de cr\u00e9er un lieu qui le prenne dans ses bras\u2009\u00bb, explique avec po\u00e9sie l\u2019architecte. Pour trouver son inspiration, elle a pris exemple sur un \u00e9l\u00e9ment cl\u00e9\u00a0: l\u2019eau, rare et donc pr\u00e9cieuse en <a href=\"https:\/\/www.admagazine.fr\/adinspiration\/article\/carthagene-des-indes-photographies-colombie\" target=\"_blank\" rel=\"noopener\">Colombie<\/a>. \u00ab\u2009Cet emplacement m\u2019a appris que l\u2019eau ob\u00e9it a ses propres r\u00e8gles. Les pluies sont torrentielles, mais l\u2019endroit peut aussi traverser des \u00e9pisodes de s\u00e9cheresse. Les cycles sont ainsi changeants, mais tr\u00e8s marqu\u00e9s.\u2009\u00bb Afin de ne pas perturber le cours de l\u2019eau, la maison a \u00e9t\u00e9 pens\u00e9e pour ne pas empi\u00e9ter sur l&rsquo;environnement\u00a0: elle est construite sur pilotis, ce qui \u00e9quilibre cette demeure \u00e0 flanc de montagne.<\/p>\n<p>Minimaliste, mais chaleureux. Le <a href=\"https:\/\/www.admagazine.fr\/article\/salon-jardin-rotin-assises\" target=\"_blank\" rel=\"noopener\">rotin<\/a>, associ\u00e9 \u00e0 la couleur naturellement des murs qui \u00e9voque la terre et \u00e0 la housse de couette aux broderies florales romantiques\u00a0: il r\u00e8gne dans cette chambre une atmosph\u00e8re r\u00e9confortante.<\/p>\n<p>Jan Kaiser<\/p>\n<p>Petite, mais raffin\u00e9e\u2009! Un petit miroir et un lavabo avec un espace de rangement\u00a0: c\u2019est tout ce dont le propri\u00e9taire a besoin.<\/p>\n<p>Jan KaiserEnduit naturel, tressage, argile, et poutres en vieux bois<\/p>\n<p>Natalia Rey et son \u00e9quipe ont abord\u00e9 la construction de cette <a href=\"https:\/\/www.admagazine.fr\/galerie\/maison-architecte-construite-roche-granit-rose\" target=\"_blank\" rel=\"noopener\">maison<\/a> en harmonie avec son emplacement, en pleine nature. \u00ab\u2009\u00c0 Barichara, la tradition, c\u2019est de construire avec la terre \u00bb, pr\u00e9cise l\u2019architecte. \u00ab Quand je suis arriv\u00e9e ici, il y a plus d\u2019une douzaine d\u2019ann\u00e9es, j\u2019ai appris \u00e0 faire de l\u2019enduit compos\u00e9 de terre, de sable, de calcaire et de fumier de cheval. Il est ensuite souvent recouvert de <a href=\"https:\/\/www.admagazine.fr\/article\/peinture-a-la-chaux-retour-interieurs\" target=\"_blank\" rel=\"noopener\">chaux<\/a> blanche, mais ici, nous l\u2019avons laiss\u00e9 brut\u00a0: il m\u00e9rite d\u2019\u00eatre vu, et c\u2019est plus chaleureux.\u2009\u00bb Avant d\u2019appliquer l\u2019enduit, l\u2019architecte a d\u2019abord fait \u00e9riger une structure \u00e0 colombages\u00a0: tous les murs reposent sur cette construction en bois, entour\u00e9e de roseaux. Cette technique a un nom\u00a0: \u00ab\u2009bahareque\u2009\u00bb, ce qui signifie tressage et argile.<\/p>\n","protected":false},"excerpt":{"rendered":"Cette maison sur pilotis est un r\u00eave de nature L\u2019architecte Natalia Rey a commenc\u00e9 \u00e0 concevoir cette maison&hellip;\n","protected":false},"author":2,"featured_media":157027,"comment_status":"","ping_status":"","sticky":false,"template":"","format":"standard","meta":{"footnotes":""},"categories":[1358],"tags":[1348,1384,1385,1386,58,59,1011,27,5324],"class_list":{"0":"post-157026","1":"post","2":"type-post","3":"status-publish","4":"format-standard","5":"has-post-thumbnail","7":"category-arts-et-design","8":"tag-arts","9":"tag-arts-and-design","10":"tag-arts-et-design","11":"tag-design","12":"tag-divertissement","13":"tag-entertainment","14":"tag-fr","15":"tag-france","16":"tag-montagne"},"share_on_mastodon":{"url":"https:\/\/pubeurope.com\/@fr\/114637606938912597","error":""},"_links":{"self":[{"href":"https:\/\/www.europesays.com\/fr\/wp-json\/wp\/v2\/posts\/157026","targetHints":{"allow":["GET"]}}],"collection":[{"href":"https:\/\/www.europesays.com\/fr\/wp-json\/wp\/v2\/posts"}],"about":[{"href":"https:\/\/www.europesays.com\/fr\/wp-json\/wp\/v2\/types\/post"}],"author":[{"embeddable":true,"href":"https:\/\/www.europesays.com\/fr\/wp-json\/wp\/v2\/users\/2"}],"replies":[{"embeddable":true,"href":"https:\/\/www.europesays.com\/fr\/wp-json\/wp\/v2\/comments?post=157026"}],"version-history":[{"count":0,"href":"https:\/\/www.europesays.com\/fr\/wp-json\/wp\/v2\/posts\/157026\/revisions"}],"wp:featuredmedia":[{"embeddable":true,"href":"https:\/\/www.europesays.com\/fr\/wp-json\/wp\/v2\/media\/157027"}],"wp:attachment":[{"href":"https:\/\/www.europesays.com\/fr\/wp-json\/wp\/v2\/media?parent=157026"}],"wp:term":[{"taxonomy":"category","embeddable":true,"href":"https:\/\/www.europesays.com\/fr\/wp-json\/wp\/v2\/categories?post=157026"},{"taxonomy":"post_tag","embeddable":true,"href":"https:\/\/www.europesays.com\/fr\/wp-json\/wp\/v2\/tags?post=157026"}],"curies":[{"name":"wp","href":"https:\/\/api.w.org\/{rel}","templated":true}]}}