{"id":157030,"date":"2025-06-06T17:31:17","date_gmt":"2025-06-06T17:31:17","guid":{"rendered":"https:\/\/www.europesays.com\/fr\/157030\/"},"modified":"2025-06-06T17:31:17","modified_gmt":"2025-06-06T17:31:17","slug":"familles-nombreuses-la-vie-en-xxl-saison-09-episode-93-du-6-juin-2025-familles-nombreuses-la-vie-en-xxl","status":"publish","type":"post","link":"https:\/\/www.europesays.com\/fr\/157030\/","title":{"rendered":"Familles nombreuses : la vie en XXL &#8211; Saison 09 Episode 93 du 6 juin 2025 &#8211; Familles nombreuses : la vie en XXL"},"content":{"rendered":"<p id=\"descriptionPanel\" aria-labelledby=\"descriptionArrow\" aria-expanded=\"false\" class=\"mr-2 line-clamp-2 pr-2.5 text-secondary overflow-visible\">Aujourd&rsquo;hui, la famille Laforce part en sortie accrobranche ! Elle prend bien le temps de dire \u00e0 ses enfants de se laver les mains et de prendre un d\u00e9sinfectant. La pr\u00e9paration du bapt\u00eame est presque termin\u00e9e pour la famille Lecossais. Fanny est stress\u00e9e, mais tout va bien se passer. Le shopping pour b\u00e9b\u00e9 9 des Gonzalez commence ! Margot et Cl\u00e9o sont tr\u00e8s motiv\u00e9es pour tout acheter et montrer les achats \u00e0 leurs fr\u00e8res ! Familles nombreuses : la vie en XXL. Saison 09 \u00c9pisode 93<\/p>\n<p><a class=\"shrink-0\" href=\"https:\/\/www.tf1.fr\/tf1\/les-familles-nombreuses-la-vie-en-xxl\" target=\"_blank\" rel=\"noopener\"><img decoding=\"async\" src=\"https:\/\/www.europesays.com\/fr\/wp-content\/uploads\/2025\/05\/1747760056_399_program-card-portrait-1-famille-ballot-3ae008-57ead5-0@1x.jpg\" width=\"138\" height=\"184\" alt=\"\" loading=\"eager\" fetchpriority=\"auto\" class=\"aspect-[3\/4] h-24 w-auto rounded-3px\" aria-hidden=\"true\"\/><\/a><\/p>\n","protected":false},"excerpt":{"rendered":"Aujourd&rsquo;hui, la famille Laforce part en sortie accrobranche ! Elle prend bien le temps de dire \u00e0 ses&hellip;\n","protected":false},"author":2,"featured_media":157031,"comment_status":"","ping_status":"","sticky":false,"template":"","format":"standard","meta":{"footnotes":""},"categories":[1356],"tags":[58,59,1365,21484,4980,21485,1011,27,6163,252,1364,21487,21486],"class_list":{"0":"post-157030","1":"post","2":"type-post","3":"status-publish","4":"format-standard","5":"has-post-thumbnail","7":"category-television","8":"tag-divertissement","9":"tag-entertainment","10":"tag-episode","11":"tag-episode-familles-nombreuses-la-vie-en-xxl","12":"tag-familles-nombreuses-la-vie-en-xxl","13":"tag-familles-nombreuses-la-vie-en-xxl-episode","14":"tag-fr","15":"tag-france","16":"tag-streaming-familles-nombreuses-la-vie-en-xxl","17":"tag-television","18":"tag-tv","19":"tag-video-en-streaming-familles-nombreuses-la-vie-en-xxl","20":"tag-video-familles-nombreuses-la-vie-en-xxl"},"share_on_mastodon":{"url":"https:\/\/pubeurope.com\/@fr\/114637614960756492","error":""},"_links":{"self":[{"href":"https:\/\/www.europesays.com\/fr\/wp-json\/wp\/v2\/posts\/157030","targetHints":{"allow":["GET"]}}],"collection":[{"href":"https:\/\/www.europesays.com\/fr\/wp-json\/wp\/v2\/posts"}],"about":[{"href":"https:\/\/www.europesays.com\/fr\/wp-json\/wp\/v2\/types\/post"}],"author":[{"embeddable":true,"href":"https:\/\/www.europesays.com\/fr\/wp-json\/wp\/v2\/users\/2"}],"replies":[{"embeddable":true,"href":"https:\/\/www.europesays.com\/fr\/wp-json\/wp\/v2\/comments?post=157030"}],"version-history":[{"count":0,"href":"https:\/\/www.europesays.com\/fr\/wp-json\/wp\/v2\/posts\/157030\/revisions"}],"wp:featuredmedia":[{"embeddable":true,"href":"https:\/\/www.europesays.com\/fr\/wp-json\/wp\/v2\/media\/157031"}],"wp:attachment":[{"href":"https:\/\/www.europesays.com\/fr\/wp-json\/wp\/v2\/media?parent=157030"}],"wp:term":[{"taxonomy":"category","embeddable":true,"href":"https:\/\/www.europesays.com\/fr\/wp-json\/wp\/v2\/categories?post=157030"},{"taxonomy":"post_tag","embeddable":true,"href":"https:\/\/www.europesays.com\/fr\/wp-json\/wp\/v2\/tags?post=157030"}],"curies":[{"name":"wp","href":"https:\/\/api.w.org\/{rel}","templated":true}]}}