{"id":157041,"date":"2025-06-06T17:37:09","date_gmt":"2025-06-06T17:37:09","guid":{"rendered":"https:\/\/www.europesays.com\/fr\/157041\/"},"modified":"2025-06-06T17:37:09","modified_gmt":"2025-06-06T17:37:09","slug":"une-solution-contre-le-rechauffement-climatique-la-prouesse-insensee-des-aspirateurs-de-co2","status":"publish","type":"post","link":"https:\/\/www.europesays.com\/fr\/157041\/","title":{"rendered":"Une solution contre le r\u00e9chauffement climatique\u00a0? La prouesse insens\u00e9e des \u00abaspirateurs de CO2\u00bb"},"content":{"rendered":"<p><strong>ENQU\u00caTE &#8211; <\/strong>L\u2019entreprise suisse Climeworks qui a install\u00e9 en Islande deux usines pour capter le dioxyde de carbone directement dans l\u2019air est soutenue par de grands groupes industriels qui veulent compenser leurs \u00e9missions de gaz \u00e0 effet de serre. Les deux installations arrivent bien \u00e0 pi\u00e9ger le CO2, mais l\u2019entreprise est aujourd\u2019hui en difficult\u00e9.<\/p>\n<p class=\"fig-paragraph\">Elle fait partie des pionni\u00e8res.\u00a0<a href=\"https:\/\/www.lefigaro.fr\/sciences\/en-islande-orca-capte-le-co2-dans-l-air-ambiant-20221010\" target=\"_blank\" data-fig-type=\"Article\" rel=\"noopener\" data-gtm-custom-categorie=\"navigation\" data-gtm-custom-action=\"crossclick\" data-gtm-custom-label=\"Contextuel\" data-gtm-event=\"customEventSPE\" data-fig-domain=\"LEFIGARO\">Climeworks, sp\u00e9cialis\u00e9e dans le captage de dioxyde de carbone dans l\u2019air<\/a>, a connu ces derni\u00e8res ann\u00e9es une croissance fulgurante. L\u2019entreprise suisse exploite aujourd\u2019hui deux installations &#8211;\u00a0Orca depuis 2021 et Mammoth depuis 2024\u00a0&#8211; en Islande o\u00f9 elle b\u00e9n\u00e9ficie des sources d\u2019\u00e9nergie g\u00e9othermique de l\u2019\u00eele. Ces deux \u00ab aspirateurs \u00e0 CO\u2082\u00a0\u00bb g\u00e9ants captent ce gaz \u00e0 effet de serre (principal responsable du<a href=\"http:\/\/www.lefigaro.fr\/sciences\/dossier\/lutte-rechauffement-climatique-planete-climat-changements-menace-oceans-transports-pollution-energie\" target=\"_blank\" data-fig-type=\"Topic\" rel=\"noopener\" data-gtm-custom-categorie=\"navigation\" data-gtm-custom-action=\"crossclick\" data-gtm-custom-label=\"Contextuel\" data-gtm-event=\"customEventSPE\" data-fig-domain=\"LEFIGARO\">\u00a0r\u00e9chauffement climatique<\/a>) directement dans l\u2019atmosph\u00e8re avant de l\u2019enfouir sous terre en le cristallisant dans de la roche. Sur sa lanc\u00e9e, Climeworks pr\u00e9voyait encore r\u00e9cemment de construire plusieurs sites aux \u00c9tats-Unis\u00a0: les travaux de construction pour sa prochaine usine en Louisiane sont d\u2019ailleurs cens\u00e9s d\u00e9marrer l\u2019an prochain.<\/p>\n<p class=\"fig-paragraph\">Las, \u00e0 peine un an apr\u00e8s le lancement du \u00ab Mammouth\u00a0\u00bb islandais, l\u2019entreprise fond\u00e9e en 2009 par deux doctorants de l\u2019\u00c9cole polytechnique f\u00e9d\u00e9rale de Zurich d\u00e9chante. Elle a annonc\u00e9 le mois dernier la suppression de\u2026<\/p>\n<p class=\"fig-premium-paywall__infos\">\n        Cet article est r\u00e9serv\u00e9 aux abonn\u00e9s.        Il vous reste 91% \u00e0 d\u00e9couvrir.\n    <\/p>\n<p>                <img  data- alt=\"Le Figaro\" class=\"fig-img--complete fig-img\"\/><\/p>\n<p class=\"fig-premium-paywall__title\">Vente Flash<\/p>\n<p class=\"fig-premium-paywall__subtitle\">3,99\u20ac par mois pendant 12 mois. Sans engagement.<\/p>\n<p class=\"fig-premium-paywall__connect\">\n                D\u00e9j\u00e0 abonn\u00e9\u00a0?                <a class=\"fig-premium-paywall__connect-link\" href=\"https:\/\/connect.lefigaro.fr\/login?client=horizon_web&amp;type=main&amp;redirect_uri=https%3A%2F%2Fwww.lefigaro.fr%2Fsciences%2Fune-solution-contre-le-rechauffement-climatique-la-prouesse-insensee-des-aspirateurs-de-co2-20250606\" data-js-gtm=\"{&quot;customCategorie&quot;: &quot;conversion&quot;, &quot;customAction&quot;: &quot;before_Landing_Connexion_paywall_auto&quot;, &quot;customLabel&quot;: &quot;bGVmaWdhcm8uZnJfXzFmMDQxZTlmLWE2ZmEtNjMxNi1iYzkzLTlmYmYxNDFlZDk5Zl9fQXJ0aWNsZQ==_Une solution contre le r\u00e9chauffement climatique\u00a0? La prouesse insens\u00e9e des \u00abaspirateurs de CO2\u00bb_218&quot;, &quot;customIDSPE&quot;: &quot;bGVmaWdhcm8uZnJfXzFmMDQxZTlmLWE2ZmEtNjMxNi1iYzkzLTlmYmYxNDFlZDk5Zl9fQXJ0aWNsZQ==&quot;, &quot;event&quot;: &quot;customEventSPE&quot;}\" target=\"_blank\" rel=\"noopener\"><br \/>\n                    Connectez-vous<br \/>\n                <\/a>\n            <\/p>\n","protected":false},"excerpt":{"rendered":"ENQU\u00caTE &#8211; L\u2019entreprise suisse Climeworks qui a install\u00e9 en Islande deux usines pour capter le dioxyde de carbone&hellip;\n","protected":false},"author":2,"featured_media":157042,"comment_status":"","ping_status":"","sticky":false,"template":"","format":"standard","meta":{"footnotes":""},"categories":[7],"tags":[47,49,11,48,28789,51,54,1011,27,16743,12528,52,5140,43,40,41,39,50,42,44,53],"class_list":{"0":"post-157041","1":"post","2":"type-post","3":"status-publish","4":"format-standard","5":"has-post-thumbnail","7":"category-sciences-et-technologies","8":"tag-actualite","9":"tag-actualite-scientifique","10":"tag-actualites","11":"tag-astronomie","12":"tag-dioxyde-de-carbone","13":"tag-ecologie","14":"tag-faune-et-flore","15":"tag-fr","16":"tag-france","17":"tag-gaz-a-effet-de-serre","18":"tag-islande","19":"tag-planete","20":"tag-rechauffement-climatique","21":"tag-science","22":"tag-science-and-technology","23":"tag-sciences","24":"tag-sciences-et-technologies","25":"tag-sciences-humaines","26":"tag-technologies","27":"tag-technology","28":"tag-zoologie"},"share_on_mastodon":{"url":"https:\/\/pubeurope.com\/@fr\/114637638457566587","error":""},"_links":{"self":[{"href":"https:\/\/www.europesays.com\/fr\/wp-json\/wp\/v2\/posts\/157041","targetHints":{"allow":["GET"]}}],"collection":[{"href":"https:\/\/www.europesays.com\/fr\/wp-json\/wp\/v2\/posts"}],"about":[{"href":"https:\/\/www.europesays.com\/fr\/wp-json\/wp\/v2\/types\/post"}],"author":[{"embeddable":true,"href":"https:\/\/www.europesays.com\/fr\/wp-json\/wp\/v2\/users\/2"}],"replies":[{"embeddable":true,"href":"https:\/\/www.europesays.com\/fr\/wp-json\/wp\/v2\/comments?post=157041"}],"version-history":[{"count":0,"href":"https:\/\/www.europesays.com\/fr\/wp-json\/wp\/v2\/posts\/157041\/revisions"}],"wp:featuredmedia":[{"embeddable":true,"href":"https:\/\/www.europesays.com\/fr\/wp-json\/wp\/v2\/media\/157042"}],"wp:attachment":[{"href":"https:\/\/www.europesays.com\/fr\/wp-json\/wp\/v2\/media?parent=157041"}],"wp:term":[{"taxonomy":"category","embeddable":true,"href":"https:\/\/www.europesays.com\/fr\/wp-json\/wp\/v2\/categories?post=157041"},{"taxonomy":"post_tag","embeddable":true,"href":"https:\/\/www.europesays.com\/fr\/wp-json\/wp\/v2\/tags?post=157041"}],"curies":[{"name":"wp","href":"https:\/\/api.w.org\/{rel}","templated":true}]}}