{"id":157043,"date":"2025-06-06T17:38:12","date_gmt":"2025-06-06T17:38:12","guid":{"rendered":"https:\/\/www.europesays.com\/fr\/157043\/"},"modified":"2025-06-06T17:38:12","modified_gmt":"2025-06-06T17:38:12","slug":"donald-trump-risque-t-il-vraiment-un-impeachment","status":"publish","type":"post","link":"https:\/\/www.europesays.com\/fr\/157043\/","title":{"rendered":"Donald Trump risque-t-il vraiment un impeachment ?"},"content":{"rendered":"<p>Dans une guerre ouverte avec le pr\u00e9sident des \u00c9tats-Unis depuis son d\u00e9part du gouvernement, Elon Musk menace de faire \u00ab\u00e9clater la v\u00e9rit\u00e9\u00bb sur son implication dans le scandale sexuel li\u00e9 au milliardaire am\u00e9ricain Jeffrey Epstein.<\/p>\n<p class=\"fig-paragraph\">Donald Trump pourrait-il battre son propre record, en devenant le premier pr\u00e9sident am\u00e9ricain vis\u00e9 par trois proc\u00e9dures d\u2019impeachment\u00a0? Les paris sont ouverts\u00a0: jeudi 5 juin dans la soir\u00e9e,\u00a0<a href=\"http:\/\/www.lefigaro.fr\/international\/etats-unis-musk-rallume-la-theorie-des-liens-entre-trump-et-le-delinquant-sexuel-epstein-20250606\" target=\"_blank\" data-fig-type=\"NewsFlash\" rel=\"noopener nofollow\" data-gtm-custom-categorie=\"navigation\" data-gtm-custom-action=\"crossclick\" data-gtm-custom-label=\"Contextuel\" data-gtm-event=\"customEventSPE\" data-fig-domain=\"LEFIGARO\">le milliardaire am\u00e9ricain Elon Musk<\/a>, nouveau pire ennemi du pr\u00e9sident am\u00e9ricain depuis son d\u00e9part du d\u00e9partement pour l\u2019efficacit\u00e9 gouvernementale (DOGE), s\u2019est prononc\u00e9 pour. Selon le patron de Tesla et Space X, la potentielle implication de Donald Trump dans le\u00a0<a href=\"http:\/\/www.lefigaro.fr\/international\/dossier\/affaire-jeffrey-epstein-millionnaire\" target=\"_blank\" data-fig-type=\"Topic\" rel=\"noopener nofollow\" data-gtm-custom-categorie=\"navigation\" data-gtm-custom-action=\"crossclick\" data-gtm-custom-label=\"Contextuel\" data-gtm-event=\"customEventSPE\" data-fig-domain=\"LEFIGARO\">scandale sexuel li\u00e9 \u00e0 Jeffrey Epstein<\/a>, accus\u00e9 d\u2019avoir organis\u00e9 un tentaculaire r\u00e9seau d\u2019exploitation de mineures pour les livrer \u00e0 des personnalit\u00e9s fortun\u00e9es \u00e0 partir des ann\u00e9es 2000 et pendant pr\u00e8s de 20 ans, le justifierait. \u00abC\u2019est le moment de l\u00e2cher la bombe\u00a0: Donald Trump figure dans les \u00ab\u00a0dossiers Epstein\u00a0\u00bb. C\u2019est la v\u00e9ritable raison pour laquelle ils n\u2019ont pas \u00e9t\u00e9 rendus publics. Retenez ce post pour le futur, la v\u00e9rit\u00e9 \u00e9clatera\u00bb, s\u2019est fendu Elon Musk dans un post publi\u00e9 sur son r\u00e9seau social X (ex-Twitter).<\/p>\n<p class=\"fig-paragraph\">Incarc\u00e9r\u00e9 \u00e0\u2026<\/p>\n<p class=\"fig-premium-paywall__infos\">\n        Cet article est r\u00e9serv\u00e9 aux abonn\u00e9s.        Il vous reste 84% \u00e0 d\u00e9couvrir.\n    <\/p>\n<p>                <img  data- alt=\"Le Figaro\" class=\"fig-img--complete fig-img\"\/><\/p>\n<p class=\"fig-premium-paywall__title\">Vente Flash<\/p>\n<p class=\"fig-premium-paywall__subtitle\">3,99\u20ac par mois pendant 12 mois. Sans engagement.<\/p>\n<p class=\"fig-premium-paywall__connect\">\n                D\u00e9j\u00e0 abonn\u00e9\u00a0?                <a class=\"fig-premium-paywall__connect-link\" href=\"https:\/\/connect.lefigaro.fr\/login?client=horizon_web&amp;type=main&amp;redirect_uri=https%3A%2F%2Fwww.lefigaro.fr%2Finternational%2Faffaire-jeffrey-epstein-donald-trump-risque-t-il-vraiment-un-impeachment-20250606\" data-js-gtm=\"{&quot;customCategorie&quot;: &quot;conversion&quot;, &quot;customAction&quot;: &quot;before_Landing_Connexion_paywall_auto&quot;, &quot;customLabel&quot;: &quot;bGVmaWdhcm8uZnJfXzFmMDQyZDRiLTkwMjktNjUzYy05Njg1LTZiNDUwYWE3YjQzMF9fQXJ0aWNsZQ==_Affaire Jeffrey Epstein\u00a0: Donald Trump risque-t-il vraiment un impeachment\u00a0?_11&quot;, &quot;customIDSPE&quot;: &quot;bGVmaWdhcm8uZnJfXzFmMDQyZDRiLTkwMjktNjUzYy05Njg1LTZiNDUwYWE3YjQzMF9fQXJ0aWNsZQ==&quot;, &quot;event&quot;: &quot;customEventSPE&quot;}\" rel=\"nofollow noopener\" target=\"_blank\"><br \/>\n                    Connectez-vous<br \/>\n                <\/a>\n            <\/p>\n","protected":false},"excerpt":{"rendered":"Dans une guerre ouverte avec le pr\u00e9sident des \u00c9tats-Unis depuis son d\u00e9part du gouvernement, Elon Musk menace de&hellip;\n","protected":false},"author":2,"featured_media":157044,"comment_status":"","ping_status":"","sticky":false,"template":"","format":"standard","meta":{"footnotes":""},"categories":[6],"tags":[259,260,35,75,33,34,46,1011,27,14,28790,261,262],"class_list":{"0":"post-157043","1":"post","2":"type-post","3":"status-publish","4":"format-standard","5":"has-post-thumbnail","7":"category-economie","8":"tag-actualite-internationale","9":"tag-affaires-etrangeres","10":"tag-business","11":"tag-donald-trump","12":"tag-economie","13":"tag-economy","14":"tag-elon-musk","15":"tag-fr","16":"tag-france","17":"tag-international","18":"tag-jeffrey-epstein","19":"tag-ministere-des-affaires-etrangeres","20":"tag-politique-etrangere"},"share_on_mastodon":{"url":"https:\/\/pubeurope.com\/@fr\/114637642350603219","error":""},"_links":{"self":[{"href":"https:\/\/www.europesays.com\/fr\/wp-json\/wp\/v2\/posts\/157043","targetHints":{"allow":["GET"]}}],"collection":[{"href":"https:\/\/www.europesays.com\/fr\/wp-json\/wp\/v2\/posts"}],"about":[{"href":"https:\/\/www.europesays.com\/fr\/wp-json\/wp\/v2\/types\/post"}],"author":[{"embeddable":true,"href":"https:\/\/www.europesays.com\/fr\/wp-json\/wp\/v2\/users\/2"}],"replies":[{"embeddable":true,"href":"https:\/\/www.europesays.com\/fr\/wp-json\/wp\/v2\/comments?post=157043"}],"version-history":[{"count":0,"href":"https:\/\/www.europesays.com\/fr\/wp-json\/wp\/v2\/posts\/157043\/revisions"}],"wp:featuredmedia":[{"embeddable":true,"href":"https:\/\/www.europesays.com\/fr\/wp-json\/wp\/v2\/media\/157044"}],"wp:attachment":[{"href":"https:\/\/www.europesays.com\/fr\/wp-json\/wp\/v2\/media?parent=157043"}],"wp:term":[{"taxonomy":"category","embeddable":true,"href":"https:\/\/www.europesays.com\/fr\/wp-json\/wp\/v2\/categories?post=157043"},{"taxonomy":"post_tag","embeddable":true,"href":"https:\/\/www.europesays.com\/fr\/wp-json\/wp\/v2\/tags?post=157043"}],"curies":[{"name":"wp","href":"https:\/\/api.w.org\/{rel}","templated":true}]}}