{"id":157047,"date":"2025-06-06T17:40:14","date_gmt":"2025-06-06T17:40:14","guid":{"rendered":"https:\/\/www.europesays.com\/fr\/157047\/"},"modified":"2025-06-06T17:40:14","modified_gmt":"2025-06-06T17:40:14","slug":"a-neuilly-sur-seine-un-rabbin-agresse-dans-un-cafe-une-semaine-apres-avoir-ete-attaque-a-deauville","status":"publish","type":"post","link":"https:\/\/www.europesays.com\/fr\/157047\/","title":{"rendered":"\u00c0 Neuilly-sur-Seine, un rabbin agress\u00e9 dans un caf\u00e9, une semaine apr\u00e8s avoir \u00e9t\u00e9 attaqu\u00e9 \u00e0 Deauville"},"content":{"rendered":"<p>        <img decoding=\"async\" loading=\"lazy\" src=\"https:\/\/www.europesays.com\/fr\/wp-content\/uploads\/2025\/06\/df12e72_sirius-fs-upload-1-1cazzucn3bke-1749221117957-screenshot-2025-06-06-16-45-08.png\"  width=\"728\" height=\"410\" alt=\"Le rabbin Elie Lemmel a \u00e9t\u00e9 agress\u00e9 \u00e0 Neuilly-sur-Seine alors qu\u2019il se trouvait \u00e0 un caf\u00e9 de la place du march\u00e9 (ici en mai 2018).\"\/>  <\/p>\n<p>Capture d\u2019\u00e9cran (Google Street View)<\/p>\n<p>Le rabbin Elie Lemmel a \u00e9t\u00e9 agress\u00e9 \u00e0 Neuilly-sur-Seine alors qu\u2019il se trouvait \u00e0 un caf\u00e9 de la place du march\u00e9 (ici en mai 2018).<\/p>\n<p class=\"asset asset-text\">FAIT DIVERS &#8211; Il a subi deux agressions en une semaine. Le <a href=\"https:\/\/www.huffingtonpost.fr\/international\/article\/guerre-a-gaza-la-rabbin-delphine-horvilleur-appelle-a-ne-plus-se-taire-face-a-la-deroute-politique-d-israel_249823.html\" rel=\"nofollow noopener\" target=\"_blank\">rabbin<\/a> Elie Lemmel, qui avait \u00e9t\u00e9 attaqu\u00e9 par plusieurs individus \u00e0 <a href=\"https:\/\/www.huffingtonpost.fr\/justice\/article\/deauville-l-homme-arrete-apres-la-mort-du-jeune-couple-pres-mis-en-examen_245467.html\" rel=\"nofollow noopener\" target=\"_blank\">Deauville<\/a> la semaine derni\u00e8re, a de nouveau \u00e9t\u00e9 violent\u00e9 ce vendredi 6\u00a0juin \u00e0 Neuilly-sur-Seine. Selon une source polici\u00e8re cit\u00e9e par l\u2019AFP, le religieux de 63\u00a0ans \u00e9tait assis \u00e0 la terrasse d\u2019un caf\u00e9 quand un homme lui a jet\u00e9 une chaise au visage. La victime, qui pr\u00e9sente une plaie au front, a \u00e9t\u00e9 prise en charge et transport\u00e9e pour des soins.<\/p>\n<p class=\"asset asset-text\">L\u2019agresseur a \u00e9t\u00e9 interpell\u00e9 et plac\u00e9 en garde \u00e0 vue. D\u2019apr\u00e8s <a href=\"https:\/\/www.leparisien.fr\/hauts-de-seine-92\/neuilly-sur-seine-92200\/un-rabbin-agresse-a-coups-de-chaise-sur-la-place-du-marche-a-neuilly-sur-seine-06-06-2025-J4RL3SWZAJA4LANHJMSWCMYPSI.php\" target=\"_blank\" rel=\"noopener nofollow\" title=\"Nouvelle fen\u00eatre\">Le Parisien<\/a>, il a \u00e9t\u00e9 ma\u00eetris\u00e9 par la police municipale, pr\u00e9sente pour s\u00e9curiser le march\u00e9 qui prenait place \u00e0 c\u00f4t\u00e9 du caf\u00e9. Le maire de Neuilly Jean-Christophe Fromantin, qui dit s\u2019\u00eatre rendu \u00ab\u00a0imm\u00e9diatement\u00a0\u00bb sur place, a adress\u00e9 ses \u00ab\u00a0v\u0153ux de rapide r\u00e9tablissement au Rabbin\u00a0\u00bb dans un communiqu\u00e9 sur X, condamnant les \u00ab\u00a0actes antis\u00e9mites\u00a0\u00bb et appelant \u00e0 \u00ab\u00a0une r\u00e9ponse ferme\u00a0\u00bb.<\/p>\n<p class=\"asset asset-text\">L\u2019\u00e9dile de droite et une source cit\u00e9e par Le Parisien indiquent que le suspect d\u2019origine palestinienne. D\u2019apr\u00e8s le journal francilien, l\u2019enqu\u00eate a \u00e9t\u00e9 confi\u00e9e au SAIP (Service d\u2019Accueil et d\u2019Investigation de Proximit\u00e9) de Neuilly.<\/p>\n<p>    Le Crif d\u00e9nonce \u00ab\u00a0la stigmatisation des Juifs\u00a0\u00bb    <\/p>\n<p class=\"asset asset-text\">Sur le r\u00e9seau social X, le Conseil repr\u00e9sentatif des institutions juives de France (Crif) a dit condamner \u00ab\u00a0avec la plus grande fermet\u00e9 l\u2019agression antis\u00e9mite dont a \u00e9t\u00e9 victime\u00a0\u00bb le rabbin. \u00ab\u00a0Dans un contexte g\u00e9n\u00e9ral o\u00f9 la haine d\u2019Isra\u00ebl nourrit chaque jour la stigmatisation des Juifs, cette agression est une illustration suppl\u00e9mentaire du climat d\u00e9l\u00e9t\u00e8re qui vise les Fran\u00e7ais juifs\u00a0\u00bb a ajout\u00e9 le Crif.<\/p>\n<p class=\"asset asset-text\">Le rabbin a aussi re\u00e7u le soutien de la ministre d\u00e9l\u00e9gu\u00e9e charg\u00e9e de la Lutte contre les discriminations, Aurore Berg\u00e9, qui a d\u00e9nonc\u00e9 son agression \u00ab\u00a0en pleine rue\u00a0\u00bb dans un message sur X. \u00ab\u00a0Antis\u00e9mitisme, racisme\u00a0: la haine ne varie que dans ses cibles\u00a0\u00bb, a-t-elle \u00e9crit, affirmant que la R\u00e9publique \u00ab\u00a0les condamne\u00a0\u00bb et \u00ab\u00a0les combat toutes, avec la m\u00eame d\u00e9termination\u00a0\u00bb.<\/p>\n<p class=\"asset asset-text\">La pr\u00e9sidente de la r\u00e9gion \u00cele-de-France, Val\u00e9rie P\u00e9cresse, s\u2019est dite \u00ab\u00a0sous le choc\u00a0\u00bb face \u00e0 cette \u00ab\u00a0agression antis\u00e9mite honteuse\u00a0\u00bb dans une publication sur les r\u00e9seaux sociaux, appelant \u00e0 ce que le coupable soit \u00ab\u00a0tr\u00e8s s\u00e9v\u00e8rement puni\u00a0\u00bb. De son c\u00f4t\u00e9, la d\u00e9put\u00e9e Renaissance de la circonscription de Neuilly, Constance Le\u00a0Grip, a adress\u00e9 \u00ab\u00a0tout [son] soutien et toute [sa] solidarit\u00e9 au rabbin Elie Lemmel\u00a0\u00bb, dans un message sur X, o\u00f9 elle appelle \u00e0 un \u00ab\u00a0sursaut de tous contre ce poison de l\u2019antis\u00e9mitisme\u00a0\u00bb, rappelant que le religieux avait \u00ab\u00a0d\u00e9j\u00e0 subi une agression ailleurs il y a plusieurs jours\u00a0\u00bb.<\/p>\n<p class=\"asset asset-text\">D\u2019apr\u00e8s des informations de <a href=\"https:\/\/www.ouest-france.fr\/societe\/faits-divers\/info-ouest-france-un-rabbin-a-ete-agresse-dans-le-centre-ville-de-deauville-5a5268d6-405a-11f0-b704-f7b46f41b8ae\" target=\"_blank\" rel=\"noopener nofollow\" title=\"Nouvelle fen\u00eatre\">Ouest-France<\/a>\u00a0confirm\u00e9es par <a href=\"https:\/\/www.bfmtv.com\/normandie\/deauville-un-rabbin-agresse-en-pleine-rue-trois-personnes-recherchees_AN-202506030436.html\" target=\"_blank\" rel=\"noopener nofollow\" title=\"Nouvelle fen\u00eatre\">BFM Normandie<\/a>, Elie Lemmel a \u00e9t\u00e9 pris \u00e0 partie et frapp\u00e9 au ventre par trois individus alcoolis\u00e9s le vendredi 30\u00a0mai dans l\u2019apr\u00e8s-midi \u00e0 Deauville. Le religieux, l\u00e9g\u00e8rement bless\u00e9, portait une kippa au moment des faits et a indiqu\u00e9 que ses agresseurs lui ont parl\u00e9 dans une langue qu\u2019il ne comprenait pas. \u00ab\u00a0Il semble que ce soit une langue des pays de l\u2019Est\u00a0\u00bb, a indiqu\u00e9 le commissariat de Deauville \u00e0 Ouest-France. Les individus n\u2019ont pas \u00e9t\u00e9 retrouv\u00e9s.<\/p>\n","protected":false},"excerpt":{"rendered":"Capture d\u2019\u00e9cran (Google Street View) Le rabbin Elie Lemmel a \u00e9t\u00e9 agress\u00e9 \u00e0 Neuilly-sur-Seine alors qu\u2019il se trouvait&hellip;\n","protected":false},"author":2,"featured_media":157048,"comment_status":"","ping_status":"","sticky":false,"template":"","format":"standard","meta":{"footnotes":""},"categories":[4],"tags":[11,6155,118,1011,27,12,25],"class_list":{"0":"post-157047","1":"post","2":"type-post","3":"status-publish","4":"format-standard","5":"has-post-thumbnail","7":"category-france","8":"tag-actualites","9":"tag-antisemitisme","10":"tag-faits-divers","11":"tag-fr","12":"tag-france","13":"tag-news","14":"tag-republique-francaise"},"share_on_mastodon":{"url":"https:\/\/pubeurope.com\/@fr\/114637650455325999","error":""},"_links":{"self":[{"href":"https:\/\/www.europesays.com\/fr\/wp-json\/wp\/v2\/posts\/157047","targetHints":{"allow":["GET"]}}],"collection":[{"href":"https:\/\/www.europesays.com\/fr\/wp-json\/wp\/v2\/posts"}],"about":[{"href":"https:\/\/www.europesays.com\/fr\/wp-json\/wp\/v2\/types\/post"}],"author":[{"embeddable":true,"href":"https:\/\/www.europesays.com\/fr\/wp-json\/wp\/v2\/users\/2"}],"replies":[{"embeddable":true,"href":"https:\/\/www.europesays.com\/fr\/wp-json\/wp\/v2\/comments?post=157047"}],"version-history":[{"count":0,"href":"https:\/\/www.europesays.com\/fr\/wp-json\/wp\/v2\/posts\/157047\/revisions"}],"wp:featuredmedia":[{"embeddable":true,"href":"https:\/\/www.europesays.com\/fr\/wp-json\/wp\/v2\/media\/157048"}],"wp:attachment":[{"href":"https:\/\/www.europesays.com\/fr\/wp-json\/wp\/v2\/media?parent=157047"}],"wp:term":[{"taxonomy":"category","embeddable":true,"href":"https:\/\/www.europesays.com\/fr\/wp-json\/wp\/v2\/categories?post=157047"},{"taxonomy":"post_tag","embeddable":true,"href":"https:\/\/www.europesays.com\/fr\/wp-json\/wp\/v2\/tags?post=157047"}],"curies":[{"name":"wp","href":"https:\/\/api.w.org\/{rel}","templated":true}]}}