{"id":15705,"date":"2025-04-10T19:28:16","date_gmt":"2025-04-10T19:28:16","guid":{"rendered":"https:\/\/www.europesays.com\/fr\/15705\/"},"modified":"2025-04-10T19:28:16","modified_gmt":"2025-04-10T19:28:16","slug":"diabete-gestationnel-un-facteur-de-risque-pour-lautisme-et-le-tdah","status":"publish","type":"post","link":"https:\/\/www.europesays.com\/fr\/15705\/","title":{"rendered":"Diab\u00e8te gestationnel : un facteur de risque pour l\u2019autisme et le TDAH ?"},"content":{"rendered":"<p>             <a href=\"https:\/\/ma-sante.news\/wp-content\/uploads\/2025\/04\/femme-enceinte-diabete-gestationnel-peur-ma-sante-risque-tdah-autisme.jpg\" data-caption=\"Selon Ameli, la pr\u00e9valence du diab\u00e8te gestationnel augmente depuis plusieurs ann\u00e9es, du fait de la hausse des facteurs de risque chez la m\u00e8re. \u00a9 Senivpetro \/ Freepik\" target=\"_blank\" rel=\"noopener\"><img loading=\"lazy\" decoding=\"async\" width=\"696\" height=\"464\" class=\"entry-thumb td-modal-image\" src=\"data:image\/svg+xml,%3Csvg%20xmlns=\" http:=\"\" data-lazy- data-lazy- alt=\"Une femme enceinte inqui\u00e8te de son diab\u00e8te gestationnel.\" title=\"femme enceinte diabe\u0300te gestationnel peur ma sante risque tdah autisme\" data-lazy-src=\"https:\/\/www.europesays.com\/fr\/wp-content\/uploads\/2025\/04\/femme-enceinte-diabete-gestationnel-peur-ma-sante-risque-tdah-autisme-696x464.jpg\"\/><\/a>Selon Ameli, la pr\u00e9valence du diab\u00e8te gestationnel augmente depuis plusieurs ann\u00e9es, du fait de la hausse des facteurs de risque chez la m\u00e8re. \u00a9 Senivpetro \/ Freepik                                    \t\t\t             <a class=\"gofollow\" data-track=\"MjgsMCwxLDYw\" href=\"https:\/\/ma-sante.news\/inscrivez-vous-a-notre-newsletter\/\" target=\"_blank\" rel=\"noopener\"><img loading=\"lazy\" decoding=\"async\" width=\"1068\" height=\"131\" src=\"data:image\/svg+xml,%3Csvg%20xmlns=\" http:=\"\" data-lazy-src=\"https:\/\/www.europesays.com\/fr\/wp-content\/uploads\/2025\/03\/banniere-newsletter.png\"\/><\/a> <\/p>\n<p>En France, le diab\u00e8te touche environ 5 % des femmes enceintes, principalement sous forme de diab\u00e8te gestationnel, <a href=\"https:\/\/ma-sante.news\/diabete-gestationnel-quels-sont-les-risques-et-les-traitements\/\" target=\"_blank\" rel=\"noopener\">une forme de diab\u00e8te qui survient au cours de la grossesse<\/a>. Si ce trouble est g\u00e9n\u00e9ralement bien pris en charge, ses r\u00e9percussions sur le d\u00e9veloppement du f\u0153tus font l\u2019objet d\u2019une attention croissante. <\/p>\n<p>Des \u00e9tudes r\u00e9centes pointent un lien potentiel entre la pr\u00e9sence de diab\u00e8te chez la m\u00e8re et une augmentation du risque de <a href=\"https:\/\/ma-sante.news\/autisme-signes-alerter\/\" target=\"_blank\" rel=\"noopener\">troubles du spectre de l\u2019autisme<\/a> (TSA) et du <a href=\"https:\/\/ma-sante.news\/tda-h-temoignage-comment-detecter-une-hyperactivite\/\" target=\"_blank\" rel=\"noopener\">trouble d\u00e9ficitaire de l\u2019attention avec ou sans hyperactivit\u00e9<\/a> (TDAH) chez l\u2019enfant.<\/p>\n<p>Ces pathologies neurod\u00e9veloppementales, dont <a href=\"https:\/\/ma-sante.news\/etre-tdah-augmente-t-il-le-risque-de-demence\/\" target=\"_blank\" rel=\"noopener\">la pr\u00e9valence est en hausse constante<\/a>, suscitent l\u2019inqui\u00e9tude tant chez les professionnels de sant\u00e9 que chez les futurs parents. <\/p>\n<p>        Diab\u00e8te gestationnel et autisme : un lien \u00e9tabli par plusieurs \u00e9tudes    <\/p>\n<p>Une \u00e9tude parue en 2024 dans la revue JAMA Network Open, men\u00e9e sur pr\u00e8s de 900 000 naissances en Su\u00e8de, a r\u00e9v\u00e9l\u00e9 que les enfants n\u00e9s de m\u00e8res souffrant de diab\u00e8te gestationnel ou de type 2 avaient un risque accru de d\u00e9velopper des troubles du spectre autistique. Les chercheurs ont constat\u00e9 une augmentation de 22 % du risque d\u2019autisme chez ces enfants comparativement \u00e0 ceux n\u00e9s de m\u00e8res sans diab\u00e8te.<\/p>\n<p>Ce r\u00e9sultat est coh\u00e9rent avec d\u2019autres \u00e9tudes men\u00e9es pr\u00e9c\u00e9demment, notamment aux \u00c9tats-Unis, qui avaient d\u00e9j\u00e0 montr\u00e9 un lien entre l\u2019hyperglyc\u00e9mie maternelle et des alt\u00e9rations du d\u00e9veloppement c\u00e9r\u00e9bral f\u0153tal. Une explication avanc\u00e9e repose sur le stress oxydatif et l\u2019inflammation chronique associ\u00e9s au diab\u00e8te, qui peuvent perturber le d\u00e9veloppement neuronal d\u00e8s les premi\u00e8res semaines de gestation.<\/p>\n<p>En France, la Haute Autorit\u00e9 de Sant\u00e9 (HAS) rappelle dans ses recommandations de 2022 l\u2019importance du d\u00e9pistage du diab\u00e8te gestationnel entre la 24e et la 28e semaine de grossesse, soulignant l\u2019impact potentiel sur la sant\u00e9 \u00e0 long terme de l\u2019enfant.<\/p>\n<p>        TDAH et diab\u00e8te maternel : des liens \u00e9galement mis en \u00e9vidence    <\/p>\n<p>Outre l\u2019autisme, le TDAH \u2014 trouble de l\u2019attention avec ou sans hyperactivit\u00e9 \u2014 semble \u00e9galement \u00eatre plus fr\u00e9quent chez les enfants n\u00e9s de m\u00e8res diab\u00e9tiques. Une m\u00e9ta-analyse parue en 2023 dans le Journal of Affective Disorders, portant sur plus de 15 \u00e9tudes internationales, a conclu que le risque de TDAH \u00e9tait augment\u00e9 de 30 \u00e0 40 % chez ces enfants.<\/p>\n<p>Le m\u00e9canisme exact reste \u00e0 pr\u00e9ciser, mais des chercheurs avancent que les pics glyc\u00e9miques, les d\u00e9s\u00e9quilibres hormonaux et la mauvaise oxyg\u00e9nation placentaire pourraient impacter la maturation du cortex pr\u00e9frontal, zone cl\u00e9 dans la r\u00e9gulation de l\u2019attention et des impulsions.<\/p>\n<p>En Allemagne, une \u00e9tude longitudinale men\u00e9e sur plus de 3 000 enfants entre 2010 et 2020 a montr\u00e9 que les gar\u00e7ons \u00e9taient particuli\u00e8rement vuln\u00e9rables \u00e0 ce risque accru, ce qui corrobore des observations fran\u00e7aises selon lesquelles les troubles du comportement li\u00e9s \u00e0 un d\u00e9ficit attentionnel sont plus souvent diagnostiqu\u00e9s chez les gar\u00e7ons.<\/p>\n<p>        Des facteurs de risque cumul\u00e9s et une vigilance indispensable    <\/p>\n<p>Le diab\u00e8te n\u2019est pas le seul facteur de risque identifi\u00e9. L\u2019ob\u00e9sit\u00e9 maternelle, les carences nutritionnelles, le stress chronique ou encore l\u2019exposition \u00e0 certaines substances pendant la grossesse peuvent renforcer le terrain inflammatoire et fragiliser le d\u00e9veloppement c\u00e9r\u00e9bral du f\u0153tus.<\/p>\n<p>Cependant, le diab\u00e8te repr\u00e9sente un facteur modifiable, ce qui en fait une cible prioritaire pour la pr\u00e9vention. Une prise en charge rigoureuse, incluant un suivi glyc\u00e9mique \u00e9troit, une alimentation adapt\u00e9e et une activit\u00e9 physique mod\u00e9r\u00e9e, permet de r\u00e9duire significativement les complications obst\u00e9tricales et n\u00e9onatales.<\/p>\n<p>Les professionnels de sant\u00e9 soulignent aussi l\u2019importance du suivi post-natal, tant pour la m\u00e8re \u2014 qui pr\u00e9sente un risque accru de diab\u00e8te de type 2 apr\u00e8s l\u2019accouchement \u2014 que pour l\u2019enfant, chez qui un d\u00e9pistage pr\u00e9coce de troubles neurod\u00e9veloppementaux peut permettre une meilleure prise en charge.<\/p>\n<p>        Vers une meilleure pr\u00e9vention et une prise de conscience collective    <\/p>\n<p>La Direction g\u00e9n\u00e9rale de la sant\u00e9 (DGS) et Sant\u00e9 publique France insistent depuis plusieurs ann\u00e9es sur la n\u00e9cessit\u00e9 de sensibiliser les femmes en \u00e2ge de procr\u00e9er aux risques li\u00e9s \u00e0 une grossesse compliqu\u00e9e par le diab\u00e8te. Des campagnes de pr\u00e9vention cibl\u00e9es, notamment dans les maternit\u00e9s et les cabinets de m\u00e9decine g\u00e9n\u00e9rale, sont r\u00e9guli\u00e8rement men\u00e9es pour favoriser un diagnostic pr\u00e9coce et un accompagnement personnalis\u00e9.<\/p>\n<p>\u00c0 ce jour, aucune mesure syst\u00e9matique de d\u00e9pistage des troubles du neurod\u00e9veloppement chez les enfants de m\u00e8res diab\u00e9tiques n\u2019est recommand\u00e9e. Toutefois, des initiatives locales \u00e9mergent, comme dans certains CHU fran\u00e7ais qui proposent des \u00e9valuations pr\u00e9coces dans les trois premi\u00e8res ann\u00e9es de vie.<\/p>\n<p>Si les r\u00e9sultats des \u00e9tudes doivent encore \u00eatre affin\u00e9s pour mieux comprendre l\u2019impact des diff\u00e9rents types de diab\u00e8te (gestationnel, type 1, type 2), les donn\u00e9es disponibles plaident pour une vigilance accrue et une meilleure information des futurs parents.<\/p>\n<blockquote class=\"wp-block-quote is-layout-flow wp-block-quote-is-layout-flow\">\n<p><strong>\u00c0 SAVOIR<\/strong><\/p>\n<p>Le diab\u00e8te gestationnel survient uniquement pendant la grossesse, g\u00e9n\u00e9ralement entre la 24e et la 28e semaine, et dispara\u00eet apr\u00e8s l\u2019accouchement. Il r\u00e9sulte d\u2019une r\u00e9sistance \u00e0 l\u2019insuline due aux hormones de grossesse. \u00c0 l\u2019inverse, le diab\u00e8te de type 1 est une maladie auto-immune chronique, souvent diagnostiqu\u00e9e chez les jeunes, et le type 2 est li\u00e9 \u00e0 l\u2019\u00e2ge, au surpoids et \u00e0 un mode de vie s\u00e9dentaire. Ces deux derniers persistent toute la vie.<\/p>\n<\/blockquote>\n<p>  <a class=\"gofollow\" data-track=\"MTIsMCwxLDYw\" href=\"https:\/\/ma-sante.news\/annonceurs\/\" target=\"_blank\" rel=\"noopener\"><img loading=\"lazy\" decoding=\"async\" width=\"2560\" height=\"2133\" src=\"data:image\/svg+xml,%3Csvg%20xmlns=\" http:=\"\" data-lazy-src=\"https:\/\/www.europesays.com\/fr\/wp-content\/uploads\/2025\/03\/pub-annonceurs-4-scaled.jpg\"\/><\/a>    <img loading=\"lazy\" decoding=\"async\" width=\"755\" height=\"495\" src=\"data:image\/svg+xml,%3Csvg%20xmlns=\" http:=\"\" data-lazy-src=\"https:\/\/www.europesays.com\/fr\/wp-content\/uploads\/2025\/03\/Image1.jpg\"\/>Inscrivez-vous \u00e0 notre newsletter <br \/>Ma Sant\u00e9                      <\/p>\n","protected":false},"excerpt":{"rendered":"Selon Ameli, la pr\u00e9valence du diab\u00e8te gestationnel augmente depuis plusieurs ann\u00e9es, du fait de la hausse des facteurs&hellip;\n","protected":false},"author":2,"featured_media":15706,"comment_status":"","ping_status":"","sticky":false,"template":"","format":"standard","meta":{"footnotes":""},"categories":[10],"tags":[6575,1011,27,72,6576,71],"class_list":{"0":"post-15705","1":"post","2":"type-post","3":"status-publish","4":"format-standard","5":"has-post-thumbnail","7":"category-sante","8":"tag-diabu00e8te","9":"tag-fr","10":"tag-france","11":"tag-health","12":"tag-hyperactivitu00e9","13":"tag-sante"},"share_on_mastodon":{"url":"https:\/\/pubeurope.com\/@fr\/114315323167878947","error":""},"_links":{"self":[{"href":"https:\/\/www.europesays.com\/fr\/wp-json\/wp\/v2\/posts\/15705","targetHints":{"allow":["GET"]}}],"collection":[{"href":"https:\/\/www.europesays.com\/fr\/wp-json\/wp\/v2\/posts"}],"about":[{"href":"https:\/\/www.europesays.com\/fr\/wp-json\/wp\/v2\/types\/post"}],"author":[{"embeddable":true,"href":"https:\/\/www.europesays.com\/fr\/wp-json\/wp\/v2\/users\/2"}],"replies":[{"embeddable":true,"href":"https:\/\/www.europesays.com\/fr\/wp-json\/wp\/v2\/comments?post=15705"}],"version-history":[{"count":0,"href":"https:\/\/www.europesays.com\/fr\/wp-json\/wp\/v2\/posts\/15705\/revisions"}],"wp:featuredmedia":[{"embeddable":true,"href":"https:\/\/www.europesays.com\/fr\/wp-json\/wp\/v2\/media\/15706"}],"wp:attachment":[{"href":"https:\/\/www.europesays.com\/fr\/wp-json\/wp\/v2\/media?parent=15705"}],"wp:term":[{"taxonomy":"category","embeddable":true,"href":"https:\/\/www.europesays.com\/fr\/wp-json\/wp\/v2\/categories?post=15705"},{"taxonomy":"post_tag","embeddable":true,"href":"https:\/\/www.europesays.com\/fr\/wp-json\/wp\/v2\/tags?post=15705"}],"curies":[{"name":"wp","href":"https:\/\/api.w.org\/{rel}","templated":true}]}}