{"id":157051,"date":"2025-06-06T17:42:15","date_gmt":"2025-06-06T17:42:15","guid":{"rendered":"https:\/\/www.europesays.com\/fr\/157051\/"},"modified":"2025-06-06T17:42:15","modified_gmt":"2025-06-06T17:42:15","slug":"la-ricamarie-le-jeu-a-reuni-les-generations-a-la-recamiere","status":"publish","type":"post","link":"https:\/\/www.europesays.com\/fr\/157051\/","title":{"rendered":"La Ricamarie. Le jeu a r\u00e9uni les g\u00e9n\u00e9rations \u00e0 La R\u00e9cami\u00e8re"},"content":{"rendered":"<p>\u00c0 l\u2019invitation du Conseil municipal des enfants, une vingtaine de r\u00e9sidents du foyer r\u00e9sidence La R\u00e9cami\u00e8re se sont exerc\u00e9s \u00e0 des jeux d\u2019adresse, mercredi apr\u00e8s-midi, dans une ambiance chaleureuse qui n\u2019excluait pas une certaine comp\u00e9tition. Calins, Pitchounes, Beaux Gosses, Chats et Miraculous, cinq \u00e9quipes mixtes aux noms pittoresques choisis en commun se sont ainsi affront\u00e9es amicalement autour d\u2019un chamboule-tout, d\u2019un mini-basket et d\u2019une cible scratch. Un projet solidaire, anim\u00e9 par six jeunes \u00e9lus dynamiques et volontaires, qui a ravi les anciens jusqu\u2019\u00e0 heure du go\u00fbter partag\u00e9.<\/p>\n","protected":false},"excerpt":{"rendered":"\u00c0 l\u2019invitation du Conseil municipal des enfants, une vingtaine de r\u00e9sidents du foyer r\u00e9sidence La R\u00e9cami\u00e8re se sont&hellip;\n","protected":false},"author":2,"featured_media":157052,"comment_status":"","ping_status":"","sticky":false,"template":"","format":"standard","meta":{"footnotes":""},"categories":[9653],"tags":[1111,11,2430,1687,7539,1777,674,1011,27,11324,11325,12,25,4001],"class_list":{"0":"post-157051","1":"post","2":"type-post","3":"status-publish","4":"format-standard","5":"has-post-thumbnail","7":"category-saint-etienne","8":"tag-actu","9":"tag-actualites","10":"tag-auvergne-rhone-alpes","11":"tag-culture-loisirs","12":"tag-edition-loire-sud","13":"tag-eu","14":"tag-europe","15":"tag-fr","16":"tag-france","17":"tag-la-ricamarie","18":"tag-la-ricamarie-ville","19":"tag-news","20":"tag-republique-francaise","21":"tag-saint-etienne"},"share_on_mastodon":{"url":"https:\/\/pubeurope.com\/@fr\/114637658106090708","error":""},"_links":{"self":[{"href":"https:\/\/www.europesays.com\/fr\/wp-json\/wp\/v2\/posts\/157051","targetHints":{"allow":["GET"]}}],"collection":[{"href":"https:\/\/www.europesays.com\/fr\/wp-json\/wp\/v2\/posts"}],"about":[{"href":"https:\/\/www.europesays.com\/fr\/wp-json\/wp\/v2\/types\/post"}],"author":[{"embeddable":true,"href":"https:\/\/www.europesays.com\/fr\/wp-json\/wp\/v2\/users\/2"}],"replies":[{"embeddable":true,"href":"https:\/\/www.europesays.com\/fr\/wp-json\/wp\/v2\/comments?post=157051"}],"version-history":[{"count":0,"href":"https:\/\/www.europesays.com\/fr\/wp-json\/wp\/v2\/posts\/157051\/revisions"}],"wp:featuredmedia":[{"embeddable":true,"href":"https:\/\/www.europesays.com\/fr\/wp-json\/wp\/v2\/media\/157052"}],"wp:attachment":[{"href":"https:\/\/www.europesays.com\/fr\/wp-json\/wp\/v2\/media?parent=157051"}],"wp:term":[{"taxonomy":"category","embeddable":true,"href":"https:\/\/www.europesays.com\/fr\/wp-json\/wp\/v2\/categories?post=157051"},{"taxonomy":"post_tag","embeddable":true,"href":"https:\/\/www.europesays.com\/fr\/wp-json\/wp\/v2\/tags?post=157051"}],"curies":[{"name":"wp","href":"https:\/\/api.w.org\/{rel}","templated":true}]}}