{"id":157053,"date":"2025-06-06T17:43:28","date_gmt":"2025-06-06T17:43:28","guid":{"rendered":"https:\/\/www.europesays.com\/fr\/157053\/"},"modified":"2025-06-06T17:43:28","modified_gmt":"2025-06-06T17:43:28","slug":"saint-etienne-devenez-figurant-pour-la-campagne-de-communication-de-la-ville","status":"publish","type":"post","link":"https:\/\/www.europesays.com\/fr\/157053\/","title":{"rendered":"Saint-\u00c9tienne : devenez figurant pour la campagne de communication de la ville"},"content":{"rendered":"<p>Vous avez toujours r\u00eav\u00e9 d&rsquo;appara\u00eetre sur des panneaux d&rsquo;affichage de votre ville ? Ou encore d&rsquo;\u00eatre figurant sur un clip vid\u00e9o communal ? La Ville de Saint-\u00c9tienne va bient\u00f4t organiser sa future campagne de communication et vous pourriez faire partie de l&rsquo;aventure !<\/p>\n<p>Devenir figurant lors de la prochaine campagne de communication de la Ville de Saint-\u00c9tienne ? C&rsquo;est possible. La municipalit\u00e9 propose aux habitants de participer \u00e0 un <b>shooting photo et vid\u00e9o<\/b> en plein coeur du centre-ville.\u00a0<\/p>\n<p>Les photos et vid\u00e9os seront utilis\u00e9es dans une campagne d&rsquo;affichage et digitale visible <b>du 3 au 9 septembre prochain<\/b>.<\/p>\n<p>Les candidats doivent remplir un dossier<\/p>\n<p>Si vous \u00eates int\u00e9ress\u00e9, sachez qu&rsquo;il semble pr\u00e9f\u00e9rable d&rsquo;aimer le shopping.<\/p>\n<p>Un dossier est \u00e0 remplir <a class=\"url\" href=\"https:\/\/fr.surveymonkey.com\/r\/Casting2025?fbclid=IwY2xjawKv_7tleHRuA2FlbQIxMABicmlkETBQV0J5RkxHVlMxM1ptcmxHAR793Q4t9Q1RmTKYEXorhPBPqckZ2gsYKrGj2d5xqp_MeeSkK8uuHIkCZxFz_Q_aem_Uf7_Z_8i6kzTOmgDGGLKaA\" target=\"_blank\" rel=\"noopener\">ici<\/a>. Il vous sera notamment demand\u00e9 de joindre une photo et vos jours de disponibilit\u00e9s habituelles de 16h \u00e0 20h.<\/p>\n<p><\/p>\n","protected":false},"excerpt":{"rendered":"Vous avez toujours r\u00eav\u00e9 d&rsquo;appara\u00eetre sur des panneaux d&rsquo;affichage de votre ville ? Ou encore d&rsquo;\u00eatre figurant sur&hellip;\n","protected":false},"author":2,"featured_media":157054,"comment_status":"","ping_status":"","sticky":false,"template":"","format":"standard","meta":{"footnotes":""},"categories":[9653],"tags":[1111,11,2430,3226,536,1777,674,10467,1011,27,12,2189,25,4001,28791],"class_list":{"0":"post-157053","1":"post","2":"type-post","3":"status-publish","4":"format-standard","5":"has-post-thumbnail","7":"category-saint-etienne","8":"tag-actu","9":"tag-actualites","10":"tag-auvergne-rhone-alpes","11":"tag-campagne","12":"tag-communication","13":"tag-eu","14":"tag-europe","15":"tag-figurants","16":"tag-fr","17":"tag-france","18":"tag-news","19":"tag-photos","20":"tag-republique-francaise","21":"tag-saint-etienne","22":"tag-shooting"},"share_on_mastodon":{"url":"https:\/\/pubeurope.com\/@fr\/114637662287390354","error":""},"_links":{"self":[{"href":"https:\/\/www.europesays.com\/fr\/wp-json\/wp\/v2\/posts\/157053","targetHints":{"allow":["GET"]}}],"collection":[{"href":"https:\/\/www.europesays.com\/fr\/wp-json\/wp\/v2\/posts"}],"about":[{"href":"https:\/\/www.europesays.com\/fr\/wp-json\/wp\/v2\/types\/post"}],"author":[{"embeddable":true,"href":"https:\/\/www.europesays.com\/fr\/wp-json\/wp\/v2\/users\/2"}],"replies":[{"embeddable":true,"href":"https:\/\/www.europesays.com\/fr\/wp-json\/wp\/v2\/comments?post=157053"}],"version-history":[{"count":0,"href":"https:\/\/www.europesays.com\/fr\/wp-json\/wp\/v2\/posts\/157053\/revisions"}],"wp:featuredmedia":[{"embeddable":true,"href":"https:\/\/www.europesays.com\/fr\/wp-json\/wp\/v2\/media\/157054"}],"wp:attachment":[{"href":"https:\/\/www.europesays.com\/fr\/wp-json\/wp\/v2\/media?parent=157053"}],"wp:term":[{"taxonomy":"category","embeddable":true,"href":"https:\/\/www.europesays.com\/fr\/wp-json\/wp\/v2\/categories?post=157053"},{"taxonomy":"post_tag","embeddable":true,"href":"https:\/\/www.europesays.com\/fr\/wp-json\/wp\/v2\/tags?post=157053"}],"curies":[{"name":"wp","href":"https:\/\/api.w.org\/{rel}","templated":true}]}}