{"id":157065,"date":"2025-06-06T17:49:08","date_gmt":"2025-06-06T17:49:08","guid":{"rendered":"https:\/\/www.europesays.com\/fr\/157065\/"},"modified":"2025-06-06T17:49:08","modified_gmt":"2025-06-06T17:49:08","slug":"le-handifest-veut-rendre-visibles-les-cultures-handies","status":"publish","type":"post","link":"https:\/\/www.europesays.com\/fr\/157065\/","title":{"rendered":"le HandiFest veut \u00ab\u00a0rendre visibles les cultures handies\u00a0\u00bb"},"content":{"rendered":"<p>            Par<br \/>\n        <strong><br \/>\n            <a href=\"https:\/\/actu.fr\/auteur\/lea-pippinato\" title=\"Consulter tous les articles de L\u00e9a Pippinato\" rel=\"nofollow noopener\" target=\"_blank\">L\u00e9a Pippinato<\/a><br \/>\n        <\/strong><\/p>\n<p>        Publi\u00e9 le<\/p>\n<p>            6 juin 2025 \u00e0 19h34        <\/p>\n<p>Au d\u00e9part, il s\u2019agissait d\u2019un journ\u00e9e flash tattoo. Un an plus tard, c\u2019est un festival de douze heures, des spectacles traduits en LSF (langue des signes fran\u00e7aise), une expo, des ateliers sexo et une piste de danse inclusive. <strong>Ce samedi 7 juin 2025<\/strong>, de 10h \u00e0 22h, la <strong>Halle Tropisme, <\/strong>\u00e0\u00a0Montpellieraccueille la premi\u00e8re \u00e9dition du <strong>HandiFest.<\/strong> Ce nouveau festival montpelli\u00e9rain ne ressemble \u00e0 aucun autre. Pens\u00e9 par et pour les personnes handicap\u00e9es, il vise \u00e0 rendre visible une culture handi vivante, cr\u00e9ative et multiple, \u00e0 mille lieues de l\u2019image larmoyante ou h\u00e9ro\u00efs\u00e9e souvent v\u00e9hicul\u00e9e. L\u2019\u00e9v\u00e9nement est organis\u00e9 par l\u2019association montpelli\u00e9raine Dear Valid People (litt\u00e9ralement \u00ab\u00a0Ch\u00e8re personne valide\u00a0\u00bb), fond\u00e9e par Damien Fargeout et Camille Kerneguez.<\/p>\n<p>    <a href=\"https:\/\/www.google.com\/maps\/embed?pb=!1m18!1m12!1m3!1d23106.53565652367!2d3.8731775999999996!3d43.620761599999994!2m3!1f0!2f0!3f0!3m2!1i1024!2i768!4f13.1!3m3!1m2!1s0x12b6af09b585b30b%3A0x13f65e520706c371!2sHalle%20Tropisme!5e0!3m2!1sen!2sfr!4v1749160665375!5m2!1sen!2sfr\" title=\"Ouvrie le lien\" rel=\"nofollow noopener\" target=\"_blank\">Cliquez ici pour visualiser le contenu<\/a><\/p>\n<p class=\" wall-content\">La gen\u00e8se du projet a \u00e9t\u00e9 aussi spontan\u00e9e que d\u00e9cisive. \u00ab\u00a0L\u2019illustratrice qui bosse avec nous voulait organiser un flash tattoo day. Moi, j\u2019ai dit : \u2018On peut faire plus grand.\u2019 J\u2019ai propos\u00e9 d\u2019y ajouter nos conf\u00e9rences, du stand-up, des ateliers. Et \u00e7a a pris forme\u00a0\u00bb, raconte Damien Fargeout. En quelques mois, l\u2019id\u00e9e se transforme en projet concret. Les premiers contacts sont pris, les artistes invit\u00e9s, la programmation se construit. \u00ab\u00a0On avait besoin d\u2019un temps fort. Pas juste une conf\u00e9rence, pas juste une AG. Un moment pour f\u00e9d\u00e9rer et f\u00eater ensemble ce qu\u2019on vit toute l\u2019ann\u00e9e\u00a0\u00bb, pr\u00e9cise Camille Kerneguez.<\/p>\n<p>\ud83d\udcfb Dear Valid People, de la radio \u00e0 la sc\u00e8ne<\/p>\n<p>L\u2019association montpelli\u00e9raine Dear Valid People est n\u00e9e en septembre 2019 sous forme d\u2019une \u00e9mission de radio diffus\u00e9e sur FM Plus. Cr\u00e9\u00e9e et anim\u00e9e par Damien Fargeout, cette \u00e9mission donnait la parole aux personnes handicap\u00e9es \u00e0 travers des sujets comme le travail, la parentalit\u00e9 ou la sexualit\u00e9.<\/p>\n<p>En 2021, Camille Kerneguez rejoint le projet. Ensemble, ils \u00e9largissent les th\u00e9matiques, enregistrent des \u00e9missions de 50 minutes, toujours disponibles en podcast et sur YouTube. Depuis juillet 2022, Dear Valid People organise aussi des enregistrements publics \u00e0 la Gazette Caf\u00e9. Ces rendez-vous mensuels sont devenus des moments d\u2019\u00e9change et de visibilit\u00e9 pour les personnes concern\u00e9es.<\/p>\n<p>En septembre 2023, l\u2019\u00e9quipe fonde officiellement l\u2019association. Le bureau, en non-mixit\u00e9 choisie, est compos\u00e9 uniquement de personnes en situation de handicap. L\u2019association organise d\u00e9sormais des conf\u00e9rences, des ateliers, des interventions dans les universit\u00e9s et des \u00e9v\u00e9nements comme le HandiFest. Elle milite pour que les concern\u00e9\u00b7es aient enfin voix au chapitre.<\/p>\n<p>Une journ\u00e9e rythm\u00e9e, accessible, inclusive<\/p>\n<p class=\" wall-content\">Le HandiFest se structure autour <strong>de deux grands temps<\/strong>. Le matin et l\u2019apr\u00e8s-midi, des activit\u00e9s participatives rythment la journ\u00e9e. Le soir, place aux spectacles et \u00e0 la sc\u00e8ne. La matin\u00e9e d\u00e9bute par un atelier d\u2019initiation \u00e0 la danse inclusive anim\u00e9 par Maylis Arrabit, chor\u00e9graphe et fondatrice de la compagnie (In)Between. L\u2019objectif est clair : montrer que tout le monde peut danser, quel que soit son corps, sa mobilit\u00e9 ou son rapport \u00e0 l\u2019espace.\u00a0<\/p>\n<p class=\" wall-content\">L\u2019apr\u00e8s-midi, deux ateliers prennent le relais. Le premier aborde le validisme, ces discriminations syst\u00e9miques qui visent les personnes handicap\u00e9es. Le second interroge la vie intime et affective des concern\u00e9es. Anim\u00e9 par une sexologue handie et f\u00e9ministe, il cr\u00e9e un espace d\u2019\u00e9change s\u00e9curis\u00e9, loin des tabous. \u00ab\u00a0Ce n\u2019est pas le handicap qui rend la sexualit\u00e9 compliqu\u00e9e, c\u2019est le validisme\u00a0\u00bb, r\u00e9sume Camille Kerneguez. Ces deux ateliers sont accessibles en LSF. \u00a0<strong>\u00c0 16h30<\/strong>, une table-ronde sur la convergence des luttes, anim\u00e9e par Chiara Kahn, cr\u00e9atrice du podcast Conpassion, rassemble des artistes et militants handies, queer, racis\u00e9s. C\u2019est l\u2019un des temps forts du festival, con\u00e7u comme un espace commun o\u00f9 les luttes se croisent et s\u2019enrichissent.\u00a0<\/p>\n<p>Vid\u00e9os : en ce moment sur Actu<\/p>\n<p class=\" wall-content\"><strong>\u00c0 19h15<\/strong>, la sc\u00e8ne s\u2019ouvre au stand-up. Damien Fargeout y partagera le micro avec Jordan PPR, Ana\u00efs Klein, Lou Trotignon, Tahnee et Soukaina Meflah. Le line-up est local, engag\u00e9, queer, handie. Tous les spectacles sont traduits en LSF. Lou Trotignon joue avec un chansigneur en permanence. \u00ab\u00a0On lui a demand\u00e9 s\u2019il avait souvent des sourds dans la salle. Il a r\u00e9pondu que ce n\u2019\u00e9tait pas important. L\u2019accessibilit\u00e9, \u00e7a ne d\u00e9pend pas du nombre.\u00a0\u00bb <strong>\u00c0 21h<\/strong>, le concert de La Piet\u00e0, artiste s\u00e9toise, cl\u00f4ture la journ\u00e9e. Elle sera accompagn\u00e9e de Carlos Carreras, chansigneur, pour un show bilingue fran\u00e7ais\/LSF.<\/p>\n<p>Au-del\u00e0 de la sc\u00e8ne : tatouages, expo, safe space<\/p>\n<p class=\" wall-content\">Le HandiFest ne se limite pas \u00e0 son programme de sc\u00e8ne. Toute la journ\u00e9e, le public peut d\u00e9couvrir l\u2019exposition \u00ab\u00a0Carnet de voyage int\u00e9rieur\u00a0\u00bb de l\u2019artiste montpelli\u00e9raine \u00c9l\u00e9onore Despax. Cette \u0153uvre intime et sensible questionne le rapport au corps, au voyage et \u00e0 l\u2019isolement. Un flash day tatouage est aussi propos\u00e9 \u00e0 prix r\u00e9duit par des tatoueuses engag\u00e9es sur les luttes LGBTQIA+ et handies. \u00ab\u00a0Le tatouage, pour beaucoup, c\u2019est une fa\u00e7on de se r\u00e9approprier son corps. Surtout quand on nous l\u2019a arrach\u00e9 par la m\u00e9decine\u00a0\u00bb, ajoute Damien. Un safe space est install\u00e9 \u00e0 l\u2019ext\u00e9rieur, \u00e9quip\u00e9 de mat\u00e9riel sensoriel : coussins lest\u00e9s, fidgets, casques anti-bruit, couvertures. Il est encadr\u00e9 par des b\u00e9n\u00e9voles form\u00e9s, et s\u2019adresse en priorit\u00e9 aux personnes autistes ou neuroatypiques. Des r\u00e9f\u00e9rents sont aussi disponibles tout au long de l\u2019\u00e9v\u00e9nement pour accompagner et orienter les participants.<\/p>\n<blockquote class=\"ac-article-quote wall-content\">\n<p>\u00ab\u00a0Le tatouage, pour beaucoup, c\u2019est une fa\u00e7on de se r\u00e9approprier son corps. Surtout quand on nous l\u2019a arrach\u00e9 par la m\u00e9decine\u00a0\u00bb<\/p>\n<p>    <strong>Damien Fargeout<\/strong><br \/>\n        Pr\u00e9sident de l&rsquo;association Dear Valid People    <\/p><\/blockquote>\n<p class=\" wall-content\"><strong>L\u2019accessibilit\u00e9 du lieu<\/strong> a \u00e9t\u00e9 pens\u00e9e d\u00e8s le d\u00e9but. La Halle Tropisme pr\u00e9sente des contraintes, notamment \u00e0 l\u2019ext\u00e9rieur, avec ses graviers. \u00ab\u00a0L\u2019accessibilit\u00e9 n\u2019est pas une option. Elle doit \u00eatre pr\u00e9sente, m\u00eame si une seule personne en a besoin.\u00a0\u00bb Le HandiFest s\u2019adresse \u00e0 tous. Les personnes valides sont les bienvenues, mais l\u2019\u00e9v\u00e9nement ne tourne pas autour d\u2019elles. \u00ab\u00a0On veut sortir du prisme de la sensibilisation pour valides. Le validisme, c\u2019est croire qu\u2019on est valide pour toujours. C\u2019est faux. On est tous concern\u00e9s. Un jour ou l\u2019autre.\u00a0\u00bb Pour les organisateurs, ce festival est un acte politique, mais aussi un geste de joie, de tendresse, d\u2019autod\u00e9rision.<\/p>\n<p class=\" wall-content\">Suivez toute l\u2019actualit\u00e9 de vos villes et m\u00e9dias favoris en vous inscrivant \u00e0 <a href=\"https:\/\/moncompte.actu.fr\" title=\"D\u00e9couvez Mon Actu\" rel=\"nofollow noopener\" data-trk=\"{&quot;cta&quot;:{&quot;action&quot;:&quot;https:\\\/\\\/moncompte.actu.fr&quot;,&quot;category&quot;:&quot;mon compte&quot;,&quot;from&quot;:&quot;article footer&quot;,&quot;name&quot;:&quot;Mon actu&quot;,&quot;type&quot;:&quot;cta&quot;}}\" target=\"_blank\">Mon Actu<\/a>.<\/p>\n","protected":false},"excerpt":{"rendered":"Par L\u00e9a Pippinato Publi\u00e9 le 6 juin 2025 \u00e0 19h34 Au d\u00e9part, il s\u2019agissait d\u2019un journ\u00e9e flash tattoo.&hellip;\n","protected":false},"author":2,"featured_media":157066,"comment_status":"","ping_status":"","sticky":false,"template":"","format":"standard","meta":{"footnotes":""},"categories":[9599],"tags":[1111,11,1777,674,652,849,1011,27,1943,9087,1652,2208,12,2680,25],"class_list":{"0":"post-157065","1":"post","2":"type-post","3":"status-publish","4":"format-standard","5":"has-post-thumbnail","7":"category-montpellier","8":"tag-actu","9":"tag-actualites","10":"tag-eu","11":"tag-europe","12":"tag-famille","13":"tag-festival","14":"tag-fr","15":"tag-france","16":"tag-handicap","17":"tag-lgbt","18":"tag-loisirs-culture","19":"tag-montpellier","20":"tag-news","21":"tag-occitanie","22":"tag-republique-francaise"},"share_on_mastodon":{"url":"https:\/\/pubeurope.com\/@fr\/114637685881180780","error":""},"_links":{"self":[{"href":"https:\/\/www.europesays.com\/fr\/wp-json\/wp\/v2\/posts\/157065","targetHints":{"allow":["GET"]}}],"collection":[{"href":"https:\/\/www.europesays.com\/fr\/wp-json\/wp\/v2\/posts"}],"about":[{"href":"https:\/\/www.europesays.com\/fr\/wp-json\/wp\/v2\/types\/post"}],"author":[{"embeddable":true,"href":"https:\/\/www.europesays.com\/fr\/wp-json\/wp\/v2\/users\/2"}],"replies":[{"embeddable":true,"href":"https:\/\/www.europesays.com\/fr\/wp-json\/wp\/v2\/comments?post=157065"}],"version-history":[{"count":0,"href":"https:\/\/www.europesays.com\/fr\/wp-json\/wp\/v2\/posts\/157065\/revisions"}],"wp:featuredmedia":[{"embeddable":true,"href":"https:\/\/www.europesays.com\/fr\/wp-json\/wp\/v2\/media\/157066"}],"wp:attachment":[{"href":"https:\/\/www.europesays.com\/fr\/wp-json\/wp\/v2\/media?parent=157065"}],"wp:term":[{"taxonomy":"category","embeddable":true,"href":"https:\/\/www.europesays.com\/fr\/wp-json\/wp\/v2\/categories?post=157065"},{"taxonomy":"post_tag","embeddable":true,"href":"https:\/\/www.europesays.com\/fr\/wp-json\/wp\/v2\/tags?post=157065"}],"curies":[{"name":"wp","href":"https:\/\/api.w.org\/{rel}","templated":true}]}}