{"id":157067,"date":"2025-06-06T17:50:09","date_gmt":"2025-06-06T17:50:09","guid":{"rendered":"https:\/\/www.europesays.com\/fr\/157067\/"},"modified":"2025-06-06T17:50:09","modified_gmt":"2025-06-06T17:50:09","slug":"des-trous-et-des-deformations-apparaissent-dans-cette-cour-decole-de-rouen-quelles-solutions","status":"publish","type":"post","link":"https:\/\/www.europesays.com\/fr\/157067\/","title":{"rendered":"Des trous et des d\u00e9formations apparaissent dans cette cour d&rsquo;\u00e9cole de Rouen : quelles solutions\u00a0?"},"content":{"rendered":"<p>            Par<br \/>\n        <strong><br \/>\n            <a href=\"https:\/\/actu.fr\/auteur\/fmass\" title=\"Consulter tous les articles de Fabien Massin\" target=\"_blank\" rel=\"noopener\">Fabien Massin<\/a><br \/>\n        <\/strong><\/p>\n<p>        Publi\u00e9 le<\/p>\n<p>            6 juin 2025 \u00e0 19h08        <\/p>\n<p>Ces derni\u00e8res semaines, des <strong>trous et d\u00e9formations<\/strong> sont apparus dans la cour de l\u2019\u00e9cole maternelle Pierre de Ronsard, sur les <a href=\"https:\/\/actu.fr\/normandie\/rouen_76540\" target=\"_blank\" rel=\"noopener\">Hauts de Rouen<\/a> <a href=\"https:\/\/actu.fr\/76actu\/\" target=\"_blank\" rel=\"noopener\">(Seine-Maritime)<\/a>. La Ville doit intervenir pour s\u00e9curiser les lieux, mais sans proc\u00e9der \u00e0 une refonte compl\u00e8te de la cour, comme c\u2019est le cas dans de nombreux \u00e9tablissements de la ville. Explications.\u00a0<\/p>\n<p>Un gros projet en vue<\/p>\n<p class=\" wall-content\">En mai 2024 d\u00e9j\u00e0, dans un <a href=\"https:\/\/www.facebook.com\/groups\/1402172150049164\/?multi_permalinks=4104939023105783&amp;hoisted_section_header_type=recently_seen\" target=\"_blank\" rel=\"noopener\">post Facebook<\/a>, un parent d\u2019\u00e9l\u00e8ve faisait par de son inqui\u00e9tude : \u00ab\u00a0La cour de r\u00e9cr\u00e9ation de l\u2019\u00e9cole maternelle Ronsard est dans un \u00e9tat inqui\u00e9tant :<strong> trous, bosses, sol irr\u00e9gulier\u2026<\/strong> Chaque jour, nos enfants y jouent, mais aussi\u2026 y tombent. Une cour de r\u00e9cr\u00e9ation ne devrait pas \u00eatre un champ de mines o\u00f9 chaque foul\u00e9e devient un risque. Elle devrait \u00eatre un espace de joie, de d\u00e9couverte et de s\u00e9curit\u00e9. [\u2026] Nous avons appris que la Ville refuse de r\u00e9nover int\u00e9gralement la cour, sous pr\u00e9texte qu\u2019une nouvelle \u00e9cole verra le jour\u2026 en 2027. Mais d\u2019ici l\u00e0, combien de chutes ? Combien de blessures ?\u00a0\u00bb<\/p>\n<p class=\" wall-content\">Post \u00e0 nouveau partag\u00e9 ces derni\u00e8res semaines, dans le but de rappeler la persistance des soucis dans la cour.\u00a0<\/p>\n<p>\u00ab\u00a0Nous devons passer par cette phase\u00a0\u00bb<\/p>\n<p class=\" wall-content\">Interrog\u00e9e, \u00c9lizabeth Labaye, ajointe aux \u00e9coles et \u00e0 la petite enfance, explique :\u00a0\u00ab\u00a0Toute l\u2019ann\u00e9e je visite les \u00e9coles de Rouen, chacune \u00e0 leur tour. Il se trouve que j\u2019\u00e9tais \u00e0 Ronsard il y a quinze jours, <strong>effectivement j\u2019ai constat\u00e9 qu\u2019il y avait des trous pr\u00e8s des structures de jeux<\/strong>. Comme toujours dans ces cas-l\u00e0, nos services mettent tout en \u0153uvre pour les boucher et aplanir des sols, pour des questions de s\u00e9curit\u00e9 \u00e9videntes.\u00a0\u00bb<\/p>\n<blockquote class=\"ac-article-quote wall-content\">\n<p>Mais il est vrai que nous ne pouvons pas nous lancer dans une reconstruction compl\u00e8te de la cour, comme dans les autres \u00e9tablissements, \u00e9tant donn\u00e9 qu&rsquo;il y a un projet de nouveau groupe scolaire. D&rsquo;ici l\u00e0 nous agissons de fa\u00e7on ponctuelle pour garantir la s\u00e9curit\u00e9 des enfants, il ne s&rsquo;agit pas de renaturation ni de r\u00e9fection globale. Pour les familles dont les enfants ne profiteront pas du futur projet parce qu&rsquo;ils auront quitt\u00e9 l&rsquo;\u00e9cole d&rsquo;ici l\u00e0, je comprends bien s\u00fbr leur frustration. Mais nous devons en passer par cette phase.<\/p>\n<p>    <strong>\u00c9lizabeth Labaye<\/strong>\n            <\/p><\/blockquote>\n<p class=\" wall-content\">Le <a href=\"https:\/\/actu.fr\/normandie\/rouen_76540\/images-voici-a-quoi-ressemblera-la-nouvelle-ecole-sur-les-hauts-de-rouen_61564489.html\" target=\"_blank\" rel=\"noopener\">projet de nouvelle \u00e9cole<\/a> s\u2019\u00e9l\u00e8ve \u00e0 14 millions d\u2019euros. Elle sera construite \u00e0 quelques pas des \u00e9tablissements scolaires existants, <strong>\u00e0 la place des immeubles de \u00ab\u2009la Banane\u2009\u00bb<\/strong>, d\u00e9truits au d\u00e9but de l\u2019ann\u00e9e 2024.\u00a0 L\u2019\u00e9cole, qui accueillera les \u00e9l\u00e8ves de maternelle et d\u2019\u00e9l\u00e9mentaire, devrait voir le jour en 2027.\u00a0<\/p>\n<p>Suivez l\u2019actualit\u00e9 de Rouen sur notre <a href=\"https:\/\/www.whatsapp.com\/channel\/0029VaKfnf99hXF2ddApFB1D\" target=\"_blank\" rel=\"noopener\">cha\u00eene WhatsApp<\/a> et sur notre <a href=\"https:\/\/www.tiktok.com\/@76actu.fr?lang=fr\" target=\"_blank\" rel=\"noopener\">compte TikTok<\/a><\/p>\n<p class=\" wall-content\">Suivez toute l\u2019actualit\u00e9 de vos villes et m\u00e9dias favoris en vous inscrivant \u00e0 <a href=\"https:\/\/moncompte.actu.fr\" title=\"D\u00e9couvez Mon Actu\" rel=\"nofollow noopener\" data-trk=\"{&quot;cta&quot;:{&quot;action&quot;:&quot;https:\\\/\\\/moncompte.actu.fr&quot;,&quot;category&quot;:&quot;mon compte&quot;,&quot;from&quot;:&quot;article footer&quot;,&quot;name&quot;:&quot;Mon actu&quot;,&quot;type&quot;:&quot;cta&quot;}}\" target=\"_blank\">Mon Actu<\/a>.<\/p>\n<p>                    <script async src=\"\/\/www.tiktok.com\/embed.js\"><\/script><\/p>\n","protected":false},"excerpt":{"rendered":"Par Fabien Massin Publi\u00e9 le 6 juin 2025 \u00e0 19h08 Ces derni\u00e8res semaines, des trous et d\u00e9formations sont&hellip;\n","protected":false},"author":2,"featured_media":157068,"comment_status":"","ping_status":"","sticky":false,"template":"","format":"standard","meta":{"footnotes":""},"categories":[9587],"tags":[1111,11,1057,1719,1777,674,1011,27,12,5161,10585,25,9590,104],"class_list":{"0":"post-157067","1":"post","2":"type-post","3":"status-publish","4":"format-standard","5":"has-post-thumbnail","7":"category-rouen","8":"tag-actu","9":"tag-actualites","10":"tag-education","11":"tag-enfants","12":"tag-eu","13":"tag-europe","14":"tag-fr","15":"tag-france","16":"tag-news","17":"tag-normandie","18":"tag-petite-enfance","19":"tag-republique-francaise","20":"tag-rouen","21":"tag-societe"},"share_on_mastodon":{"url":"https:\/\/pubeurope.com\/@fr\/114637689680582442","error":""},"_links":{"self":[{"href":"https:\/\/www.europesays.com\/fr\/wp-json\/wp\/v2\/posts\/157067","targetHints":{"allow":["GET"]}}],"collection":[{"href":"https:\/\/www.europesays.com\/fr\/wp-json\/wp\/v2\/posts"}],"about":[{"href":"https:\/\/www.europesays.com\/fr\/wp-json\/wp\/v2\/types\/post"}],"author":[{"embeddable":true,"href":"https:\/\/www.europesays.com\/fr\/wp-json\/wp\/v2\/users\/2"}],"replies":[{"embeddable":true,"href":"https:\/\/www.europesays.com\/fr\/wp-json\/wp\/v2\/comments?post=157067"}],"version-history":[{"count":0,"href":"https:\/\/www.europesays.com\/fr\/wp-json\/wp\/v2\/posts\/157067\/revisions"}],"wp:featuredmedia":[{"embeddable":true,"href":"https:\/\/www.europesays.com\/fr\/wp-json\/wp\/v2\/media\/157068"}],"wp:attachment":[{"href":"https:\/\/www.europesays.com\/fr\/wp-json\/wp\/v2\/media?parent=157067"}],"wp:term":[{"taxonomy":"category","embeddable":true,"href":"https:\/\/www.europesays.com\/fr\/wp-json\/wp\/v2\/categories?post=157067"},{"taxonomy":"post_tag","embeddable":true,"href":"https:\/\/www.europesays.com\/fr\/wp-json\/wp\/v2\/tags?post=157067"}],"curies":[{"name":"wp","href":"https:\/\/api.w.org\/{rel}","templated":true}]}}