{"id":157069,"date":"2025-06-06T17:51:12","date_gmt":"2025-06-06T17:51:12","guid":{"rendered":"https:\/\/www.europesays.com\/fr\/157069\/"},"modified":"2025-06-06T17:51:12","modified_gmt":"2025-06-06T17:51:12","slug":"deux-accidents-ce-soir-sur-les-routes-pres-de-rouen","status":"publish","type":"post","link":"https:\/\/www.europesays.com\/fr\/157069\/","title":{"rendered":"deux accidents ce soir sur les routes pr\u00e8s de Rouen"},"content":{"rendered":"<p>            Par<br \/>\n        <strong><br \/>\n            <a href=\"https:\/\/actu.fr\/auteur\/vanessa-leroy\" title=\"Consulter tous les articles de Vanessa Leroy\" target=\"_blank\" rel=\"noopener\">Vanessa Leroy<\/a><br \/>\n        <\/strong><\/p>\n<p>        Publi\u00e9 le<\/p>\n<p>            6 juin 2025 \u00e0 18h53        <\/p>\n<p><strong>Prudence sur les routes <\/strong>de <a href=\"https:\/\/actu.fr\/76actu\/\" target=\"_blank\" rel=\"noopener\">Seine-Maritime<\/a> en ce <strong>vendredi 6 juin 2025<\/strong>, synonyme de d\u00e9but du week-end prolong\u00e9 de la Pentec\u00f4te. Il y a du monde sur les axes principaux ce soir.<\/p>\n<p class=\" wall-content\">Et d\u00e9j\u00e0, \u00e0 18h30, deux accidents \u00e9taient signal\u00e9s par Bison Fut\u00e9, occasionnant des difficult\u00e9s de circulation.<\/p>\n<p class=\" wall-content\">C\u2019est le cas <strong>sur la Sud 3<\/strong>, dans le sens Rouen-Paris, \u00e0 hauteur de la <strong>commune du Grand-Quevilly<\/strong>, o\u00f9 une voiture et un camion sont impliqu\u00e9s dans un accident.<\/p>\n<p>Un bouchon de 9 kilom\u00e8tres sur l\u2019A13<\/p>\n<p class=\" wall-content\">Autre choc \u00e0 noter, <strong>sur l\u2019A13, \u00e0 Grand-Couronne<\/strong>, dans le sens est-ouest Paris-Cherbourg, entre deux voitures dont une \u00e9quip\u00e9e d\u2019une caravane. Un bouchon de neuf kilom\u00e8tres s\u2019est form\u00e9 en amont.<\/p>\n<p class=\" wall-content\">On ignore pour le moment les d\u00e9g\u00e2ts caus\u00e9s et s\u2019il y a des potentielles victimes.<\/p>\n<p>Vid\u00e9os : en ce moment sur ActuSuivez l\u2019actualit\u00e9 de Rouen <a href=\"https:\/\/www.whatsapp.com\/channel\/0029VaKfnf99hXF2ddApFB1D\" target=\"_blank\" rel=\"noopener\">sur notre cha\u00eene WhatsApp<\/a> et <a href=\"https:\/\/www.tiktok.com\/@76actu.fr?lang=fr\" target=\"_blank\" rel=\"noopener\">sur notre compte TikTok<\/a><\/p>\n<p class=\" wall-content\">Suivez toute l\u2019actualit\u00e9 de vos villes et m\u00e9dias favoris en vous inscrivant \u00e0 <a href=\"https:\/\/moncompte.actu.fr\" title=\"D\u00e9couvez Mon Actu\" rel=\"nofollow noopener\" data-trk=\"{&quot;cta&quot;:{&quot;action&quot;:&quot;https:\\\/\\\/moncompte.actu.fr&quot;,&quot;category&quot;:&quot;mon compte&quot;,&quot;from&quot;:&quot;article footer&quot;,&quot;name&quot;:&quot;Mon actu&quot;,&quot;type&quot;:&quot;cta&quot;}}\" target=\"_blank\">Mon Actu<\/a>.<\/p>\n<p>                    <script async src=\"\/\/www.tiktok.com\/embed.js\"><\/script><\/p>\n","protected":false},"excerpt":{"rendered":"Par Vanessa Leroy Publi\u00e9 le 6 juin 2025 \u00e0 18h53 Prudence sur les routes de Seine-Maritime en ce&hellip;\n","protected":false},"author":2,"featured_media":157070,"comment_status":"","ping_status":"","sticky":false,"template":"","format":"standard","meta":{"footnotes":""},"categories":[9587],"tags":[119,1111,11,12725,3542,1777,674,118,1011,27,12,5161,25,9590],"class_list":{"0":"post-157069","1":"post","2":"type-post","3":"status-publish","4":"format-standard","5":"has-post-thumbnail","7":"category-rouen","8":"tag-accident","9":"tag-actu","10":"tag-actualites","11":"tag-autoroute-13-a13","12":"tag-circulation","13":"tag-eu","14":"tag-europe","15":"tag-faits-divers","16":"tag-fr","17":"tag-france","18":"tag-news","19":"tag-normandie","20":"tag-republique-francaise","21":"tag-rouen"},"share_on_mastodon":{"url":"https:\/\/pubeurope.com\/@fr\/114637693499557711","error":""},"_links":{"self":[{"href":"https:\/\/www.europesays.com\/fr\/wp-json\/wp\/v2\/posts\/157069","targetHints":{"allow":["GET"]}}],"collection":[{"href":"https:\/\/www.europesays.com\/fr\/wp-json\/wp\/v2\/posts"}],"about":[{"href":"https:\/\/www.europesays.com\/fr\/wp-json\/wp\/v2\/types\/post"}],"author":[{"embeddable":true,"href":"https:\/\/www.europesays.com\/fr\/wp-json\/wp\/v2\/users\/2"}],"replies":[{"embeddable":true,"href":"https:\/\/www.europesays.com\/fr\/wp-json\/wp\/v2\/comments?post=157069"}],"version-history":[{"count":0,"href":"https:\/\/www.europesays.com\/fr\/wp-json\/wp\/v2\/posts\/157069\/revisions"}],"wp:featuredmedia":[{"embeddable":true,"href":"https:\/\/www.europesays.com\/fr\/wp-json\/wp\/v2\/media\/157070"}],"wp:attachment":[{"href":"https:\/\/www.europesays.com\/fr\/wp-json\/wp\/v2\/media?parent=157069"}],"wp:term":[{"taxonomy":"category","embeddable":true,"href":"https:\/\/www.europesays.com\/fr\/wp-json\/wp\/v2\/categories?post=157069"},{"taxonomy":"post_tag","embeddable":true,"href":"https:\/\/www.europesays.com\/fr\/wp-json\/wp\/v2\/tags?post=157069"}],"curies":[{"name":"wp","href":"https:\/\/api.w.org\/{rel}","templated":true}]}}