{"id":157071,"date":"2025-06-06T17:52:12","date_gmt":"2025-06-06T17:52:12","guid":{"rendered":"https:\/\/www.europesays.com\/fr\/157071\/"},"modified":"2025-06-06T17:52:12","modified_gmt":"2025-06-06T17:52:12","slug":"metropole-de-grenoble-chez-dott-lemotion-lincertitude-et-la-fierte-du-travail-realise","status":"publish","type":"post","link":"https:\/\/www.europesays.com\/fr\/157071\/","title":{"rendered":"M\u00e9tropole de Grenoble. Chez Dott, l\u2019\u00e9motion, l\u2019incertitude et \u00ab\u00a0la fiert\u00e9 du travail r\u00e9alis\u00e9\u00a0\u00bb"},"content":{"rendered":"<p>Les visseuses tournent, les v\u00e9hicules sont contr\u00f4l\u00e9s et des batteries en train d\u2019\u00eatre recharg\u00e9es. Dans le centre op\u00e9rationnel de Dott \u00e0 \u00c9chirolles, les salari\u00e9s s\u2019affairent, ce vendredi 6\u00a0juin, \u00e0 leurs t\u00e2ches quotidiennes. Mais sous leur casquette sigl\u00e9e et derri\u00e8re leur sourire, on sent poindre l\u2019inqui\u00e9tude quant \u00e0 leur avenir\u2026 \u00ab\u00a0On a voulu y croire jusqu\u2019au bout, lance Bacar, salari\u00e9 chez Dott depuis l\u2019arriv\u00e9e de l\u2019op\u00e9rateur en 2022. Aujourd\u2019hui, je suis triste\u2026\u00a0\u00bb.<\/p>\n<p>Alors que le contrat de l\u2019entreprise arrivait \u00e0 \u00e9ch\u00e9ance, le Smmag lui a <a href=\"https:\/\/www.ledauphine.com\/transport\/2025\/06\/03\/isere-metropole-de-grenoble-trottinettes-recale-par-le-smmag-l-operateur-dott-saisit-la-justice\" target=\"_blank\" rel=\"noopener\">pr\u00e9f\u00e9r\u00e9 un autre candidat<\/a>, VOI, retenu&#8230;<\/p>\n","protected":false},"excerpt":{"rendered":"Les visseuses tournent, les v\u00e9hicules sont contr\u00f4l\u00e9s et des batteries en train d\u2019\u00eatre recharg\u00e9es. Dans le centre op\u00e9rationnel&hellip;\n","protected":false},"author":2,"featured_media":157072,"comment_status":"","ping_status":"","sticky":false,"template":"","format":"standard","meta":{"footnotes":""},"categories":[9566],"tags":[1111,11,2430,9852,9853,33,112,113,341,1777,674,1011,27,2731,108,12,316,25,801,2803,800,216],"class_list":{"0":"post-157071","1":"post","2":"type-post","3":"status-publish","4":"format-standard","5":"has-post-thumbnail","7":"category-grenoble","8":"tag-actu","9":"tag-actualites","10":"tag-auvergne-rhone-alpes","11":"tag-echirolles","12":"tag-echirolles-bassin","13":"tag-economie","14":"tag-edition-grenoble-agglomeration","15":"tag-edition-gresivaudan-oisans","16":"tag-emploi","17":"tag-eu","18":"tag-europe","19":"tag-fr","20":"tag-france","21":"tag-grenoble","22":"tag-isere","23":"tag-news","24":"tag-politique","25":"tag-republique-francaise","26":"tag-social","27":"tag-transport","28":"tag-transports","29":"tag-vie-des-entreprises"},"share_on_mastodon":{"url":"https:\/\/pubeurope.com\/@fr\/114637697432715986","error":""},"_links":{"self":[{"href":"https:\/\/www.europesays.com\/fr\/wp-json\/wp\/v2\/posts\/157071","targetHints":{"allow":["GET"]}}],"collection":[{"href":"https:\/\/www.europesays.com\/fr\/wp-json\/wp\/v2\/posts"}],"about":[{"href":"https:\/\/www.europesays.com\/fr\/wp-json\/wp\/v2\/types\/post"}],"author":[{"embeddable":true,"href":"https:\/\/www.europesays.com\/fr\/wp-json\/wp\/v2\/users\/2"}],"replies":[{"embeddable":true,"href":"https:\/\/www.europesays.com\/fr\/wp-json\/wp\/v2\/comments?post=157071"}],"version-history":[{"count":0,"href":"https:\/\/www.europesays.com\/fr\/wp-json\/wp\/v2\/posts\/157071\/revisions"}],"wp:featuredmedia":[{"embeddable":true,"href":"https:\/\/www.europesays.com\/fr\/wp-json\/wp\/v2\/media\/157072"}],"wp:attachment":[{"href":"https:\/\/www.europesays.com\/fr\/wp-json\/wp\/v2\/media?parent=157071"}],"wp:term":[{"taxonomy":"category","embeddable":true,"href":"https:\/\/www.europesays.com\/fr\/wp-json\/wp\/v2\/categories?post=157071"},{"taxonomy":"post_tag","embeddable":true,"href":"https:\/\/www.europesays.com\/fr\/wp-json\/wp\/v2\/tags?post=157071"}],"curies":[{"name":"wp","href":"https:\/\/api.w.org\/{rel}","templated":true}]}}