{"id":157081,"date":"2025-06-06T17:57:12","date_gmt":"2025-06-06T17:57:12","guid":{"rendered":"https:\/\/www.europesays.com\/fr\/157081\/"},"modified":"2025-06-06T17:57:12","modified_gmt":"2025-06-06T17:57:12","slug":"strasbourg-elle-tente-de-depouiller-une-nonagenaire-qui-se-fracture-la-clavicule","status":"publish","type":"post","link":"https:\/\/www.europesays.com\/fr\/157081\/","title":{"rendered":"Strasbourg. Elle tente de d\u00e9pouiller une nonag\u00e9naire, qui se fracture la clavicule"},"content":{"rendered":"<p>Une femme a \u00e9t\u00e9 d\u00e9f\u00e9r\u00e9e au parquet de Strasbourg en vue d\u2019\u00eatre jug\u00e9e mardi 10\u00a0juin lors des comparutions imm\u00e9diates pour un vol \u00e0 l\u2019arrach\u00e9. Jeudi 5\u00a0juin, elle a observ\u00e9 une nonag\u00e9naire en train de retirer de l\u2019argent \u00e0 un distributeur bancaire. Elle s\u2019en est approch\u00e9e avant de tenter de lui arracher son sac \u00e0 main. La dame \u00e2g\u00e9e a retenu son bien, avant de chuter au sol. La victime souffre d\u2019une fracture de la clavicule.<\/p>\n<p>La mise en cause a \u00e9t\u00e9 interpell\u00e9e dans la foul\u00e9e.<\/p>\n","protected":false},"excerpt":{"rendered":"Une femme a \u00e9t\u00e9 d\u00e9f\u00e9r\u00e9e au parquet de Strasbourg en vue d\u2019\u00eatre jug\u00e9e mardi 10\u00a0juin lors des comparutions&hellip;\n","protected":false},"author":2,"featured_media":157082,"comment_status":"","ping_status":"","sticky":false,"template":"","format":"standard","meta":{"footnotes":""},"categories":[2820],"tags":[1111,11,271,272,2880,1777,674,274,107,1011,27,775,12,25,640,2879],"class_list":{"0":"post-157081","1":"post","2":"type-post","3":"status-publish","4":"format-standard","5":"has-post-thumbnail","7":"category-strasbourg","8":"tag-actu","9":"tag-actualites","10":"tag-crime","11":"tag-delit-et-contravention","12":"tag-edition-strasbourg","13":"tag-eu","14":"tag-europe","15":"tag-faits-divers-justice","16":"tag-fil-info","17":"tag-fr","18":"tag-france","19":"tag-grand-est","20":"tag-news","21":"tag-republique-francaise","22":"tag-strasbourg","23":"tag-strasbourg-ville"},"share_on_mastodon":{"url":"https:\/\/pubeurope.com\/@fr\/114637717078433947","error":""},"_links":{"self":[{"href":"https:\/\/www.europesays.com\/fr\/wp-json\/wp\/v2\/posts\/157081","targetHints":{"allow":["GET"]}}],"collection":[{"href":"https:\/\/www.europesays.com\/fr\/wp-json\/wp\/v2\/posts"}],"about":[{"href":"https:\/\/www.europesays.com\/fr\/wp-json\/wp\/v2\/types\/post"}],"author":[{"embeddable":true,"href":"https:\/\/www.europesays.com\/fr\/wp-json\/wp\/v2\/users\/2"}],"replies":[{"embeddable":true,"href":"https:\/\/www.europesays.com\/fr\/wp-json\/wp\/v2\/comments?post=157081"}],"version-history":[{"count":0,"href":"https:\/\/www.europesays.com\/fr\/wp-json\/wp\/v2\/posts\/157081\/revisions"}],"wp:featuredmedia":[{"embeddable":true,"href":"https:\/\/www.europesays.com\/fr\/wp-json\/wp\/v2\/media\/157082"}],"wp:attachment":[{"href":"https:\/\/www.europesays.com\/fr\/wp-json\/wp\/v2\/media?parent=157081"}],"wp:term":[{"taxonomy":"category","embeddable":true,"href":"https:\/\/www.europesays.com\/fr\/wp-json\/wp\/v2\/categories?post=157081"},{"taxonomy":"post_tag","embeddable":true,"href":"https:\/\/www.europesays.com\/fr\/wp-json\/wp\/v2\/tags?post=157081"}],"curies":[{"name":"wp","href":"https:\/\/api.w.org\/{rel}","templated":true}]}}