{"id":157085,"date":"2025-06-06T17:59:09","date_gmt":"2025-06-06T17:59:09","guid":{"rendered":"https:\/\/www.europesays.com\/fr\/157085\/"},"modified":"2025-06-06T17:59:09","modified_gmt":"2025-06-06T17:59:09","slug":"face-a-la-montee-du-niveau-de-la-mer-agir-est-un-devoir-christian-estrosi-presente-les-enjeux-du-rassemblement-des-villes-cotieres-ce-samedi-a-nice","status":"publish","type":"post","link":"https:\/\/www.europesays.com\/fr\/157085\/","title":{"rendered":"\u00ab\u00a0Face \u00e0 la mont\u00e9e du niveau de la mer, agir est un devoir\u00a0\u00bb: Christian Estrosi pr\u00e9sente les enjeux du rassemblement des villes c\u00f4ti\u00e8res, ce samedi \u00e0 Nice"},"content":{"rendered":"<p>La mer monte, inexorablement. Tel est le constat des scientifiques. En cause: le r\u00e9chauffement climatique. Cons\u00e9quences: des villes, des r\u00e9gions, des \u00eeles en premi\u00e8re ligne, promises \u00e0 une disparition\u2026 Faire face et faire bloc, c\u2019est l\u2019objectif du sommet \u00ab\u00a0Ocean rise &amp; coastal resilience\u00a0\u00bb, \u00e9v\u00e9nement sp\u00e9cial de l\u2019Unoc. Ce samedi, \u00e9lus c\u00f4tiers du monde entier ont rendez-vous \u00e0 Nice, quai Infernet, pour partager des solutions et acter la naissance d\u2019une coalition in\u00e9dite. Maire de Nice, Christian Estrosi la pr\u00e9side et en d\u00e9taille les enjeux.<\/p>\n<p><strong>Quels sont les enjeux de ce sommet?<\/strong><\/p>\n<p>C\u2019est la premi\u00e8re fois dans la diplomatie environnementale qu\u2019on associe les territoires. Cette coalition r\u00e9unit les \u00e9lus des zones c\u00f4ti\u00e8res et des \u00eeles de la plan\u00e8te, repr\u00e9sentants pr\u00e8s d\u2019un milliard d\u2019habitants. L\u2019enjeu, c\u2019est r\u00e9pondre \u00e0 l\u2019\u00e9l\u00e9vation du niveau de la mer et ses cons\u00e9quences. Nous sommes dans un cycle o\u00f9 ce sont bien les activit\u00e9s humaines qui causent le r\u00e9chauffement climatique, provoquant la fonte des glaciers, donc la mont\u00e9e des eaux. Avec des impacts sur le trait de c\u00f4te, l\u2019\u00e9rosion, les submersions, la salinisation des terres, les d\u00e9placements forc\u00e9s\u2026 Face \u00e0 \u00e7a, comment agir, \u00eatre solidaires? Dans le grand d\u00e9bat sur l\u2019oc\u00e9an, les \u00e9lus des villes c\u00f4ti\u00e8res sont les acteurs du dernier kilom\u00e8tre. Ils ont besoin de r\u00e9ponses \u00e0 la hauteur.<\/p>\n<p><strong>Qui sera autour de la table?<\/strong><\/p>\n<p>Tous les continents, mais il y a des dictatures que nous ne verrons pas\u2026 Avec des s\u00e9quences fortes: je pense aux \u00eeles Tuvalu [Oc\u00e9anie], un \u00c9tat menac\u00e9 de disparition. Donald Trump ne viendra pas \u00e0 l\u2019Unoc mais New York, La Nouvelle-Orl\u00e9ans, Santa Cruz seront l\u00e0\u2026 L\u00e0 o\u00f9 on juge un pays par son r\u00e9gime, les maires arrivent \u00e0 d\u00e9passer \u00e7a. C\u2019est la force de cette coalition: sortir de la logique des \u00c9tats dont le multilat\u00e9ralisme s\u2019est affaibli avec les conflits ici ou l\u00e0. Jamais une ville n\u2019entrera en guerre contre une autre.<\/p>\n<p><strong>Que vise la charte que vous proposez de signer?<\/strong><\/p>\n<p>Elle r\u00e9clame des moyens d\u2019agir, pour disposer d\u2019outils partag\u00e9s de mod\u00e9lisation, sur notre mode de d\u00e9veloppement, notre urbanisme. La mont\u00e9e des eaux n\u2019est pas uniforme. La cl\u00e9, c\u2019est l\u2019adaptation. Pour \u00e7a, Nice a pris part au travail de l\u2019Union Europ\u00e9enne pour d\u00e9mocratiser \u00ab\u00a0les jumeaux num\u00e9riques de l\u2019oc\u00e9an\u00a0\u00bb. Une reproduction virtuelle dynamique mod\u00e9lis\u00e9e \u00e0 partir d\u2019un gros volume de donn\u00e9es: hauteur des vagues, temp\u00e9rature, courants, biodiversit\u00e9, pollution. Des zones d\u00e9favoris\u00e9es n\u2019y ont pas acc\u00e8s, la coalition leur permettra.<\/p>\n<p><strong>Comment animer la coalition pour ne pas qu\u2019elle devienne une d\u00e9claration d\u2019intention de plus?<\/strong><\/p>\n<p>Elle sera p\u00e9renne. Nice accueillera son secr\u00e9tariat g\u00e9n\u00e9ral permanent, dont j\u2019assumerai la pr\u00e9sidence. Nous avons des lieux \u00e0 faire visiter au secr\u00e9taire g\u00e9n\u00e9ral de l\u2019ONU\u2026 Toute l\u2019ann\u00e9e, ses membres \u00e9changeront. Avec l\u2019organisation d\u2019un sommet annuel. Le prochain se tiendra \u00e0 Dakhla, au Maroc.<\/p>\n<p><strong>Bancs de sable artificiels aux Pays-Bas, digues flottantes \u00e0 Venise, ville \u00e9ponge en Chine\u2026 Quelles solutions s\u2019exposeront au sommet?<\/strong><\/p>\n<p>Celles-ci seront sur la table. Prenons les Pays-Bas: c\u2019est leur histoire, (un tiers du) pays est construit sous le niveau de la mer. Leur exp\u00e9rience est pr\u00e9cieuse. Les scientifiques participeront aussi aux d\u00e9bats pour donner leur expertise. Nous remettrons nos conclusions au gouvernement, avec le besoin d\u2019\u00eatre aid\u00e9s.<\/p>\n<p><strong>La M\u00e9diterran\u00e9e fran\u00e7aise n\u2019est pas \u00e9pargn\u00e9e. D\u2019ici \u00e0 2050, 2.000 logements seront expos\u00e9s \u00e0 l\u2019eau (1). Ne s\u2019y prend-on pas un peu tard?<\/strong><\/p>\n<p>On a le temps d\u2019agir mais d\u00e8s maintenant. Jusqu\u2019alors, nos concitoyens pensaient: \u00ab\u00a0Chez moi, ce n\u2019est pas un probl\u00e8me.\u00a0\u00bb La coalition va \u00e9veiller les consciences. Et montrer que ce n\u2019est pas la volont\u00e9 isol\u00e9e d\u2019un maire quand il d\u00e9truit un b\u00e2timent pour planter des arbres mais ce que disent tous ces \u00e9lus du monde.<\/p>\n<p><strong>Des politiques locaux arguent encore que nous ne sommes pas en Atlantique, minimisent\u2026<\/strong><\/p>\n<p>On n\u2019est pas la zone la plus expos\u00e9e. Mais Alexandrie, qui a vu ses eaux monter de 40cm en trente ans, est sur la rive d\u2019en face! L\u00e0-bas, sur ce qui est la copie de la promenade des Anglais, il n\u2019y a plus de plage sur 6km, ils entassent des rochers pour prot\u00e9ger la voirie. Dans dix \u00e0 quinze ans, un tiers de la ville peut se retrouver sous l\u2019eau, une r\u00e9alit\u00e9 qui pourrait \u00eatre la n\u00f4tre \u00e0 plus long terme. Il y a un devoir d\u2019agir.<\/p>\n<p><strong>La route du bord de mer qui relie Antibes \u00e0 Villeneuve-Loubet est d\u00e9j\u00e0 tr\u00e8s vuln\u00e9rable\u2026<\/strong><\/p>\n<p>Il faut s\u2019y pencher, la coalition donnera des outils pour le faire. Je ne me permettrais pas de plaquer des solutions. Mais tout est sur la table: une route peut se d\u00e9placer, \u00e7a peut circuler sous terre\u2026 On passe bien sous la Manche, pourquoi pas sous la M\u00e9diterran\u00e9e?<\/p>\n<p><strong>Des PLU autorisent encore des constructions pr\u00e8s du rivage. Faut-il \u00eatre plus coercitif?<\/strong><\/p>\n<p>Face \u00e0 la mont\u00e9e des eaux, il faut cr\u00e9er des territoires agiles, capables de r\u00e9agir. C\u2019\u00e9tait l\u2019id\u00e9e de la route 6.202 bis, quand vous passez sous le pont de la Manda. Lorsque le lit du Var monte, on la ferme et on dispose d\u2019une autre option.<\/p>\n<p><strong>Pour limiter l\u2019\u00e9l\u00e9vation, il faut aussi att\u00e9nuer les \u00e9missions de gaz \u00e0 effet de serre. Les villes c\u00f4ti\u00e8res doivent-elles montrer l\u2019exemple?<\/strong><\/p>\n<p>Une grande ville qui \u00e9met beaucoup en fera subir les cons\u00e9quences aux littoraux. J\u2019envisage d\u2019\u00e9largir la coalition aux grandes agglom\u00e9rations, notamment tr\u00e8s industrielles. Les politiques de mobilit\u00e9s sont aussi cruciales. Une quarantaine de croisi\u00e8res en M\u00e9diterran\u00e9e \u00e9mettent plus de particules fines que toute la flotte europ\u00e9enne de voitures. On ne peut plus se permettre \u00e7a. Mais il faut faire un calcul global. Qu\u2019est-ce qui pollue le plus? Une unit\u00e9 de 350m qui transporte l\u2019\u00e9quivalent de 60km de poids lourds ou ces camions diesel sur nos routes? Dans les Alpes, on pourrait lib\u00e9rer Vintimille, les tunnels du Fr\u00e9jus et du Mont-Blanc en cr\u00e9ant des autoroutes de la mer aux conditions \u00e9cologiques strictes. Je suis aussi plut\u00f4t pour une taxe carbone.<\/p>\n<p><strong>Y compris pour les avions, alors que l\u2019a\u00e9roport de Nice va s\u2019\u00e9tendre?<\/strong><\/p>\n<p>On me parle sans cesse des a\u00e9roports. Mais la technologie qui \u00e9volue le plus sur la baisse de l\u2019empreinte carbone, c\u2019est celle de l\u2019aviation.<\/p>\n<p><strong>On reste toutefois loin de l\u2019avion propre\u2026<\/strong><\/p>\n<p>Les avions de derni\u00e8re g\u00e9n\u00e9ration \u00e9mettent 30 \u00e0 40% de CO2 de moins. L\u2019a\u00e9roport de Nice sera neutre en carbone en 2050.<\/p>\n<p><strong>Uniquement ses b\u00e2timents, n\u2019est-ce pas?<\/strong><\/p>\n<p>C\u2019est un tout. Jusqu\u2019au 1er septembre 2022, il n\u2019y avait pas de gare le desservant. Aujourd\u2019hui, elle y est, avec le tramway. Il faut trouver un juste \u00e9quilibre pour ne pas porter atteinte \u00e0 l\u2019attractivit\u00e9 \u00e9conomique.<\/p>\n<p><strong>D\u2019ici \u00e0 2100, 280 millions d\u2019habitants des c\u00f4tes devront partir, selon l\u2019ONU. Comment leur venir en aide alors que les politiques anti-immigration progressent, notamment en France?<\/strong><\/p>\n<p>Il faut leur permettre d\u2019aller plus loin. Exemple: Jakarta [Indon\u00e9sie] o\u00f9 15 millions de personnes vont \u00eatre d\u00e9plac\u00e9es. Mais il ne faut pas que \u00e7a soit un encouragement \u00e0 de grandes migrations qui d\u00e9s\u00e9quilibrent des soci\u00e9t\u00e9s tout enti\u00e8res. La coalition r\u00e9gulera aussi \u00e7a.<\/p>\n<p>              <img ci-src=\"https:\/\/www.nicematin.com\/environnement\/rcaxxq11_fbt_livre+es+%2838745685%29-n37r7KCH.jpg?vh=cdd8ff&amp;ci_seal=9eabb13ed1\" alt=\"\"\/><br \/>\n        Nice accueillera le secr\u00e9tariat g\u00e9n\u00e9ral de la coalition des villes et des r\u00e9gions c\u00f4ti\u00e8res que pr\u00e9side Christian Estrosi. &#13;<br \/>\n <strong>Photo Frantz Bouton.<\/strong> <\/p>\n","protected":false},"excerpt":{"rendered":"La mer monte, inexorablement. Tel est le constat des scientifiques. En cause: le r\u00e9chauffement climatique. Cons\u00e9quences: des villes,&hellip;\n","protected":false},"author":2,"featured_media":157086,"comment_status":"","ping_status":"","sticky":false,"template":"","format":"standard","meta":{"footnotes":""},"categories":[2819],"tags":[1111,11,1129,436,1777,674,1011,27,12,2401,316,882,25],"class_list":{"0":"post-157085","1":"post","2":"type-post","3":"status-publish","4":"format-standard","5":"has-post-thumbnail","7":"category-nice","8":"tag-actu","9":"tag-actualites","10":"tag-climat","11":"tag-environnement","12":"tag-eu","13":"tag-europe","14":"tag-fr","15":"tag-france","16":"tag-news","17":"tag-nice","18":"tag-politique","19":"tag-provence-alpes-cote-dazur","20":"tag-republique-francaise"},"share_on_mastodon":{"url":"https:\/\/pubeurope.com\/@fr\/114637724931723978","error":""},"_links":{"self":[{"href":"https:\/\/www.europesays.com\/fr\/wp-json\/wp\/v2\/posts\/157085","targetHints":{"allow":["GET"]}}],"collection":[{"href":"https:\/\/www.europesays.com\/fr\/wp-json\/wp\/v2\/posts"}],"about":[{"href":"https:\/\/www.europesays.com\/fr\/wp-json\/wp\/v2\/types\/post"}],"author":[{"embeddable":true,"href":"https:\/\/www.europesays.com\/fr\/wp-json\/wp\/v2\/users\/2"}],"replies":[{"embeddable":true,"href":"https:\/\/www.europesays.com\/fr\/wp-json\/wp\/v2\/comments?post=157085"}],"version-history":[{"count":0,"href":"https:\/\/www.europesays.com\/fr\/wp-json\/wp\/v2\/posts\/157085\/revisions"}],"wp:featuredmedia":[{"embeddable":true,"href":"https:\/\/www.europesays.com\/fr\/wp-json\/wp\/v2\/media\/157086"}],"wp:attachment":[{"href":"https:\/\/www.europesays.com\/fr\/wp-json\/wp\/v2\/media?parent=157085"}],"wp:term":[{"taxonomy":"category","embeddable":true,"href":"https:\/\/www.europesays.com\/fr\/wp-json\/wp\/v2\/categories?post=157085"},{"taxonomy":"post_tag","embeddable":true,"href":"https:\/\/www.europesays.com\/fr\/wp-json\/wp\/v2\/tags?post=157085"}],"curies":[{"name":"wp","href":"https:\/\/api.w.org\/{rel}","templated":true}]}}