{"id":157089,"date":"2025-06-06T18:01:16","date_gmt":"2025-06-06T18:01:16","guid":{"rendered":"https:\/\/www.europesays.com\/fr\/157089\/"},"modified":"2025-06-06T18:01:16","modified_gmt":"2025-06-06T18:01:16","slug":"nantes-est-un-laboratoire-pour-legalite-femmes-hommes","status":"publish","type":"post","link":"https:\/\/www.europesays.com\/fr\/157089\/","title":{"rendered":"Nantes est un laboratoire pour l\u2019\u00e9galit\u00e9 femmes-hommes"},"content":{"rendered":"<p>1 Lutte contre les violences faites aux femmes<\/p>\n<p>Les 25 et 26 novembre 2022, la ville de Nantes et Nantes M\u00e9tropole accueillaient, pour la premi\u00e8re fois en France, 2\u00a0500 acteurs et actrices qui se mobilisent et agissent contre les violences sexistes. De ce rendez-vous est n\u00e9 le Manifeste de lutte contre les violences sexistes, sign\u00e9 par une vingtaine de collectivit\u00e9s.<\/p>\n<p>2 Accompagner l\u2019installation d\u2019un centre LGBTQIA+<\/p>\n<p>Aid\u00e9e par la Ville, l\u2019association Nosig a d\u00e9m\u00e9nag\u00e9, en 2023, sur l\u2019\u00eele de Nantes pour un meilleur accueil du public et une mise en visibilit\u00e9 de ses actions pour les droits LGBTQIA +. La Ville contribue \u00e9galement au financement du dispositif Hom\u2019Up pour l\u2019h\u00e9bergement et l\u2019accompagnement social de jeunes LGBTQIA + \u00e2g\u00e9s de 18 \u00e0 25 ans, exclus de leur milieu familial.<\/p>\n<p>3 Installer des distributeurs gratuits de protections p\u00e9riodiques<\/p>\n<p>En 2022, 32 distributeurs de protections p\u00e9riodiques ont \u00e9t\u00e9 install\u00e9s, pour exp\u00e9rimentation, dans divers lieux des onze quartiers de la ville (m\u00e9diath\u00e8que, \u00e9quipement sportif, maison de quartier, parcs, espaces ados, espaces solidaires, etc.). En 2024, 58 sites ont \u00e9t\u00e9 \u00e9quip\u00e9s. En 2025, 70 distributeurs seront install\u00e9s sur le territoire nantais.<\/p>\n<p>4 Des \u00ab\u00a0Journ\u00e9es du Matrimoine\u00a0\u00bb<\/p>\n<p>Depuis septembre 2020, chaque ann\u00e9e, Nantes valorise la place des femmes dans l\u2019histoire de la cit\u00e9 des Ducs. Une \u00ab\u00a0visite guid\u00e9e f\u00e9ministe\u00a0\u00bb de la ville a \u00e9t\u00e9 cr\u00e9\u00e9e et sera r\u00e9organis\u00e9e dans le cadre de la programmation du 8 mars, journ\u00e9e internationale des droits des femmes.<\/p>\n<p>5 Baptiser les rues au f\u00e9minin<\/p>\n<p>Depuis 2016, Nantes f\u00e9minise ses noms de rues et d\u2019\u00e9quipements pour \u00ab\u00a0rendre plus visibles des femmes oubli\u00e9es ou invisibilis\u00e9es\u00a0\u00bb. En 2022 et 2023, 85\u00a0% des nouvelles d\u00e9nominations concernaient des noms de femmes. De grands axes structurants ont notamment \u00e9t\u00e9 cibl\u00e9s, comme les deux boulevards entourant le futur CHU de Nantes (les boulevards Simone-Veil et Gis\u00e8le-Halimi).<\/p>\n<p>6 Repenser les cours des \u00e9coles nantaises<\/p>\n<p>Pour favoriser la mixit\u00e9 filles-gar\u00e7ons, la ville de Nantes s\u2019est engag\u00e9e \u00e0 renouveler ses cours d\u2019\u00e9coles maternelles et primaires. Les am\u00e9nagements et les usages de la cour d\u2019\u00e9cole devront garantir un \u00e9gal acc\u00e8s \u00e0 tous ces espaces, alors qu\u2019aujourd\u2019hui, les gar\u00e7ons en occupent 80\u00a0%, en s\u2019appropriant l\u2019espace central pour jouer au foot.<\/p>\n","protected":false},"excerpt":{"rendered":"1 Lutte contre les violences faites aux femmes Les 25 et 26 novembre 2022, la ville de Nantes&hellip;\n","protected":false},"author":2,"featured_media":157090,"comment_status":"","ping_status":"","sticky":false,"template":"","format":"standard","meta":{"footnotes":""},"categories":[2818],"tags":[1111,11,829,28792,765,1777,674,1011,27,3047,766,12,2636,25],"class_list":{"0":"post-157089","1":"post","2":"type-post","3":"status-publish","4":"format-standard","5":"has-post-thumbnail","7":"category-nantes","8":"tag-actu","9":"tag-actualites","10":"tag-bretagne","11":"tag-egalite-hommes-femmes","12":"tag-en-continu","13":"tag-eu","14":"tag-europe","15":"tag-fr","16":"tag-france","17":"tag-loire-atlantique","18":"tag-nantes","19":"tag-news","20":"tag-pays-de-la-loire","21":"tag-republique-francaise"},"share_on_mastodon":{"url":"https:\/\/pubeurope.com\/@fr\/114637732786874990","error":""},"_links":{"self":[{"href":"https:\/\/www.europesays.com\/fr\/wp-json\/wp\/v2\/posts\/157089","targetHints":{"allow":["GET"]}}],"collection":[{"href":"https:\/\/www.europesays.com\/fr\/wp-json\/wp\/v2\/posts"}],"about":[{"href":"https:\/\/www.europesays.com\/fr\/wp-json\/wp\/v2\/types\/post"}],"author":[{"embeddable":true,"href":"https:\/\/www.europesays.com\/fr\/wp-json\/wp\/v2\/users\/2"}],"replies":[{"embeddable":true,"href":"https:\/\/www.europesays.com\/fr\/wp-json\/wp\/v2\/comments?post=157089"}],"version-history":[{"count":0,"href":"https:\/\/www.europesays.com\/fr\/wp-json\/wp\/v2\/posts\/157089\/revisions"}],"wp:featuredmedia":[{"embeddable":true,"href":"https:\/\/www.europesays.com\/fr\/wp-json\/wp\/v2\/media\/157090"}],"wp:attachment":[{"href":"https:\/\/www.europesays.com\/fr\/wp-json\/wp\/v2\/media?parent=157089"}],"wp:term":[{"taxonomy":"category","embeddable":true,"href":"https:\/\/www.europesays.com\/fr\/wp-json\/wp\/v2\/categories?post=157089"},{"taxonomy":"post_tag","embeddable":true,"href":"https:\/\/www.europesays.com\/fr\/wp-json\/wp\/v2\/tags?post=157089"}],"curies":[{"name":"wp","href":"https:\/\/api.w.org\/{rel}","templated":true}]}}