{"id":157097,"date":"2025-06-06T18:05:13","date_gmt":"2025-06-06T18:05:13","guid":{"rendered":"https:\/\/www.europesays.com\/fr\/157097\/"},"modified":"2025-06-06T18:05:13","modified_gmt":"2025-06-06T18:05:13","slug":"cinq-escapades-immanquables-a-soffrir-pour-ce-week-end-prolonge-pres-de-toulouse","status":"publish","type":"post","link":"https:\/\/www.europesays.com\/fr\/157097\/","title":{"rendered":"Cinq escapades immanquables \u00e0 s&rsquo;offrir pour ce week-end prolong\u00e9, pr\u00e8s de Toulouse"},"content":{"rendered":"<p>            Par<br \/>\n        <strong><br \/>\n            <a href=\"https:\/\/actu.fr\/auteur\/lea-afonso\" title=\"Consulter tous les articles de L\u00e9a Afonso\" rel=\"nofollow noopener\" target=\"_blank\">L\u00e9a Afonso<\/a><br \/>\n        <\/strong><\/p>\n<p>        Publi\u00e9 le<\/p>\n<p>            6 juin 2025 \u00e0 19h02        <\/p>\n<p>Escapade \u00e0 la campagne, d\u00e9couverte de petits villages, farniente au bord d\u2019une plage\u2026 <a href=\"https:\/\/actu.fr\/toulouse\/\" rel=\"nofollow noopener\" target=\"_blank\">Toulouse<\/a> et ses alentours regorgent d\u2019activit\u00e9s \u00e0 faire durant ce <strong>long week-end des 7, 8 et 9\u00a0juin 2025<\/strong>. Voici une s\u00e9lection de<strong> cinq escapades immanquables<\/strong>, concoct\u00e9es par la r\u00e9daction d\u2019Actu Toulouse.<\/p>\n<p>#1. Rieux-Volvestre<br \/>\n    <a href=\"https:\/\/www.facebook.com\/plugins\/post.php?href=https%3A%2F%2Fwww.facebook.com%2FTourismeVolvestre%2Fposts%2Fpfbid0XT4mdgLh6UVTLhM8ybe2ucvTv61oDdecPbTUSxrvLxyheDJVogoDQ5EVWnYvQtrLl&amp;show_text=true&amp;width=350\" title=\"Ouvrie le lien\" rel=\"nofollow noopener\" target=\"_blank\">Cliquez ici pour visualiser le contenu<\/a><\/p>\n<p class=\" wall-content\">\u00c0 moins d\u2019une heure au sud-ouest de Toulouse se niche un petit village au charme d\u2019antan\u2009: <a href=\"https:\/\/actu.fr\/occitanie\/rieux-volvestre_31455\" rel=\"nofollow noopener\" target=\"_blank\"><strong>Rieux-Volvestre<\/strong><\/a>. Travers\u00e9 par la rivi\u00e8re de l\u2019Arize, ses nombreux ponts offrent des vues imprenables sur son centre historique. Entre <strong>maisons \u00e0 colombages, ruelles pittoresques<\/strong> aux briques rouges et imposante <strong>cath\u00e9drale<\/strong>, ce village de moins de 3\u2009000\u00a0habitants invite \u00e0 un v\u00e9ritable voyage hors du temps.<\/p>\n<p>#2. Saint-Bertrand-de-Comminges<br \/>\n    <img   decoding=\"async\" loading=\"lazy\" src=\"https:\/\/www.europesays.com\/fr\/wp-content\/uploads\/2025\/06\/capture-decran-2025-06-06-105147-960x640.png\" alt=\"Saint-Bertrand-de-Comminges et sa magnifique cath\u00e9drale en fond de l'image\" width=\"960\" height=\"640\"\/><br \/>\n    Saint-Bertrand-de-Comminges et sa magnifique cath\u00e9drale en fond de l\u2019image (\u00a9Capture d\u2019\u00e9cran mairie de Saint-Bertrand-de-Comminges)<\/p>\n<p class=\" wall-content\">Class\u00e9 parmi les <strong>Plus Beaux Villages de France<\/strong>, <a href=\"https:\/\/actu.fr\/occitanie\/saint-bertrand-de-comminges_31472\" rel=\"nofollow noopener\" target=\"_blank\"><strong>Saint-Bertrand-de-Comminges<\/strong><\/a> est un v\u00e9ritable joyau nich\u00e9 en Haute-Garonne, \u00e0<strong> moins d\u2019une heure et demie<\/strong> de route de la Ville rose. Perch\u00e9 sur un \u00e9peron rocheux, le village se d\u00e9voile d\u2019abord par sa cath\u00e9drale Sainte-Marie, qui domine fi\u00e8rement les environs. En contrebas, les ruelles pav\u00e9es s\u2019animent, invitant \u00e0 la fl\u00e2nerie entre fa\u00e7ades anciennes et petits commerces. Le tout \u00e0 la vue imprenable sur les sommets des <strong>Pyr\u00e9n\u00e9es<\/strong>.<\/p>\n<p>#3. Martres-Tolosane<br \/>\n    <img   decoding=\"async\" loading=\"lazy\" src=\"https:\/\/www.europesays.com\/fr\/wp-content\/uploads\/2025\/06\/capture-decran-2025-06-06-110321-960x640.png\" alt=\"Martres-Tolosane et son c\u0153ur n\u00e9vralgique organis\u00e9 autour de l'\u00e9glise \" width=\"960\" height=\"640\"\/><br \/>\n    Martres-Tolosane et son c\u0153ur n\u00e9vralgique organis\u00e9 autour de l\u2019\u00e9glise (\u00a9Capture d\u2019\u00e9cran Mairie Martres-Tolosane)<\/p>\n<p class=\" wall-content\">Village natal de la pr\u00e9sidente de r\u00e9gion<a href=\"https:\/\/actu.fr\/tag\/carole-delga\" rel=\"nofollow noopener\" target=\"_blank\"> Carole Delga<\/a>, <a href=\"https:\/\/actu.fr\/occitanie\/martres-tolosane_31324\" rel=\"nofollow noopener\" target=\"_blank\"><strong>Martres-Tolosane<\/strong><\/a>, situ\u00e9 \u00e0 40\u00a0minutes de Toulouse, est une destination id\u00e9ale pour une escapade le temps d\u2019un long week-end. Ce charmant <strong>bourg du Comminges<\/strong> s\u00e9duit par son atmosph\u00e8re paisible et son riche patrimoine. Le c\u0153ur du <strong>village<\/strong> s\u2019articule <strong>autour de l\u2019\u00e9glise Saint-Vidian<\/strong>, v\u00e9ritable centre n\u00e9vralgique autour duquel les b\u00e2tisses s\u2019organisent en cercle. Ruelles sinueuses, fa\u00e7ades en briques et petits artisans compl\u00e8tent le tableau d\u2019un lieu \u00e0 la fois authentique et accueillant.<\/p>\n<p>#4. Lamothe-Capdeville et sa plage d\u2019Ardus<\/p>\n<p class=\" wall-content\"><a href=\"https:\/\/www.instagram.com\/p\/Cwne5rDtd76\/embed\" title=\"Ouvrir le lien sur Instagram\" rel=\"nofollow noopener\" target=\"_blank\">Visualiser le contenu sur Instagram<\/a><\/p>\n<p class=\" wall-content\">\u00c0 la fronti\u00e8re du Tarn-et-Garonne et de la Haute-Garonne se cache un petit coin de paradis\u2009: une <strong>plage<\/strong> nich\u00e9e <strong>au pied d\u2019un ancien moulin<\/strong>, dans le paisible village de <strong>Lamothe-Capdeville<\/strong>. \u00c0 seulement <strong>50\u00a0minutes de Toulouse<\/strong>, la <strong>plage d\u2019Ardus<\/strong>, bord\u00e9e par les eaux fra\u00eeches de l\u2019Aveyron est l\u2019endroit r\u00eav\u00e9 pour se d\u00e9tendre en famille pendant le long week-end de Pentec\u00f4te\u2009: baignade, pique-nique \u00e0 l\u2019ombre des arbres, repas \u00e0 la guinguette ou tout simplement farniente les pieds dans l\u2019eau.<\/p>\n<p class=\" wall-content\">Ce lieu s\u00e9duit aussi par son village lui-m\u00eame, marqu\u00e9 par l\u2019histoire des guerres de Religion au XVIIe\u00a0si\u00e8cle.<\/p>\n<p>#5. Saint-\u00c9lix-le-Ch\u00e2teau<br \/>\n    <img   decoding=\"async\" loading=\"lazy\" src=\"https:\/\/www.europesays.com\/fr\/wp-content\/uploads\/2025\/06\/st-elix-960x640-1-960x640.jpg\" alt=\"Un ch\u00e2teau \u00e0 d\u00e9couvrir le temps d'un week-end\" width=\"960\" height=\"640\"\/><br \/>\n    Un ch\u00e2teau \u00e0 d\u00e9couvrir le temps d\u2019un week-end (\u00a9Le ch\u00e2teau de Saint-Elix-le-Ch\u00e2teau)<\/p>\n<p class=\" wall-content\">\u00c0 seulement 45\u00a0minutes au sud de Toulouse,<a href=\"https:\/\/actu.fr\/occitanie\/saint-elix-le-chateau_31476\/haute-garonne-visible-depuis-l-autoroute-ce-majestueux-chateau-est-aux-encheres-voici-a-quel-prix_51222560.html\" rel=\"nofollow noopener\" target=\"_blank\"><strong> Saint-\u00c9lix-le-Ch\u00e2teau<\/strong><\/a> est un village parfois m\u00e9connu, mais qui m\u00e9rite le d\u00e9tour. Reconnaissable par son <strong>ch\u00e2teau datant du XVIIe<\/strong>\u00a0si\u00e8cle, le village offre de son charme entre patrimoine pr\u00e9serv\u00e9 et nature g\u00e9n\u00e9reuse. Le ch\u00e2teau est d\u2019ailleurs class\u00e9 monument historique depuis 2022.<\/p>\n<p class=\" wall-content\">Le temps d\u2019un long week-end, Saint-\u00c9lix-le-Ch\u00e2teau invite \u00e0 la fl\u00e2nerie et \u00e0 profiter du calme de la campagne.<\/p>\n<p class=\" wall-content\">Suivez toute l\u2019actualit\u00e9 de vos villes et m\u00e9dias favoris en vous inscrivant \u00e0 <a href=\"https:\/\/moncompte.actu.fr\" title=\"D\u00e9couvez Mon Actu\" rel=\"nofollow noopener\" data-trk=\"{&quot;cta&quot;:{&quot;action&quot;:&quot;https:\\\/\\\/moncompte.actu.fr&quot;,&quot;category&quot;:&quot;mon compte&quot;,&quot;from&quot;:&quot;article footer&quot;,&quot;name&quot;:&quot;Mon actu&quot;,&quot;type&quot;:&quot;cta&quot;}}\" target=\"_blank\">Mon Actu<\/a>.<\/p>\n<ul class=\"ac-article-tag wall-content\">\n<li><a href=\"https:\/\/actu.fr\/tag\/histoire\" data-trk=\"{&quot;cta&quot;:{&quot;action&quot;:&quot;Histoire&quot;,&quot;category&quot;:&quot;tag&quot;,&quot;from&quot;:&quot;article footer&quot;,&quot;name&quot;:&quot;Histoire&quot;,&quot;type&quot;:&quot;cta&quot;}}\" rel=\"nofollow noopener\" target=\"_blank\">#Histoire<\/a><\/li>\n<li><a href=\"https:\/\/actu.fr\/tag\/sortir-a-toulouse\" data-trk=\"{&quot;cta&quot;:{&quot;action&quot;:&quot;Sortir \\u00e0 Toulouse&quot;,&quot;category&quot;:&quot;tag&quot;,&quot;from&quot;:&quot;article footer&quot;,&quot;name&quot;:&quot;Sortir \\u00e0 Toulouse&quot;,&quot;type&quot;:&quot;cta&quot;}}\" rel=\"nofollow noopener\" target=\"_blank\">#Sortir \u00e0 Toulouse<\/a><\/li>\n<\/ul>\n<p>                    <script async src=\"\/\/www.instagram.com\/embed.js\"><\/script><\/p>\n","protected":false},"excerpt":{"rendered":"Par L\u00e9a Afonso Publi\u00e9 le 6 juin 2025 \u00e0 19h02 Escapade \u00e0 la campagne, d\u00e9couverte de petits villages,&hellip;\n","protected":false},"author":2,"featured_media":157098,"comment_status":"","ping_status":"","sticky":false,"template":"","format":"standard","meta":{"footnotes":""},"categories":[2816],"tags":[1111,11,1777,674,1011,27,937,1652,12,2680,25,1341,2312],"class_list":{"0":"post-157097","1":"post","2":"type-post","3":"status-publish","4":"format-standard","5":"has-post-thumbnail","7":"category-toulouse","8":"tag-actu","9":"tag-actualites","10":"tag-eu","11":"tag-europe","12":"tag-fr","13":"tag-france","14":"tag-histoire","15":"tag-loisirs-culture","16":"tag-news","17":"tag-occitanie","18":"tag-republique-francaise","19":"tag-sortir-a-toulouse","20":"tag-toulouse"},"share_on_mastodon":{"url":"https:\/\/pubeurope.com\/@fr\/114637748909859724","error":""},"_links":{"self":[{"href":"https:\/\/www.europesays.com\/fr\/wp-json\/wp\/v2\/posts\/157097","targetHints":{"allow":["GET"]}}],"collection":[{"href":"https:\/\/www.europesays.com\/fr\/wp-json\/wp\/v2\/posts"}],"about":[{"href":"https:\/\/www.europesays.com\/fr\/wp-json\/wp\/v2\/types\/post"}],"author":[{"embeddable":true,"href":"https:\/\/www.europesays.com\/fr\/wp-json\/wp\/v2\/users\/2"}],"replies":[{"embeddable":true,"href":"https:\/\/www.europesays.com\/fr\/wp-json\/wp\/v2\/comments?post=157097"}],"version-history":[{"count":0,"href":"https:\/\/www.europesays.com\/fr\/wp-json\/wp\/v2\/posts\/157097\/revisions"}],"wp:featuredmedia":[{"embeddable":true,"href":"https:\/\/www.europesays.com\/fr\/wp-json\/wp\/v2\/media\/157098"}],"wp:attachment":[{"href":"https:\/\/www.europesays.com\/fr\/wp-json\/wp\/v2\/media?parent=157097"}],"wp:term":[{"taxonomy":"category","embeddable":true,"href":"https:\/\/www.europesays.com\/fr\/wp-json\/wp\/v2\/categories?post=157097"},{"taxonomy":"post_tag","embeddable":true,"href":"https:\/\/www.europesays.com\/fr\/wp-json\/wp\/v2\/tags?post=157097"}],"curies":[{"name":"wp","href":"https:\/\/api.w.org\/{rel}","templated":true}]}}