{"id":157099,"date":"2025-06-06T18:06:18","date_gmt":"2025-06-06T18:06:18","guid":{"rendered":"https:\/\/www.europesays.com\/fr\/157099\/"},"modified":"2025-06-06T18:06:18","modified_gmt":"2025-06-06T18:06:18","slug":"en-images-le-gigantesque-projet-sensorium-est-termine-a-la-madeleine-apres-8-ans-de-travaux","status":"publish","type":"post","link":"https:\/\/www.europesays.com\/fr\/157099\/","title":{"rendered":"EN IMAGES. Le gigantesque projet Sensorium est termin\u00e9 \u00e0 La Madeleine apr\u00e8s 8 ans de travaux"},"content":{"rendered":"<p>            Par<br \/>\n        <strong><br \/>\n            <a href=\"https:\/\/actu.fr\/auteur\/margot-nicodeme\" title=\"Consulter tous les articles de Margot Nicod\u00e8me\" rel=\"nofollow noopener\" target=\"_blank\">Margot Nicod\u00e8me<\/a><br \/>\n        <\/strong><\/p>\n<p>        Publi\u00e9 le<\/p>\n<p>            6 juin 2025 \u00e0 17h20        <\/p>\n<p>C\u2019est l\u2019aboutissement de <b>8 ans de travail<\/b>, temps de r\u00e9flexions et temps de chantier confondus, et <b>un renouveau certain<\/b> pour le site dit du Tir \u00e0 l\u2019arc \u00e0 <a href=\"https:\/\/actu.fr\/hauts-de-france\/la-madeleine_59368\" rel=\"nofollow noopener\" target=\"_blank\">La Madeleine<\/a> (Nord). Aujourd\u2019hui, <b>c\u2019est <a href=\"https:\/\/actu.fr\/hauts-de-france\/la-madeleine_59368\/cest-quoi-ce-chantier-titanesque-en-bordure-du-vieux-lille_60108077.html\" rel=\"nofollow noopener\" target=\"_blank\">Sensorium<\/a><\/b> : <b>une petite cit\u00e9 \u00e0 l\u2019entr\u00e9e de la ville<\/b>, s\u00e9par\u00e9e du <b>Vieux-Lille<\/b> par le p\u00e9riph\u00e9rique qui s\u2019\u00e9tire le long du boulevard Schuman.<b> 18 000 m\u00b2 de bureaux<\/b>, dont la moiti\u00e9 est d\u00e9j\u00e0 occup\u00e9e par un m\u00eame locataire, <b>135 logements<\/b>, une cr\u00e8che, une brasserie \u00e0 venir, <b>8 000 m\u00b2 d\u2019espaces verts<\/b>\u2026 L\u2019apr\u00e8s n\u2019a plus rien \u00e0 voir avec l\u2019avant, un \u00ab\u00a0parking provisoire\u00a0\u00bb malfam\u00e9, qui fut occasionnellement le th\u00e9\u00e2tre de la <a href=\"https:\/\/actu.fr\/hauts-de-france\/lille_59350\/lille-age-de-19-ans-il-prostituait-une-adolescente-de-14-ans-et-sa-petite-amie_62389830.html\" rel=\"nofollow noopener\" target=\"_blank\">prostitution<\/a> et du trafic de stup\u00e9fiants. <b>La m\u00e9tamorphose est unanimement jug\u00e9e remarquable<\/b>, \u00e0 l\u2019inauguration officielle ce vendredi 6 juin 2025. Visite de ce paquebot vitr\u00e9 et des alentours, port\u00e9s par deux mastodontes de la promotion immobili\u00e8re.<\/p>\n<p>    <img   decoding=\"async\" loading=\"lazy\" class=\"size-large\" src=\"https:\/\/www.europesays.com\/fr\/wp-content\/uploads\/2025\/06\/9bf69bdff248612179bdff248e9279v-960x640.jpg\" alt=\"Le site Sensorium borde le p\u00e9riph\u00e9rique et fait face au futur palais de justice, \u00e0 la limite du Vieux-Lille. Pour le maire S\u00e9bastien Lepr\u00eatre, c'est \" un=\"\" environnement=\"\" marqu=\"\" par=\"\" une=\"\" tr=\"\" forte=\"\" effervescence=\"\" width=\"960\" height=\"640\"\/><br \/>\n    Le site Sensorium borde le p\u00e9riph\u00e9rique et fait face au futur palais de justice, \u00e0 la limite du Vieux-Lille. Pour le maire S\u00e9bastien Lepr\u00eatre, c\u2019est \u00ab\u00a0un environnement marqu\u00e9 par une tr\u00e8s forte effervescence\u00a0\u00bb. \u00a9Margot Nicod\u00e8meSensorium se d\u00e9voile \u00e0 La Madeleine apr\u00e8s 8 ann\u00e9es : la moiti\u00e9 des bureaux d\u00e9j\u00e0 lou\u00e9e<\/p>\n<p class=\" wall-content\">Difficile, en arrivant aux portes de Sensorium, par l\u00e0 m\u00eame o\u00f9 se dresse <a href=\"https:\/\/actu.fr\/hauts-de-france\/la-madeleine_59368\/a-lentree-du-vieux-lille-cest-quoi-cette-enigmatique-statue-aux-allures-de-film-dhorreur_62703917.html\" rel=\"nofollow noopener\" target=\"_blank\">une statue peu rassurante<\/a>, de se rem\u00e9morer<b>\u00a0ce qui a pr\u00e9c\u00e9d\u00e9 ces am\u00e9nagements pharaoniques<\/b>. Comme le maire S\u00e9bastien Lepr\u00eatre l\u2019a expliqu\u00e9, l\u2019endroit s\u2019apparentait davantage \u00e0 un terrain vague, servant tant\u00f4t de <a href=\"https:\/\/actu.fr\/hauts-de-france\/lille_59350\/lille-un-caniparc-un-vrai-avec-fontaine-a-eau-et-jeux-pour-chiens-prend-forme-a-la-citadelle_62129343.html\" rel=\"nofollow noopener\" target=\"_blank\">caniparc<\/a> mal entretenu, tant\u00f4t d\u2019arri\u00e8re cour aux activit\u00e9s de prostitution <a href=\"https:\/\/actu.fr\/hauts-de-france\/lille_59350\/lenfer-pour-les-filles-et-les-riverains-main-tendue-les-dessous-de-la-prostitution-a-lille_60742709.html\" rel=\"nofollow noopener\" target=\"_blank\">de l\u2019avenue du Peuple belge.<\/a> Le trafic de stup\u00e9fiants s\u2019y \u00e9tait aussi d\u00e9port\u00e9, \u00e0 deux pas d&rsquo;\u00a0\u00bbun skatepark en fin de vie\u00a0\u00bb, d\u00e9crit l\u2019\u00e9dile. C\u2019est de l\u2019histoire ancienne : apr\u00e8s <b>une cession \u00e0 22 millions d\u2019euros<\/b>, empoch\u00e9s par la municipalit\u00e9, le site renait de ses cendres.\u00a0<\/p>\n<p>    <img   decoding=\"async\" loading=\"lazy\" class=\"size-large\" src=\"https:\/\/www.europesays.com\/fr\/wp-content\/uploads\/2025\/06\/b8359bdff2486ac359bdff248a0459v-960x640.jpg\" alt=\"Une place publique, avec bancs et station V'Lille flambant neuve, s'articule autour de la myst\u00e9rieuse statue, qui sera d\u00e9voil\u00e9e le 18 juin.\" width=\"960\" height=\"640\"\/><br \/>\n    Une place publique, avec bancs et station V\u2019Lille flambant neuve, s\u2019articule autour de la myst\u00e9rieuse statue, qui sera d\u00e9voil\u00e9e le 18 juin. \u00a9Margot Nicod\u00e8me<\/p>\n<p class=\" wall-content\">Ce sont les promoteurs <b>Bouygues Immobilier et Sogeprom-Projectim<\/b> qui ont livr\u00e9 l\u2019ensemble de bureaux et de logements. Pour la fonction professionnelle, c\u2019\u00e9taient 18 000 m\u00b2 qui \u00e9taient mis \u00e0 disposition ; <b>Malakoff Humanis<\/b> <b>avait sign\u00e9 un bail<\/b> pour <b>la moiti\u00e9 de la surface<\/b> aussit\u00f4t qu\u2019en 2022.<\/p>\n<p class=\" wall-content\">Restent donc 9 000 m\u00b2 \u00e0 investir, r\u00e9partis sur 7 niveaux. L\u2019engouement attendu parmi les avocats, alors que le <a href=\"https:\/\/actu.fr\/hauts-de-france\/lille_59350\/la-mairie-de-lille-veut-installer-une-partie-du-futur-palais-de-justice-dans-les-locaux-de-liae_61021982.html\" rel=\"nofollow noopener\" target=\"_blank\">futur tribunal<\/a> se construit de l\u2019autre c\u00f4t\u00e9 du carrefour, n\u2019a pas (encore ?) eu lieu. Les salari\u00e9s de Malakoff Humanis, eux, prendront en tous cas leurs quartiers en septembre 2025. Le cadre est r\u00e9solument moderne, avec 1 km de balcons, un syst\u00e8me de r\u00e9cup\u00e9ration des eaux pluviales pour l\u2019arrosage automatique et les toilettes, ainsi que des panneaux solaires alimentant l\u2019\u00e9clairage des parties communes.<\/p>\n<p>135 logements dont 41 rel\u00e8vent du parc social<\/p>\n<p class=\" wall-content\">C\u00f4t\u00e9 logements, il y en a 135 au total, dans cinq b\u00e2timents.<b> 94 sont en accession \u00e0 la propri\u00e9t\u00e9<\/b> (entre 3 787 \u20ac \/m\u00b2 et 4 142\u20ac \/m\u00b2), les <b>41 autres rel\u00e8vent du parc social<\/b>. Des appartements allant de 40 \u00e0 120 m\u00b2, avec des places de parking, des balcons, un jardin public, et des <b>espaces verts sur les toits<\/b>. A minima un espace partag\u00e9 au 4e ou au 5e \u00e9tage selon les b\u00e2timents, et des parcelles priv\u00e9es pour certains propri\u00e9taires.\u00a0<\/p>\n<p>    <img   decoding=\"async\" loading=\"lazy\" class=\"size-large\" src=\"https:\/\/www.europesays.com\/fr\/wp-content\/uploads\/2025\/06\/92bc5bdff248696bc5bdff2486abc5v-960x640.jpg\" alt=\"Apr\u00e8s 8 ans d'intense r\u00e9flexion et de travaux, Sensorium a \u00e9t\u00e9 inaugur\u00e9 le 6 juin 2025. C'est une cit\u00e9 aux portes de La Madeleine, qui aura, \u00e0 terme, deux commerces et a d\u00e9j\u00e0 une cr\u00e8che.&#10;_\" width=\"960\" height=\"640\"\/><br \/>\n    Apr\u00e8s 8 ans d\u2019intense r\u00e9flexion et de travaux, Sensorium a \u00e9t\u00e9 inaugur\u00e9 le 6 juin 2025. C\u2019est une cit\u00e9 aux portes de La Madeleine, qui aura, \u00e0 terme, deux commerces et a d\u00e9j\u00e0 une cr\u00e8che. _ \u00a9Margot Nicod\u00e8me<\/p>\n<p class=\" wall-content\">La v\u00e9g\u00e9talisation a pris une part d\u00e9terminante dans l\u2019\u00e9laboration du projet. Sensorium r\u00e9unit<b> 8 000 m\u00b2 d\u2019espaces verts<\/b>, \u00ab\u00a0en pleine terre et en toiture\u00a0\u00bb, pour un total de<b> 300 arbres<\/b>, acquis il y a plusieurs ann\u00e9es chez un p\u00e9pini\u00e9riste local. Une place publique, avec des bancs et une toute nouvelle station V\u2019Lille, a \u00e9t\u00e9 implant\u00e9e c\u00f4t\u00e9 rue du G\u00e9n\u00e9ral de Gaulle. Elle est d\u2019ailleurs surplomb\u00e9e par la myst\u00e9rieuse statue, qui sera d\u00e9voil\u00e9e le 18 juin prochain.\u00a0<\/p>\n<p class=\" wall-content\">Pour S\u00e9bastien Lepr\u00eatre, le positionnement de Sensorium est un crit\u00e8re d\u2019attractivit\u00e9 indiscutable.<\/p>\n<blockquote class=\"ac-article-quote wall-content\">\n<p>\u00ab\u00a0C\u2019est un projet innovant dans un environnement marqu\u00e9 par une tr\u00e8s forte effervescence, entre le tramway qui passera juste l\u00e0 (le long du p\u00e9riph\u00e9rique, ndlr)\u00a0dans 10 ans, le Metropolitan Square qui n\u2019est pas tr\u00e8s loin\u2026 Et on peut encore citer la superbe halle scientifique qui a \u00e9t\u00e9 inaugur\u00e9e r\u00e9cemment juste en face, au lyc\u00e9e Valentine-Labb\u00e9.\u00a0\u00bb<\/p>\n<p>S\u00e9bastien Lepr\u00eatre, maire de La Madeleine.<\/p><\/blockquote>\n<p>    <img   decoding=\"async\" loading=\"lazy\" class=\"size-large\" src=\"https:\/\/www.europesays.com\/fr\/wp-content\/uploads\/2025\/06\/64059bdff248678059bdff2486c059v-960x640.jpg\" alt=\"Ce sont 8 000 m\u00b2 d'espaces verts, en pleine terre ou sur les toits, comme ici c\u00f4t\u00e9 bureaux, qui ont \u00e9t\u00e9 implant\u00e9s \u00e0 Sensorium.\" width=\"960\" height=\"640\"\/><br \/>\n    Ce sont 8 000 m\u00b2 d\u2019espaces verts, en pleine terre ou sur les toits, comme ici c\u00f4t\u00e9 bureaux, qui ont \u00e9t\u00e9 implant\u00e9s \u00e0 Sensorium. \u00a9Margot Nicod\u00e8me<br \/>\n    <img   decoding=\"async\" loading=\"lazy\" class=\"size-large\" src=\"https:\/\/www.europesays.com\/fr\/wp-content\/uploads\/2025\/06\/99e7abdff24869de7abdff24881f7av-960x640.jpg\" alt=\"Les occupants des logements, comme les promeneurs, peuvent profiter d'un jardin public. Au total, 135 logements peuplent Sensorium, dont 41 logements sociaux.\" width=\"960\" height=\"640\"\/><br \/>\n    Les occupants des logements, comme les promeneurs, peuvent profiter d\u2019un jardin public. Au total, 135 logements peuplent Sensorium, dont 41 logements sociaux. \u00a9Margot Nicod\u00e8meDes \u00ab\u00a0projets bien plus lourds, bien plus denses\u00a0\u00bb \u00e9cart\u00e9s, malgr\u00e9 de plus grosses enveloppes<\/p>\n<p class=\" wall-content\">Le maire revient, enfin, sur la \u00ab\u00a0menace\u00a0\u00bb qui planait sur ce terrain du Tir \u00e0 l\u2019arc, fin 2017. L\u2019\u00e9cho d\u2019une acquisition par le minist\u00e8re de la Justice, <a href=\"https:\/\/actu.fr\/hauts-de-france\/la-madeleine_59368\/cest-quoi-ce-chantier-titanesque-en-bordure-du-vieux-lille_60108077.html\" rel=\"nofollow noopener\" target=\"_blank\">pour en faire un parking silo<\/a> (\u00e0 plusieurs niveaux), s\u2019\u00e9tait alors fait entendre. La municipalit\u00e9, le redit-il, \u00ab\u00a0a vu d\u2019un tr\u00e8s mauvais \u0153il l\u2019arriv\u00e9e d\u2019un immense parking ici. C\u2019est la menace \u00e0 laquelle nous avons \u00e9chapp\u00e9.\u00a0\u00bb\u00a0<\/p>\n<p>    <img   decoding=\"async\" loading=\"lazy\" class=\"size-large\" src=\"https:\/\/www.europesays.com\/fr\/wp-content\/uploads\/2025\/06\/9bdac31379056bfdac3137905a3eacv-960x640.jpg\" alt=\"Le projet Sensorium, \u00e0 la limite de La Madeleine et de Lille, pr\u00e9voit 150 logements, dont pr\u00e8s d'un tiers seront des logements sociaux.\" width=\"960\" height=\"640\"\/><br \/>\n    Voici \u00e0 quoi ressemblait le projet Sensorium, \u00e0 ses premiers. La photo date de septembre 2023. \u00a9Margot \u00a0Nicod\u00e8me<\/p>\n<p class=\" wall-content\">20 candidatures avaient alors \u00e9t\u00e9 r\u00e9colt\u00e9es, avec une offre maximale atteignant les 36 millions d\u2019euros, soit 14 millions de plus que la proposition retenue. Elle fut rapidement \u00e9cart\u00e9e. \u00ab\u00a0Nous avons renonc\u00e9 \u00e0 des projets bien plus lourds, bien plus denses et hauts que Sensorium\u00a0\u00bb, conclut S\u00e9bastien Lepr\u00eatre, manifestant \u00ab\u00a0sa tr\u00e8s grande satisfaction\u00a0\u00bb, 8 ans apr\u00e8s le choix qui fut le sien et celui de son \u00e9quipe municipale.<\/p>\n<p class=\" wall-content\">Suivez toute l\u2019actualit\u00e9 de vos villes et m\u00e9dias favoris en vous inscrivant \u00e0 <a href=\"https:\/\/moncompte.actu.fr\" title=\"D\u00e9couvez Mon Actu\" rel=\"nofollow noopener\" data-trk=\"{&quot;cta&quot;:{&quot;action&quot;:&quot;https:\\\/\\\/moncompte.actu.fr&quot;,&quot;category&quot;:&quot;mon compte&quot;,&quot;from&quot;:&quot;article footer&quot;,&quot;name&quot;:&quot;Mon actu&quot;,&quot;type&quot;:&quot;cta&quot;}}\" target=\"_blank\">Mon Actu<\/a>.<\/p>\n","protected":false},"excerpt":{"rendered":"Par Margot Nicod\u00e8me Publi\u00e9 le 6 juin 2025 \u00e0 17h20 C\u2019est l\u2019aboutissement de 8 ans de travail, temps&hellip;\n","protected":false},"author":2,"featured_media":157100,"comment_status":"","ping_status":"","sticky":false,"template":"","format":"standard","meta":{"footnotes":""},"categories":[2815],"tags":[1111,11,1777,674,1011,27,811,1307,1908,12,25,104,1352],"class_list":{"0":"post-157099","1":"post","2":"type-post","3":"status-publish","4":"format-standard","5":"has-post-thumbnail","7":"category-lille","8":"tag-actu","9":"tag-actualites","10":"tag-eu","11":"tag-europe","12":"tag-fr","13":"tag-france","14":"tag-hauts-de-france","15":"tag-lille","16":"tag-logement","17":"tag-news","18":"tag-republique-francaise","19":"tag-societe","20":"tag-urbanisme"},"share_on_mastodon":{"url":"https:\/\/pubeurope.com\/@fr\/114637752681479256","error":""},"_links":{"self":[{"href":"https:\/\/www.europesays.com\/fr\/wp-json\/wp\/v2\/posts\/157099","targetHints":{"allow":["GET"]}}],"collection":[{"href":"https:\/\/www.europesays.com\/fr\/wp-json\/wp\/v2\/posts"}],"about":[{"href":"https:\/\/www.europesays.com\/fr\/wp-json\/wp\/v2\/types\/post"}],"author":[{"embeddable":true,"href":"https:\/\/www.europesays.com\/fr\/wp-json\/wp\/v2\/users\/2"}],"replies":[{"embeddable":true,"href":"https:\/\/www.europesays.com\/fr\/wp-json\/wp\/v2\/comments?post=157099"}],"version-history":[{"count":0,"href":"https:\/\/www.europesays.com\/fr\/wp-json\/wp\/v2\/posts\/157099\/revisions"}],"wp:featuredmedia":[{"embeddable":true,"href":"https:\/\/www.europesays.com\/fr\/wp-json\/wp\/v2\/media\/157100"}],"wp:attachment":[{"href":"https:\/\/www.europesays.com\/fr\/wp-json\/wp\/v2\/media?parent=157099"}],"wp:term":[{"taxonomy":"category","embeddable":true,"href":"https:\/\/www.europesays.com\/fr\/wp-json\/wp\/v2\/categories?post=157099"},{"taxonomy":"post_tag","embeddable":true,"href":"https:\/\/www.europesays.com\/fr\/wp-json\/wp\/v2\/tags?post=157099"}],"curies":[{"name":"wp","href":"https:\/\/api.w.org\/{rel}","templated":true}]}}