{"id":157101,"date":"2025-06-06T18:07:12","date_gmt":"2025-06-06T18:07:12","guid":{"rendered":"https:\/\/www.europesays.com\/fr\/157101\/"},"modified":"2025-06-06T18:07:12","modified_gmt":"2025-06-06T18:07:12","slug":"villefranche-sur-saone-de-lille-a-collioure-ce-pompier-rejoint-le-sud-en-fauteuil-roulant","status":"publish","type":"post","link":"https:\/\/www.europesays.com\/fr\/157101\/","title":{"rendered":"Villefranche-sur-Sa\u00f4ne. De Lille \u00e0 Collioure, ce pompier rejoint le Sud en fauteuil roulant"},"content":{"rendered":"<p>Parti de M\u00e2con le matin m\u00eame, Nicolas Marfil, adjudant-chef sapeur-pompier au sein du SDIS du Nord, attach\u00e9 au service communication, est arriv\u00e9 devant la mairie sous des applaudissements nourris. Il y a de quoi\u00a0!<\/p>\n<p>Parti du nord de la France, le 20\u00a0mai dernier, il descend l\u2019axe nord-sud \u00e0 la force des bras, en fauteuil roulant. Il est suivi par Patrick Li\u00e9tard, ancien pompier chef de centre, actuel coach de l\u2019\u00e9quipe handibasket, qui&#8230;<\/p>\n","protected":false},"excerpt":{"rendered":"Parti de M\u00e2con le matin m\u00eame, Nicolas Marfil, adjudant-chef sapeur-pompier au sein du SDIS du Nord, attach\u00e9 au&hellip;\n","protected":false},"author":2,"featured_media":157102,"comment_status":"","ping_status":"","sticky":false,"template":"","format":"standard","meta":{"footnotes":""},"categories":[2815],"tags":[1111,11,3156,1777,674,1011,27,1943,811,1307,12,25,104,15992,15993],"class_list":{"0":"post-157101","1":"post","2":"type-post","3":"status-publish","4":"format-standard","5":"has-post-thumbnail","7":"category-lille","8":"tag-actu","9":"tag-actualites","10":"tag-edition-villefranche","11":"tag-eu","12":"tag-europe","13":"tag-fr","14":"tag-france","15":"tag-handicap","16":"tag-hauts-de-france","17":"tag-lille","18":"tag-news","19":"tag-republique-francaise","20":"tag-societe","21":"tag-villefranche-sur-saone","22":"tag-villefranche-sur-saone-ville"},"share_on_mastodon":{"url":"https:\/\/pubeurope.com\/@fr\/114637756418563569","error":""},"_links":{"self":[{"href":"https:\/\/www.europesays.com\/fr\/wp-json\/wp\/v2\/posts\/157101","targetHints":{"allow":["GET"]}}],"collection":[{"href":"https:\/\/www.europesays.com\/fr\/wp-json\/wp\/v2\/posts"}],"about":[{"href":"https:\/\/www.europesays.com\/fr\/wp-json\/wp\/v2\/types\/post"}],"author":[{"embeddable":true,"href":"https:\/\/www.europesays.com\/fr\/wp-json\/wp\/v2\/users\/2"}],"replies":[{"embeddable":true,"href":"https:\/\/www.europesays.com\/fr\/wp-json\/wp\/v2\/comments?post=157101"}],"version-history":[{"count":0,"href":"https:\/\/www.europesays.com\/fr\/wp-json\/wp\/v2\/posts\/157101\/revisions"}],"wp:featuredmedia":[{"embeddable":true,"href":"https:\/\/www.europesays.com\/fr\/wp-json\/wp\/v2\/media\/157102"}],"wp:attachment":[{"href":"https:\/\/www.europesays.com\/fr\/wp-json\/wp\/v2\/media?parent=157101"}],"wp:term":[{"taxonomy":"category","embeddable":true,"href":"https:\/\/www.europesays.com\/fr\/wp-json\/wp\/v2\/categories?post=157101"},{"taxonomy":"post_tag","embeddable":true,"href":"https:\/\/www.europesays.com\/fr\/wp-json\/wp\/v2\/tags?post=157101"}],"curies":[{"name":"wp","href":"https:\/\/api.w.org\/{rel}","templated":true}]}}