{"id":157105,"date":"2025-06-06T18:09:09","date_gmt":"2025-06-06T18:09:09","guid":{"rendered":"https:\/\/www.europesays.com\/fr\/157105\/"},"modified":"2025-06-06T18:09:09","modified_gmt":"2025-06-06T18:09:09","slug":"a-marseille-on-a-rencontre-ses-fans-avant-son-concert-au-velodrome","status":"publish","type":"post","link":"https:\/\/www.europesays.com\/fr\/157105\/","title":{"rendered":"\u00e0 Marseille, on a rencontr\u00e9 ses fans avant son concert au V\u00e9lodrome"},"content":{"rendered":"<p>Son concert \u00e9tait \u00e9videmment tr\u00e8s attendu. Ce vendredi 6\u00a0juin, peu avant l\u2019ouverture des portes <a href=\"https:\/\/www.laprovence.com\/article\/culture-loisirs\/20826751746287\/ed-sheeran-une-symphonie-de-pop-folk-et-poesie-attendue-a-lorange-velodrome\" target=\"_blank\" rel=\"noopener\">du stade V\u00e9lodrome pour le concert d\u2019Ed Sheeran<\/a>, l\u2019ambiance est bon enfant et se ressent d\u00e8s la station de m\u00e9tro station Castellane, o\u00f9 les fans du chanteur Ed Sheeran &#8211;\u00a0en majorit\u00e9 des filles\u00a0&#8211; patientent et reprennent en ch\u0153ur les morceaux qui l\u2019ont fait conna\u00eetre\u00a0: Sing, Shape on you et Perfect (connu pour \u00eatre le tube des mariages, selon Kelly, Avignonnaise).<\/p>\n<p>Certains spectateurs n\u2019avaient quant \u00e0 eux pas attendu l\u2019embouteillage de derni\u00e8re minute et \u00e9taient arriv\u00e9s tr\u00e8s t\u00f4t, d\u00e8s le matin, pour esp\u00e9rer \u00eatre aux premi\u00e8res loges. D\u2019autres, qui n\u2019avaient pas r\u00e9ussi \u00e0 obtenir de billets, esp\u00e9raient encore pouvoir en acheter \u00e0 la derni\u00e8re minute. Au total, plus de 60\u00a0000\u00a0spectateurs devaient au show attendu de trois heures de l\u2019artiste.<\/p>\n<p>\u00ab\u00a0Du baume au c\u0153ur\u00a0\u00bb<\/p>\n<p>\u00c9lise et son amie Sara viennent d\u2019Aix-en-Provence. Au-del\u00e0 de voir la star chanter, elles \u00e9voquent d\u2019abord \u00ab\u00a0un mec tr\u00e8s chouette\u00a0\u00bb qui les accompagne depuis l\u2019adolescence. \u00ab\u00a0Ses ballades sont hyper vari\u00e9es. Quand on a le blues, on \u00e9coute Ed Sheeran et \u00e7a va tout de suite mieux. Il met du baume au c\u0153ur dans notre quotidien\u00a0\u00bb, affirment-elles.<\/p>\n","protected":false},"excerpt":{"rendered":"Son concert \u00e9tait \u00e9videmment tr\u00e8s attendu. Ce vendredi 6\u00a0juin, peu avant l\u2019ouverture des portes du stade V\u00e9lodrome pour&hellip;\n","protected":false},"author":2,"featured_media":157106,"comment_status":"","ping_status":"","sticky":false,"template":"","format":"standard","meta":{"footnotes":""},"categories":[2814],"tags":[17,1111,11,20639,251,394,1777,674,1011,27,747,884,12,882,746,25,22248,5426],"class_list":{"0":"post-157105","1":"post","2":"type-post","3":"status-publish","4":"format-standard","5":"has-post-thumbnail","7":"category-marseille","8":"tag-17","9":"tag-actu","10":"tag-actualites","11":"tag-attend","12":"tag-culture","13":"tag-depuis","14":"tag-eu","15":"tag-europe","16":"tag-fr","17":"tag-france","18":"tag-lon","19":"tag-marseille","20":"tag-news","21":"tag-provence-alpes-cote-dazur","22":"tag-que","23":"tag-republique-francaise","24":"tag-sheeran","25":"tag-temps"},"share_on_mastodon":{"url":"https:\/\/pubeurope.com\/@fr\/114637764247420786","error":""},"_links":{"self":[{"href":"https:\/\/www.europesays.com\/fr\/wp-json\/wp\/v2\/posts\/157105","targetHints":{"allow":["GET"]}}],"collection":[{"href":"https:\/\/www.europesays.com\/fr\/wp-json\/wp\/v2\/posts"}],"about":[{"href":"https:\/\/www.europesays.com\/fr\/wp-json\/wp\/v2\/types\/post"}],"author":[{"embeddable":true,"href":"https:\/\/www.europesays.com\/fr\/wp-json\/wp\/v2\/users\/2"}],"replies":[{"embeddable":true,"href":"https:\/\/www.europesays.com\/fr\/wp-json\/wp\/v2\/comments?post=157105"}],"version-history":[{"count":0,"href":"https:\/\/www.europesays.com\/fr\/wp-json\/wp\/v2\/posts\/157105\/revisions"}],"wp:featuredmedia":[{"embeddable":true,"href":"https:\/\/www.europesays.com\/fr\/wp-json\/wp\/v2\/media\/157106"}],"wp:attachment":[{"href":"https:\/\/www.europesays.com\/fr\/wp-json\/wp\/v2\/media?parent=157105"}],"wp:term":[{"taxonomy":"category","embeddable":true,"href":"https:\/\/www.europesays.com\/fr\/wp-json\/wp\/v2\/categories?post=157105"},{"taxonomy":"post_tag","embeddable":true,"href":"https:\/\/www.europesays.com\/fr\/wp-json\/wp\/v2\/tags?post=157105"}],"curies":[{"name":"wp","href":"https:\/\/api.w.org\/{rel}","templated":true}]}}