{"id":157111,"date":"2025-06-06T18:12:08","date_gmt":"2025-06-06T18:12:08","guid":{"rendered":"https:\/\/www.europesays.com\/fr\/157111\/"},"modified":"2025-06-06T18:12:08","modified_gmt":"2025-06-06T18:12:08","slug":"vigilance-meteo-aux-orages-declenchee-a-paris-et-en-ile-de-france-ou-et-quand-vont-ils-frapper-actu-fr","status":"publish","type":"post","link":"https:\/\/www.europesays.com\/fr\/157111\/","title":{"rendered":"Vigilance m\u00e9t\u00e9o aux orages d\u00e9clench\u00e9e \u00e0 Paris et en \u00cele-de-France : o\u00f9 et quand vont-ils frapper ? &#8211; Actu.fr"},"content":{"rendered":"<ol>\n<li><a href=\"https:\/\/news.google.com\/rss\/articles\/CBMizAFBVV95cUxOOEozdTVIdkRYMUlkYlI4SlBGSDc1MlBNWHpHcVdzZUFCWERfaEhwYmNpai1TMDF0ZFpZT25oVlpXSTdKSzZGM0FnNzRzd01vWTJ5N0dJa1F1a21EVlFBRVNJSGdJcGxaVnB6QWQ2WkFhcHRlUHJkV3dXQ1hzcTk0d1Z1ZEpwbVN2YzIwSDJTVThfakhtX3N2SUJJN1BiOGlYUXYzOXBNdmVPZHY1SkJpQUFhWmJJUThCQ1A4dHdEbnYyVHBHRlN6RFY5cDg?oc=5\" target=\"_blank\" rel=\"noopener\">Vigilance m\u00e9t\u00e9o aux orages d\u00e9clench\u00e9e \u00e0 Paris et en \u00cele-de-France : o\u00f9 et quand vont-ils frapper ?<\/a>&nbsp;&nbsp;Actu.fr<\/li>\n<li><a href=\"https:\/\/news.google.com\/rss\/articles\/CBMiogFBVV95cUxNOE5fYmI1QjdCSmRCRHprVnVXenhBRmoyRHlFT1VDS1BrZ1dGNHl1RE1YalR4RGJfcURNRjA3U01NR01yYTBLejZhYlBCazJyeTZoOEJ3RENxNVFKQUU3UkJ1cFEzRWF6RmswZEt6UnN3azhOeWY5dzQ4bzAyRkFwTjhyUFpldkkyMXV5OUd3a21kbEdhMlZMV0NFVl9MVElFMWc?oc=5\" target=\"_blank\" rel=\"noopener\">Alerte M\u00e9t\u00e9o : Orages gr\u00ealig\u00e8nes au centre-est jusqu&rsquo;\u00e0 samedi<\/a>&nbsp;&nbsp;La Cha\u00eene M\u00e9t\u00e9o<\/li>\n<li><a href=\"https:\/\/news.google.com\/rss\/articles\/CBMi0wFBVV95cUxOeV9PMzczQTdhbVFkeHIxenRpbU53MUREZUhNU19rby1pcUxUQlREMHBRekRfTFFoRTZaUnF3WHhCcVoyWHZqVHlBdjdUUkhsWFN3QnkwLUh4WGRmVHdyUERQZjlrTU41Xzc3SjFkQzd0akVvdTAyMU40TG91UHR5N3JJWXdrbW8tNlJ2U3dIWGZIZXFiUko3cGtpMlNYUDFESjQ3Mm1OcjIzN0V2eVBkeV94MG5sTFBZRnU2ckdOVXJxeTMyM3dMSDZ6V2FSak9CM013?oc=5\" target=\"_blank\" rel=\"noopener\">M\u00e9t\u00e9o en France : sept d\u00e9partements d\u00e9sormais plac\u00e9s en vigilance orange aux orages<\/a>&nbsp;&nbsp;Orange<\/li>\n<li><a href=\"https:\/\/news.google.com\/rss\/articles\/CBMiswFBVV95cUxQYnNhMGRNN2d1MkhlZ0VjMTdxYkl4TUtOWThkYTZncGIwbm9qMEQ0d1dYVzN4SXF1MUhjZ2xoOERyLVhRYUNmWHVuaUxoM1N6RnBHcmZKSF94bzVuWDlJQV93ZjVJMXlLYW1fcENSS2dFVFZQLW1OeWM5ZlUxYUdmcDYzOTV4V05mLXFwUE5DQU84dFFRU2UyajhMNzA3WkphSG8zR3Y4bHdEeGJwc0ZYTk5sNNIBuAFBVV95cUxPRnYteVpvYVFYMXFVZUdLRjJKR0s5SUIzQ3pMTFhLVjBwd0lGYXF6M2F2VnJfcVJVcTNnVlk1QzRJQ05SRzE3NUhKS1pFbS0xbmFYaHhodkR2NjhJTldxMTFWTXdvUEpZUGlQM2RSbUR0RkhRampiNk9MTGZfbThabGRoNE96bVFUS3pXdzZkWTFaeGRiVFJHVGF1SnNiNlNwMW5TQXR6eWJIclpnZzU4ZU56QmhMTmh2?oc=5\" target=\"_blank\" rel=\"noopener\">M\u00e9t\u00e9o : ces 16 d\u00e9partements o\u00f9 de la gr\u00eale devrait tomber ce vendredi<\/a>&nbsp;&nbsp;CNews<\/li>\n<li><a href=\"https:\/\/news.google.com\/rss\/articles\/CBMitwFBVV95cUxQUDRKMm9QV0s2Wm0zdkxWUTRZeW5oTmlaRXJXRWt4TXczcl9MWXdGRVNNRGlKNXRoUVVqTkNheXdBMGx3YkhsUlYzSV9ZTms1Mm9udU1oOEwzNmF3UHpJdTI1ZGdDZ3pzUG54SnFVcHNOaUh0TTRwZjZIY0c5SGJHd21qWS16RTZrV1NrYXZQTG1SVWQ4UzlTRVNXcVh0UnkwQmo3MnozMF9RTlhmU3JSWjBicDNUYUk?oc=5\" target=\"_blank\" rel=\"noopener\">Forez. Leur maison a \u00e9t\u00e9 d\u00e9truite par la tornade : ils lancent un appel \u00e0 l\u2019aide<\/a>&nbsp;&nbsp;leprogres.fr<\/li>\n<\/ol>\n","protected":false},"excerpt":{"rendered":"Vigilance m\u00e9t\u00e9o aux orages d\u00e9clench\u00e9e \u00e0 Paris et en \u00cele-de-France : o\u00f9 et quand vont-ils frapper ?&nbsp;&nbsp;Actu.fr Alerte&hellip;\n","protected":false},"author":2,"featured_media":139304,"comment_status":"","ping_status":"","sticky":false,"template":"","format":"standard","meta":{"footnotes":""},"categories":[1592],"tags":[1111,11,1777,674,1011,27,662,2357,12,4594,626,25,104],"class_list":{"0":"post-157111","1":"post","2":"type-post","3":"status-publish","4":"format-standard","5":"has-post-thumbnail","7":"category-ile-de-france","8":"tag-actu","9":"tag-actualites","10":"tag-eu","11":"tag-europe","12":"tag-fr","13":"tag-france","14":"tag-ile-de-france","15":"tag-meteo-france","16":"tag-news","17":"tag-orages","18":"tag-paris","19":"tag-republique-francaise","20":"tag-societe"},"share_on_mastodon":{"url":"https:\/\/pubeurope.com\/@fr\/114637776172704974","error":""},"_links":{"self":[{"href":"https:\/\/www.europesays.com\/fr\/wp-json\/wp\/v2\/posts\/157111","targetHints":{"allow":["GET"]}}],"collection":[{"href":"https:\/\/www.europesays.com\/fr\/wp-json\/wp\/v2\/posts"}],"about":[{"href":"https:\/\/www.europesays.com\/fr\/wp-json\/wp\/v2\/types\/post"}],"author":[{"embeddable":true,"href":"https:\/\/www.europesays.com\/fr\/wp-json\/wp\/v2\/users\/2"}],"replies":[{"embeddable":true,"href":"https:\/\/www.europesays.com\/fr\/wp-json\/wp\/v2\/comments?post=157111"}],"version-history":[{"count":0,"href":"https:\/\/www.europesays.com\/fr\/wp-json\/wp\/v2\/posts\/157111\/revisions"}],"wp:featuredmedia":[{"embeddable":true,"href":"https:\/\/www.europesays.com\/fr\/wp-json\/wp\/v2\/media\/139304"}],"wp:attachment":[{"href":"https:\/\/www.europesays.com\/fr\/wp-json\/wp\/v2\/media?parent=157111"}],"wp:term":[{"taxonomy":"category","embeddable":true,"href":"https:\/\/www.europesays.com\/fr\/wp-json\/wp\/v2\/categories?post=157111"},{"taxonomy":"post_tag","embeddable":true,"href":"https:\/\/www.europesays.com\/fr\/wp-json\/wp\/v2\/tags?post=157111"}],"curies":[{"name":"wp","href":"https:\/\/api.w.org\/{rel}","templated":true}]}}