{"id":157112,"date":"2025-06-06T18:13:08","date_gmt":"2025-06-06T18:13:08","guid":{"rendered":"https:\/\/www.europesays.com\/fr\/157112\/"},"modified":"2025-06-06T18:13:08","modified_gmt":"2025-06-06T18:13:08","slug":"attention-voyageurs-votre-ligne-de-bus-peut-changer-de-numero-des-la-rentree","status":"publish","type":"post","link":"https:\/\/www.europesays.com\/fr\/157112\/","title":{"rendered":"attention voyageurs, votre ligne de bus peut changer de num\u00e9ro d\u00e8s la rentr\u00e9e"},"content":{"rendered":"<p>            Par<br \/>\n        <strong><br \/>\n            <a href=\"https:\/\/actu.fr\/auteur\/vanessa-relouzat\" title=\"Consulter tous les articles de Vanessa Aspe\" rel=\"nofollow noopener\" target=\"_blank\">Vanessa Aspe<\/a><br \/>\n        <\/strong><\/p>\n<p>        Publi\u00e9 le<\/p>\n<p>            6 juin 2025 \u00e0 19h20        <\/p>\n<p data-end=\"607\">Pr\u00e9parez-vous \u00e0 un changement majeur dans le r\u00e9seau de bus local. En effet, \u00e0 partir du 15\u00a0septembre prochain, les voyageurs de la<a href=\"https:\/\/www.iledefrance-mobilites.fr\/actualites\/locales\/brie-et-2-morin\" rel=\"nofollow noopener\" target=\"_blank\"> Brie et des 2 Morin<\/a> vont devoir prendre une nouvelle habitude : se familiariser avec la modification de num\u00e9rotation de leurs lignes de bus. Un changement d\u00e9cid\u00e9 par<a href=\"https:\/\/www.iledefrance-mobilites.fr\/\" rel=\"nofollow noopener\" target=\"_blank\"> \u00cele-de-France Mobilit\u00e9s<\/a> (IDFM), pour rendre le r\u00e9seau plus simple, plus lisible, et surtout, moins confus. Explications.<\/p>\n<p>Exit les doublons<\/p>\n<p data-end=\"1093\" class=\" wall-content\">Jusqu\u2019\u00e0 pr\u00e9sent, les lignes de bus du secteur, comme ailleurs en \u00cele-de-France, portaient parfois des noms difficiles \u00e0 retenir ou partag\u00e9s avec d\u2019autres lignes ailleurs dans la r\u00e9gion.<\/p>\n<blockquote class=\"ac-article-quote wall-content\">\n<p>1 900 lignes, avec des syst\u00e8mes de num\u00e9rotation qui cohabitent.<\/p>\n<p>\u00cele-de-France Mobilit\u00e9s<\/p><\/blockquote>\n<p data-end=\"1093\" class=\" wall-content\">R\u00e9sultat : des doublons, des erreurs, des incompr\u00e9hensions. Il existait par exemple 13 lignes portant le num\u00e9ro\u00a010 sur l\u2019ensemble du r\u00e9seau francilien.<\/p>\n<p data-end=\"1093\" class=\" wall-content\">Une source de confusion \u00e9vidente, notamment pour les recherches sur les applications de transport ou pour les voyageurs peu familiers du r\u00e9seau. \u00ab Le r\u00e9seau de bus francilien est compos\u00e9 d\u2019environ 1 900 lignes, avec des syst\u00e8mes de num\u00e9rotation qui cohabitent, mais qui ne se ressemblent pas \u00bb, pointe IDFM, dans un communiqu\u00e9.<\/p>\n<p data-end=\"1537\" class=\" wall-content\">\u00c0 partir de la rentr\u00e9e prochaine, tout change : dans la Brie et les 2 Morin, toutes les lignes seront renum\u00e9rot\u00e9es \u00e0 partir d\u2019un indicatif commun, le chiffre 24. Concr\u00e8tement, la ligne 03A deviendra la ligne 2403.<\/p>\n<p data-end=\"1537\" class=\" wall-content\">La logique est simple : 24 pour localiser le secteur, puis le num\u00e9ro d\u2019origine \u00e0 la suite. Les lignes Express, quant \u00e0 elles, commenceront d\u00e9sormais par le code du d\u00e9partement. Par exemple, la ligne Express 17 deviendra la 7717. La ligne Express 62 de la gare de La Fert\u00e9-sous-Jouarre \u00e0 Marne-la-Vall\u00e9e Chessy Sud deviendra la ligne 7712\u2026<\/p>\n<p>Trajets et fr\u00e9quences inchang\u00e9s<\/p>\n<p data-end=\"2633\" class=\" wall-content\">Mais pour l\u2019instant, pas de panique : aucun changement de trajet, ni de fr\u00e9quence n\u2019est pr\u00e9vu pour septembre. Le service reste identique, seuls les num\u00e9ros changent. L\u2019objectif est d\u2019abord de rendre les lignes plus facilement identifiables, que ce soit sur les plans, les bornes ou les outils num\u00e9riques.<\/p>\n<p data-end=\"2633\" class=\" wall-content\">Pour les habitants du territoire, ce changement s\u2019inscrit dans une volont\u00e9 plus large de modernisation. Avec pr\u00e8s de 300 000\u00a0habitants r\u00e9partis sur un large secteur entre zones rurales et communes p\u00e9riurbaines, le d\u00e9fi est de taille.\u00a0Un petit changement pour les voyageurs, mais une grande \u00e9tape pour l\u2019avenir du r\u00e9seau.<\/p>\n<p>O\u00f9 se renseigner ?<\/p>\n<p data-end=\"3761\" class=\" wall-content\">Les usagers pourront s\u2019appuyer sur plusieurs outils pour s\u2019y retrouver : le site iledefrance-mobilites.fr, l\u2019application mobile d\u00e9di\u00e9e, ou encore la page d\u2019informations sp\u00e9cifique \u00e0 la Brie et aux 2 Morin. Une campagne d\u2019information locale est \u00e9galement pr\u00e9vue, avec affiches, d\u00e9pliants et accompagnement en gare et dans les bus.<\/p>\n<p data-end=\"3761\" class=\" wall-content\">Un num\u00e9ro vert est aussi \u00e0 disposition : 0 800 10 20 20.<\/p>\n<p class=\" wall-content\">Suivez toute l\u2019actualit\u00e9 de vos villes et m\u00e9dias favoris en vous inscrivant \u00e0 <a href=\"https:\/\/moncompte.actu.fr\" title=\"D\u00e9couvez Mon Actu\" rel=\"nofollow noopener\" data-trk=\"{&quot;cta&quot;:{&quot;action&quot;:&quot;https:\\\/\\\/moncompte.actu.fr&quot;,&quot;category&quot;:&quot;mon compte&quot;,&quot;from&quot;:&quot;article footer&quot;,&quot;name&quot;:&quot;Mon actu&quot;,&quot;type&quot;:&quot;cta&quot;}}\" target=\"_blank\">Mon Actu<\/a>.<\/p>\n<ul class=\"ac-article-tag wall-content\">\n<li><a href=\"https:\/\/actu.fr\/tag\/ile-de-france-mobilites\" data-trk=\"{&quot;cta&quot;:{&quot;action&quot;:&quot;Ile-de-France Mobilit\\u00e9s&quot;,&quot;category&quot;:&quot;tag&quot;,&quot;from&quot;:&quot;article footer&quot;,&quot;name&quot;:&quot;Ile-de-France Mobilit\\u00e9s&quot;,&quot;type&quot;:&quot;cta&quot;}}\" rel=\"nofollow noopener\" target=\"_blank\">#Ile-de-France Mobilit\u00e9s<\/a><\/li>\n<li><a href=\"https:\/\/actu.fr\/tag\/transport\" data-trk=\"{&quot;cta&quot;:{&quot;action&quot;:&quot;Transport&quot;,&quot;category&quot;:&quot;tag&quot;,&quot;from&quot;:&quot;article footer&quot;,&quot;name&quot;:&quot;Transport&quot;,&quot;type&quot;:&quot;cta&quot;}}\" rel=\"nofollow noopener\" target=\"_blank\">#Transport<\/a><\/li>\n<\/ul>\n","protected":false},"excerpt":{"rendered":"Par Vanessa Aspe Publi\u00e9 le 6 juin 2025 \u00e0 19h20 Pr\u00e9parez-vous \u00e0 un changement majeur dans le r\u00e9seau&hellip;\n","protected":false},"author":2,"featured_media":157113,"comment_status":"","ping_status":"","sticky":false,"template":"","format":"standard","meta":{"footnotes":""},"categories":[1592],"tags":[1111,11,1777,674,1011,27,662,10883,12,626,25,104,2803],"class_list":{"0":"post-157112","1":"post","2":"type-post","3":"status-publish","4":"format-standard","5":"has-post-thumbnail","7":"category-ile-de-france","8":"tag-actu","9":"tag-actualites","10":"tag-eu","11":"tag-europe","12":"tag-fr","13":"tag-france","14":"tag-ile-de-france","15":"tag-ile-de-france-mobilites","16":"tag-news","17":"tag-paris","18":"tag-republique-francaise","19":"tag-societe","20":"tag-transport"},"share_on_mastodon":{"url":"https:\/\/pubeurope.com\/@fr\/114637780054084523","error":""},"_links":{"self":[{"href":"https:\/\/www.europesays.com\/fr\/wp-json\/wp\/v2\/posts\/157112","targetHints":{"allow":["GET"]}}],"collection":[{"href":"https:\/\/www.europesays.com\/fr\/wp-json\/wp\/v2\/posts"}],"about":[{"href":"https:\/\/www.europesays.com\/fr\/wp-json\/wp\/v2\/types\/post"}],"author":[{"embeddable":true,"href":"https:\/\/www.europesays.com\/fr\/wp-json\/wp\/v2\/users\/2"}],"replies":[{"embeddable":true,"href":"https:\/\/www.europesays.com\/fr\/wp-json\/wp\/v2\/comments?post=157112"}],"version-history":[{"count":0,"href":"https:\/\/www.europesays.com\/fr\/wp-json\/wp\/v2\/posts\/157112\/revisions"}],"wp:featuredmedia":[{"embeddable":true,"href":"https:\/\/www.europesays.com\/fr\/wp-json\/wp\/v2\/media\/157113"}],"wp:attachment":[{"href":"https:\/\/www.europesays.com\/fr\/wp-json\/wp\/v2\/media?parent=157112"}],"wp:term":[{"taxonomy":"category","embeddable":true,"href":"https:\/\/www.europesays.com\/fr\/wp-json\/wp\/v2\/categories?post=157112"},{"taxonomy":"post_tag","embeddable":true,"href":"https:\/\/www.europesays.com\/fr\/wp-json\/wp\/v2\/tags?post=157112"}],"curies":[{"name":"wp","href":"https:\/\/api.w.org\/{rel}","templated":true}]}}