{"id":157118,"date":"2025-06-06T18:16:10","date_gmt":"2025-06-06T18:16:10","guid":{"rendered":"https:\/\/www.europesays.com\/fr\/157118\/"},"modified":"2025-06-06T18:16:10","modified_gmt":"2025-06-06T18:16:10","slug":"mort-de-nahel-une-petition-reclamant-lacquittement-du-policier-florian-recueille-deja-plus-de-200-000-signatures","status":"publish","type":"post","link":"https:\/\/www.europesays.com\/fr\/157118\/","title":{"rendered":"Mort de Nahel : une p\u00e9tition r\u00e9clamant l&rsquo;acquittement du policier Florian recueille d\u00e9j\u00e0 plus de 200 000 signatures"},"content":{"rendered":"<p>\tMort de Nahel : une p\u00e9tition r\u00e9clamant l&rsquo;acquittement du policier Florian recueille d\u00e9j\u00e0 plus de 200 000 signatures &#8211; Valeurs actuelles<\/p>\n<p><a href=\"https:\/\/www.valeursactuelles.com\/\" rel=\"nofollow noopener\" target=\"_blank\">Accueil<\/a> \u00bb <a href=\"https:\/\/www.valeursactuelles.com\/societe\" rel=\"nofollow noopener\" target=\"_blank\">Soci\u00e9t\u00e9<\/a> \u00bb Mort de Nahel : une p\u00e9tition r\u00e9clamant l\u2019acquittement du policier Florian recueille d\u00e9j\u00e0 plus de 200 000 signatures<\/p>\n","protected":false},"excerpt":{"rendered":"Mort de Nahel : une p\u00e9tition r\u00e9clamant l&rsquo;acquittement du policier Florian recueille d\u00e9j\u00e0 plus de 200 000 signatures&hellip;\n","protected":false},"author":2,"featured_media":157119,"comment_status":"","ping_status":"","sticky":false,"template":"","format":"standard","meta":{"footnotes":""},"categories":[1888],"tags":[11,1777,674,1011,27,303,28793,12,626,2844,1072,25],"class_list":{"0":"post-157118","1":"post","2":"type-post","3":"status-publish","4":"format-standard","5":"has-post-thumbnail","7":"category-paris","8":"tag-actualites","9":"tag-eu","10":"tag-europe","11":"tag-fr","12":"tag-france","13":"tag-justice","14":"tag-nahel","15":"tag-news","16":"tag-paris","17":"tag-petition","18":"tag-police","19":"tag-republique-francaise"},"share_on_mastodon":{"url":"https:\/\/pubeurope.com\/@fr\/114637791819514714","error":""},"_links":{"self":[{"href":"https:\/\/www.europesays.com\/fr\/wp-json\/wp\/v2\/posts\/157118","targetHints":{"allow":["GET"]}}],"collection":[{"href":"https:\/\/www.europesays.com\/fr\/wp-json\/wp\/v2\/posts"}],"about":[{"href":"https:\/\/www.europesays.com\/fr\/wp-json\/wp\/v2\/types\/post"}],"author":[{"embeddable":true,"href":"https:\/\/www.europesays.com\/fr\/wp-json\/wp\/v2\/users\/2"}],"replies":[{"embeddable":true,"href":"https:\/\/www.europesays.com\/fr\/wp-json\/wp\/v2\/comments?post=157118"}],"version-history":[{"count":0,"href":"https:\/\/www.europesays.com\/fr\/wp-json\/wp\/v2\/posts\/157118\/revisions"}],"wp:featuredmedia":[{"embeddable":true,"href":"https:\/\/www.europesays.com\/fr\/wp-json\/wp\/v2\/media\/157119"}],"wp:attachment":[{"href":"https:\/\/www.europesays.com\/fr\/wp-json\/wp\/v2\/media?parent=157118"}],"wp:term":[{"taxonomy":"category","embeddable":true,"href":"https:\/\/www.europesays.com\/fr\/wp-json\/wp\/v2\/categories?post=157118"},{"taxonomy":"post_tag","embeddable":true,"href":"https:\/\/www.europesays.com\/fr\/wp-json\/wp\/v2\/tags?post=157118"}],"curies":[{"name":"wp","href":"https:\/\/api.w.org\/{rel}","templated":true}]}}