{"id":157127,"date":"2025-06-06T18:21:10","date_gmt":"2025-06-06T18:21:10","guid":{"rendered":"https:\/\/www.europesays.com\/fr\/157127\/"},"modified":"2025-06-06T18:21:10","modified_gmt":"2025-06-06T18:21:10","slug":"le-prince-harry-bientot-ruine-cette-enorme-somme-dargent-quil-risque-de-devoir-payer-au-royaume-uni","status":"publish","type":"post","link":"https:\/\/www.europesays.com\/fr\/157127\/","title":{"rendered":"Le prince Harry bient\u00f4t ruin\u00e9\u00a0? Cette \u00e9norme somme d&rsquo;argent qu&rsquo;il risque de devoir payer au Royaume-Uni"},"content":{"rendered":"<p><a href=\"https:\/\/www.parismatch.be\/actualites\/people\/2025\/05\/07\/interview-choc-du-prince-harry-a-cause-de-certaines-revelations-il-risque-la-prison-SUBDCBPOKJCW7MYWBJCZ67W7XI\/\" target=\"_blank\" rel=\"noopener noreferrer\" class=\"ap-StoryInterstitialLink ap-StoryElement ap-StoryElement--mb\">Interview choc du prince Harry : \u00e0 cause de certaines r\u00e9v\u00e9lations, il risque\u2026 la prison !<\/a>Harry oblig\u00e9 de rembourser plus d&rsquo;un million d&rsquo;euros ?<\/p>\n<p class=\"ap-StoryElement ap-StoryElement--mb ap-StoryText\">Pour ce proc\u00e8s, intent\u00e9 par le prince Harry, le gouvernement britannique a d\u00fb d\u00e9bourser de grosses sommes afin de r\u00e9gler les frais d&rsquo;avocat. Comme le rapporte le Daily Mail, le minist\u00e8re de l&rsquo;Int\u00e9rieur a estim\u00e9 ces frais juridiques \u00e0 778 000 euros : 657 000 euros en premi\u00e8re instance et plus de 120 000 euros en seconde instance.<\/p>\n<p class=\"ap-StoryElement ap-StoryElement--mb ap-StoryText\">Comme le mari de <a href=\"https:\/\/www.parismatch.be\/actualites\/people\/2025\/05\/30\/on-ressent-beaucoup-de-culpabilite-cet-aspect-de-la-vie-dentrepreneuse-que-meghan-markle-narrive-pas-a-assumer-RLUBYRHGU5G45HCRUQFGGZQXHA\/\" target=\"_self\" rel=\"noopener\">Meghan Markle<\/a> a perdu son proc\u00e8s, que ce soit en premi\u00e8re instance ou en appel, il pourrait donc de voir rembourser les frais engag\u00e9s par le gouvernement britannique. \u00c0 cela, il faut ajouter ses propres frais juridiques, ce qui nous am\u00e8ne \u00e0 une somme de 1,7 million d&rsquo;euros.<\/p>\n<p><a href=\"https:\/\/www.parismatch.be\/actualites\/people\/2025\/02\/07\/meghan-markle-decue-des-son-arrivee-dans-la-famille-royale-elle-sattendait-a-un-milliardaire-elle-a-eu-un-millionnaire-FD32QAQVDFBGHER5D4GRZ4STSU\/\" target=\"_blank\" rel=\"noopener noreferrer\" class=\"ap-StoryInterstitialLink ap-StoryElement ap-StoryElement--mb\">Meghan Markle d\u00e9\u00e7ue d\u00e8s son arriv\u00e9e dans la famille royale : \u00ab\u00a0Elle s&rsquo;attendait \u00e0 un milliardaire, elle a eu un millionnaire\u00a0\u00bb<\/a><\/p>\n<p class=\"ap-StoryElement ap-StoryElement--mb ap-StoryText\">Mais le duc de Sussex va-t-il r\u00e9ellement devoir payer cette somme ? \u00ab\u00a0L&rsquo;ann\u00e9e derni\u00e8re, apr\u00e8s avoir perdu le proc\u00e8s initial, un juge a ordonn\u00e9 \u00e0 Harry de rembourser 90 % des frais de justice\u00a0\u00bb, rappelle le tablo\u00efd, cit\u00e9 par Closer. Il semblerait donc que ce proc\u00e8s co\u00fbte bien plus que pr\u00e9vu au prince Harry.<\/p>\n","protected":false},"excerpt":{"rendered":"Interview choc du prince Harry : \u00e0 cause de certaines r\u00e9v\u00e9lations, il risque\u2026 la prison !Harry oblig\u00e9 de&hellip;\n","protected":false},"author":2,"featured_media":157128,"comment_status":"","ping_status":"","sticky":false,"template":"","format":"standard","meta":{"footnotes":""},"categories":[1588],"tags":[11,1261,28794,1777,674,418,303,12107,12,267,2694,473,1853,25724,1851,1850,1852],"class_list":{"0":"post-157127","1":"post","2":"type-post","3":"status-publish","4":"format-standard","5":"has-post-thumbnail","7":"category-royaume-uni","8":"tag-actualites","9":"tag-argent","10":"tag-duc-de-sussex","11":"tag-eu","12":"tag-europe","13":"tag-gouvernement","14":"tag-justice","15":"tag-million","16":"tag-news","17":"tag-prince-harry","18":"tag-proces","19":"tag-royaume-uni","20":"tag-royaume-uni-de-grande-bretagne-et-dirlande-du-nord","21":"tag-sussex","22":"tag-uk","23":"tag-united-kingdom","24":"tag-united-kingdom-of-great-britain-and-northern-ireland"},"share_on_mastodon":{"url":"https:\/\/pubeurope.com\/@fr\/114637811597040007","error":""},"_links":{"self":[{"href":"https:\/\/www.europesays.com\/fr\/wp-json\/wp\/v2\/posts\/157127","targetHints":{"allow":["GET"]}}],"collection":[{"href":"https:\/\/www.europesays.com\/fr\/wp-json\/wp\/v2\/posts"}],"about":[{"href":"https:\/\/www.europesays.com\/fr\/wp-json\/wp\/v2\/types\/post"}],"author":[{"embeddable":true,"href":"https:\/\/www.europesays.com\/fr\/wp-json\/wp\/v2\/users\/2"}],"replies":[{"embeddable":true,"href":"https:\/\/www.europesays.com\/fr\/wp-json\/wp\/v2\/comments?post=157127"}],"version-history":[{"count":0,"href":"https:\/\/www.europesays.com\/fr\/wp-json\/wp\/v2\/posts\/157127\/revisions"}],"wp:featuredmedia":[{"embeddable":true,"href":"https:\/\/www.europesays.com\/fr\/wp-json\/wp\/v2\/media\/157128"}],"wp:attachment":[{"href":"https:\/\/www.europesays.com\/fr\/wp-json\/wp\/v2\/media?parent=157127"}],"wp:term":[{"taxonomy":"category","embeddable":true,"href":"https:\/\/www.europesays.com\/fr\/wp-json\/wp\/v2\/categories?post=157127"},{"taxonomy":"post_tag","embeddable":true,"href":"https:\/\/www.europesays.com\/fr\/wp-json\/wp\/v2\/tags?post=157127"}],"curies":[{"name":"wp","href":"https:\/\/api.w.org\/{rel}","templated":true}]}}