{"id":157129,"date":"2025-06-06T18:22:10","date_gmt":"2025-06-06T18:22:10","guid":{"rendered":"https:\/\/www.europesays.com\/fr\/157129\/"},"modified":"2025-06-06T18:22:10","modified_gmt":"2025-06-06T18:22:10","slug":"les-contre-verites-du-csac-en-rdc","status":"publish","type":"post","link":"https:\/\/www.europesays.com\/fr\/157129\/","title":{"rendered":"les contre-v\u00e9rit\u00e9s du CSAC en RDC"},"content":{"rendered":"<p>Non, il n\u2019y a pas de parti nazi en Allemagne. C\u2019est pourtant ce qu\u2019a laiss\u00e9 entendre le pr\u00e9sident de l\u2019organe de r\u00e9gulation des m\u00e9dias en RDC. Christian Bosembe s\u2019exprimait sur la DW et Radio Okapi et r\u00e9agissait \u00e0 <a href=\"https:\/\/fr.news.yahoo.com\/rdc-m%C3%A9dias-interdits-parler-activit%C3%A9s-174700330.html\" data-ylk=\"slk:l\u2019interdiction faite aux m\u00e9dias de parler des activit\u00e9s du parti de l\u2019ancien pr\u00e9sident Joseph Kabila;elm:context_link;itc:0;sec:content-canvas;outcm:mb_qualified_link;_E:mb_qualified_link;ct:story;\" class=\"link  yahoo-link\" target=\"_blank\" rel=\"noopener\">l\u2019interdiction faite aux m\u00e9dias de parler des activit\u00e9s du parti de l\u2019ancien pr\u00e9sident Joseph Kabila<\/a>. Le pr\u00e9sident du CSAC a fait allusion \u00e0 plusieurs pays occidentaux, dont l\u2019Allemagne, qui, selon lui, n\u2019accorderaient pas la parole \u00e0 un parti nazi.<\/p>\n<p><a href=\"https:\/\/fr.news.yahoo.com\/voie-ouverte-%C3%A0-poursuites-contre-075200438.html\" data-ylk=\"slk:L&#039;ex-pr\u00e9sident congolais, qui a vu ses immunit\u00e9s lev\u00e9es;elm:context_link;itc:0;sec:content-canvas;outcm:mb_qualified_link;_E:mb_qualified_link;ct:story;\" class=\"link  yahoo-link\" target=\"_blank\" rel=\"noopener\">L&rsquo;ex-pr\u00e9sident congolais, qui a vu ses immunit\u00e9s lev\u00e9es<\/a>, est accus\u00e9 de participation \u00e0 un mouvement insurrectionnel. Il se serait alli\u00e9 aux rebelles du M23, selon le pouvoir de Kinshasa.<\/p>\n<p>Les activit\u00e9s de son parti, le PPRD, ont \u00e9t\u00e9 suspendues et la presse a \u00e9t\u00e9 interdite de couvrir les activit\u00e9s du PPRD. Le pr\u00e9sident du CSAC, Christian Bosembe, a alors indiqu\u00e9 sur Radio Okapi que \u00ab\u00a0les membres du parti nazi ne peuvent pas passer dans un m\u00e9dia allemand\u00a0\u00bb.<\/p>\n<p>Pour Hans Stark, professeur \u00e0 l\u2019universit\u00e9 de la Sorbonne \u00e0 Paris et sp\u00e9cialiste des questions allemandes, il n\u2019y a pas un parti nazi en Allemagne : \u00ab\u00a0La r\u00e9ponse est non, parce que le parti nazi, c\u2019est le NSDAP de monsieur Hitler. Il a \u00e9t\u00e9 dissous et interdit en 1945.\u00a0\u00bb <\/p>\n<p>AfD, parti d\u2019extr\u00eame droite<\/p>\n<p>Il existe un parti ultranationaliste, appel\u00e9 die Heimat (la Patrie en fran\u00e7ais), qui se r\u00e9clame du nazisme, selon le professeur Stark. Il ajoute que ce parti est toutefois insignifiant et qu\u2019il continue de mener ses activit\u00e9s politiques dans les m\u00e9dias et sur les r\u00e9seaux sociaux. On le retrouve notamment dans l\u2019est de l\u2019Allemagne.<\/p>\n<p>Qu\u2019en est-il alors du parti AfD, Alternative pour l\u2019Allemagne ?<\/p>\n<p>On ne sait pas si c\u2019est \u00e0 celui-ci que Christian Bosembe faisait allusion en parlant de parti nazi. <a href=\"https:\/\/fr.news.yahoo.com\/parti-afd-class%C3%A9-mouvement-extr%C3%A9miste-172100018.html\" data-ylk=\"slk:Cette formation a \u00e9t\u00e9 class\u00e9e, il y a un mois, parti extr\u00e9miste de droite av\u00e9r\u00e9;elm:context_link;itc:0;sec:content-canvas;outcm:mb_qualified_link;_E:mb_qualified_link;ct:story;\" class=\"link  yahoo-link\" target=\"_blank\" rel=\"noopener\">Cette formation a \u00e9t\u00e9 class\u00e9e, il y a un mois, parti extr\u00e9miste de droite av\u00e9r\u00e9<\/a> par l\u2019Office de protection de la Constitution. L&rsquo;AfD a port\u00e9 plainte. On attend un verdict dans les mois \u00e0 venir.<\/p>\n<p>Mais le parti d\u2019extr\u00eame droite, qui est arriv\u00e9 deuxi\u00e8me \u00e0 l\u2019issue des derni\u00e8res l\u00e9gislatives, n\u2019est pas un parti nazi et n\u2019est pas interdit d\u2019activit\u00e9, il est pr\u00e9sent dans l\u2019espace public et s\u2019exprime dans les m\u00e9dias. <\/p>\n<p>Hans Stark confirme ainsi que \u00ab\u00a0l&rsquo;AfD n\u2019est pas un parti nazi\u00a0\u00bb. <\/p>\n<p>\u00ab\u00a0En revanche, poursuit Hans Stark, on peut le consid\u00e9rer comme un parti d\u2019extr\u00eame droite, parce qu\u2019il y a quand m\u00eame des diff\u00e9rences, des nuances entre l\u2019extr\u00eame droite d\u2019un c\u00f4t\u00e9 et le national-socialisme qui va beaucoup plus loin que l\u2019extr\u00eame droite.\u00a0\u00bb  <\/p>\n<p>Mesure conservatoire <\/p>\n<p>Selon le pr\u00e9sident du CSAC sur Radio Okapi, l\u2019interdiction faite aux m\u00e9dias congolais de diffuser les manifestations et interviews de Joseph Kabila, cadre influent du PPRD, est une mesure conservatoire.<\/p>\n<p>\u00ab\u00a0Prouvez que vous \u00eates innocents et que vous n\u2019avez rien \u00e0 voir avec tout ce qu\u2019on vous reproche et vous reprendrez vos droits\u00a0\u00bb, a indiqu\u00e9 Christian Bosembe, sur Radio Okapi. Pour qui le PPRD est sanctionn\u00e9 pour ses accointances et menacerait la s\u00e9curit\u00e9 nationale.<\/p>\n<p>La mesure est d\u00e9nonc\u00e9e par de nombreuses organisations des droits humains et de la presse. <\/p>\n","protected":false},"excerpt":{"rendered":"Non, il n\u2019y a pas de parti nazi en Allemagne. C\u2019est pourtant ce qu\u2019a laiss\u00e9 entendre le pr\u00e9sident&hellip;\n","protected":false},"author":2,"featured_media":157130,"comment_status":"","ping_status":"","sticky":false,"template":"","format":"standard","meta":{"footnotes":""},"categories":[1587],"tags":[11,672,1804,28796,1805,1803,1777,674,1801,28800,28798,3442,12,28799,28797,28795,1802],"class_list":{"0":"post-157129","1":"post","2":"type-post","3":"status-publish","4":"format-standard","5":"has-post-thumbnail","7":"category-allemagne","8":"tag-actualites","9":"tag-allemagne","10":"tag-bundesrepublik-deutschland","11":"tag-csac","12":"tag-de","13":"tag-deutschland","14":"tag-eu","15":"tag-europe","16":"tag-germany","17":"tag-hans-stark","18":"tag-joseph-kabila","19":"tag-lallemagne","20":"tag-news","21":"tag-parti-nazi","22":"tag-pprd","23":"tag-radio-okapi","24":"tag-republique-federale-dallemagne"},"share_on_mastodon":{"url":"https:\/\/pubeurope.com\/@fr\/114637815382616462","error":""},"_links":{"self":[{"href":"https:\/\/www.europesays.com\/fr\/wp-json\/wp\/v2\/posts\/157129","targetHints":{"allow":["GET"]}}],"collection":[{"href":"https:\/\/www.europesays.com\/fr\/wp-json\/wp\/v2\/posts"}],"about":[{"href":"https:\/\/www.europesays.com\/fr\/wp-json\/wp\/v2\/types\/post"}],"author":[{"embeddable":true,"href":"https:\/\/www.europesays.com\/fr\/wp-json\/wp\/v2\/users\/2"}],"replies":[{"embeddable":true,"href":"https:\/\/www.europesays.com\/fr\/wp-json\/wp\/v2\/comments?post=157129"}],"version-history":[{"count":0,"href":"https:\/\/www.europesays.com\/fr\/wp-json\/wp\/v2\/posts\/157129\/revisions"}],"wp:featuredmedia":[{"embeddable":true,"href":"https:\/\/www.europesays.com\/fr\/wp-json\/wp\/v2\/media\/157130"}],"wp:attachment":[{"href":"https:\/\/www.europesays.com\/fr\/wp-json\/wp\/v2\/media?parent=157129"}],"wp:term":[{"taxonomy":"category","embeddable":true,"href":"https:\/\/www.europesays.com\/fr\/wp-json\/wp\/v2\/categories?post=157129"},{"taxonomy":"post_tag","embeddable":true,"href":"https:\/\/www.europesays.com\/fr\/wp-json\/wp\/v2\/tags?post=157129"}],"curies":[{"name":"wp","href":"https:\/\/api.w.org\/{rel}","templated":true}]}}