{"id":157139,"date":"2025-06-06T18:27:15","date_gmt":"2025-06-06T18:27:15","guid":{"rendered":"https:\/\/www.europesays.com\/fr\/157139\/"},"modified":"2025-06-06T18:27:15","modified_gmt":"2025-06-06T18:27:15","slug":"allemagne-france-deux-parisiens-forfaits-chez-les-bleus","status":"publish","type":"post","link":"https:\/\/www.europesays.com\/fr\/157139\/","title":{"rendered":"Allemagne-France : deux Parisiens forfaits chez les Bleus"},"content":{"rendered":"<ul class=\"jsx-862013697 ArticleChapo__List\">\n<li class=\"jsx-862013697 ArticleChapo__List_Item flex\">Ousmane Demb\u00e9l\u00e9 et Bradley Barcola ne fouleront pas la pelouse de Stuttgart, dimanche 8 juin, face \u00e0 l&rsquo;Allemagne (15h en direct sur TF1 et TF1+).<\/li>\n<li class=\"jsx-862013697 ArticleChapo__List_Item flex\">Touch\u00e9s face \u00e0 l&rsquo;Espagne, les deux joueurs du PSG sont forfaits, a annonc\u00e9 la FFF ce vendredi.<\/li>\n<\/ul>\n<p data-module=\"article-paragraph\" class=\"jsx-3046738180 Paragraph Paragraph__End\">La <a href=\"https:\/\/www.tf1info.fr\/sport\/football-espagne-france-en-direct-video-tf1-mbappe-dembele-et-les-bleus-visent-la-finale-de-ligue-des-nations-2374908.html\" target=\"_blank\" rel=\"noopener\">d\u00e9faite face \u00e0 l&rsquo;Espagne (4-5) (nouvelle fen\u00eatre)<\/a> aura donc \u00e9t\u00e9 leur dernier match de la saison avec le maillot de l&rsquo;\u00e9quipe de France. Les Parisiens Ousmane Demb\u00e9l\u00e9 et Bradley Barcola ne participeront pas au match pour la troisi\u00e8me place de Ligue des nations, dimanche 8 juin, face \u00e0 l&rsquo;Allemagne (15h en direct sur TF1, <a href=\"https:\/\/www.tf1.fr\/\" target=\"_blank\" rel=\"noopener\">en streaming sur TF1+ (nouvelle fen\u00eatre)<\/a> et en live comment\u00e9 sur TF1info). Les deux hommes sont forfaits, a annonc\u00e9 la F\u00e9d\u00e9ration fran\u00e7aise de football (FFF) ce vendredi.<\/p>\n<p>Pas de rempla\u00e7ant<\/p>\n<p data-module=\"article-paragraph\" class=\"jsx-3046738180 Paragraph Paragraph__End\">Face \u00e0 la Roja, <a href=\"https:\/\/www.tf1info.fr\/actualite\/fiche-joueur-ousmane-dembele-13439\/\" target=\"_blank\" rel=\"noopener\">Ousmane Demb\u00e9l\u00e9<\/a> a \u00ab\u00a0\u00e9t\u00e9 remplac\u00e9 en raison d&rsquo;une douleur au quadriceps gauche\u00a0\u00bb, rappelle l&rsquo;institution <a href=\"https:\/\/www.fff.fr\/article\/14875-dembele-et-barcola-indisponibles.html\" target=\"_blank\" rel=\"nofollow noopener\">dans un communiqu\u00e9 (nouvelle fen\u00eatre)<\/a>. \u00ab\u00a0Il a pass\u00e9 des examens m\u00e9dicaux ce vendredi. Ceux-ci ont r\u00e9v\u00e9l\u00e9 une l\u00e9sion.\u00a0\u00bb <a href=\"https:\/\/www.tf1info.fr\/actualite\/fiche-joueur-bradley-barcola-13672\/\" target=\"_blank\" rel=\"noopener\">Bradley Barcola<\/a>, lui, est \u00ab\u00a0touch\u00e9 au genou droit et n&rsquo;est pas en \u00e9tat de jouer dimanche\u00a0\u00bb.<\/p>\n<p><a href=\"https:\/\/www.tf1info.fr\/sport\/football-ligue-des-nations-a-quelle-heure-et-sur-quelle-chaine-tf1-suivre-la-finale-portugal-espagne-2375456.html\" rel=\"noopener\" class=\"jsx-3308031228 Link flex\" target=\"_blank\"><img decoding=\"async\" src=\"https:\/\/www.europesays.com\/fr\/wp-content\/uploads\/2025\/06\/ronaldo-yamal-198cd7-0@1x.jpeg\" alt=\"Tobias SCHWARZ, Fabrice COFFRINI \/ AFP\" loading=\"lazy\" importance=\"low\" fetchpriority=\"low\" class=\"\"\/><\/p>\n<p class=\"jsx-3657663356 ReadMoreArticle__Title\">Lire aussi<\/p>\n<p class=\"jsx-3657663356\">Ligue des nations : \u00e0 quelle heure et sur quelle cha\u00eene suivre la finale Portugal-Espagne ?<\/p>\n<p><\/a><\/p>\n<p data-module=\"article-paragraph\" class=\"jsx-3046738180 Paragraph Paragraph__End\">La FFF pr\u00e9cise que les deux joueurs ne seront pas remplac\u00e9s dans le groupe. Les deux attaquants du PSG sont remis \u00e0 la disposition de leur club, avec qui ils entameront dans une dizaine de jours la Coupe du monde des clubs, aux \u00c9tats-Unis (PSG-Atl\u00e9tico de Madrid \u00e0 suivre le dimanche 15 juin \u00e0 21h en direct sur TF1 et en live comment\u00e9 sur TF1info).<\/p>\n<p>I.N<\/p>\n","protected":false},"excerpt":{"rendered":"Ousmane Demb\u00e9l\u00e9 et Bradley Barcola ne fouleront pas la pelouse de Stuttgart, dimanche 8 juin, face \u00e0 l&rsquo;Allemagne&hellip;\n","protected":false},"author":2,"featured_media":157140,"comment_status":"","ping_status":"","sticky":false,"template":"","format":"standard","meta":{"footnotes":""},"categories":[4],"tags":[1111,11,672,1921,9707,64,6713,63,1011,27,1922,23733,12,2782,93,25,133,4712],"class_list":{"0":"post-157139","1":"post","2":"type-post","3":"status-publish","4":"format-standard","5":"has-post-thumbnail","7":"category-france","8":"tag-actu","9":"tag-actualites","10":"tag-allemagne","11":"tag-article-video","12":"tag-bradley-barcola","13":"tag-equipe-de-france","14":"tag-equipe-de-france-de-football","15":"tag-football","16":"tag-fr","17":"tag-france","18":"tag-info","19":"tag-ligue-des-nations","20":"tag-news","21":"tag-ousmane-dembele","22":"tag-psg","23":"tag-republique-francaise","24":"tag-video","25":"tag-video-sports"},"share_on_mastodon":{"url":"https:\/\/pubeurope.com\/@fr\/114637835027827389","error":""},"_links":{"self":[{"href":"https:\/\/www.europesays.com\/fr\/wp-json\/wp\/v2\/posts\/157139","targetHints":{"allow":["GET"]}}],"collection":[{"href":"https:\/\/www.europesays.com\/fr\/wp-json\/wp\/v2\/posts"}],"about":[{"href":"https:\/\/www.europesays.com\/fr\/wp-json\/wp\/v2\/types\/post"}],"author":[{"embeddable":true,"href":"https:\/\/www.europesays.com\/fr\/wp-json\/wp\/v2\/users\/2"}],"replies":[{"embeddable":true,"href":"https:\/\/www.europesays.com\/fr\/wp-json\/wp\/v2\/comments?post=157139"}],"version-history":[{"count":0,"href":"https:\/\/www.europesays.com\/fr\/wp-json\/wp\/v2\/posts\/157139\/revisions"}],"wp:featuredmedia":[{"embeddable":true,"href":"https:\/\/www.europesays.com\/fr\/wp-json\/wp\/v2\/media\/157140"}],"wp:attachment":[{"href":"https:\/\/www.europesays.com\/fr\/wp-json\/wp\/v2\/media?parent=157139"}],"wp:term":[{"taxonomy":"category","embeddable":true,"href":"https:\/\/www.europesays.com\/fr\/wp-json\/wp\/v2\/categories?post=157139"},{"taxonomy":"post_tag","embeddable":true,"href":"https:\/\/www.europesays.com\/fr\/wp-json\/wp\/v2\/tags?post=157139"}],"curies":[{"name":"wp","href":"https:\/\/api.w.org\/{rel}","templated":true}]}}