{"id":157141,"date":"2025-06-06T18:30:13","date_gmt":"2025-06-06T18:30:13","guid":{"rendered":"https:\/\/www.europesays.com\/fr\/157141\/"},"modified":"2025-06-06T18:30:13","modified_gmt":"2025-06-06T18:30:13","slug":"thomas-laclayat-cameron-woki-soyaux-angouleme-les-infos-du-vendredi-6-juin","status":"publish","type":"post","link":"https:\/\/www.europesays.com\/fr\/157141\/","title":{"rendered":"Thomas Laclayat, Cameron Woki, Soyaux-Angoul\u00eame, les infos du vendredi 6 juin"},"content":{"rendered":"<p style=\"text-align: justify;\" align=\"justify\"><strong>TRANSFERTS RUGBY \u2013 Thomas Laclayat et Cameron Woki vont quitter le Racing 92, Soyaux-Angoul\u00eame se renforce : les infos de ce vendredi 6 juin.\u00a0<\/strong><\/p>\n<p>Racing 92 : direction Pau pour Thomas Laclayat<\/p>\n<p style=\"text-align: justify;\">Il est arriv\u00e9 comme un grand espoir, pr\u00eat \u00e0 franchir la derni\u00e8re marche. \u00c0 l\u2019intersaison 2023, <strong>Thomas Laclayat<\/strong> quittait <strong>Oyonnax<\/strong>, \u00e0 peine promu en Top 14, pour rejoindre le <strong>Racing 92<\/strong>, qui venait d\u2019atteindre les demi-finales. Un choix cens\u00e9 faire exploser le pilier droit, d\u00e9j\u00e0 convoqu\u00e9 \u00e0 l\u2019\u00e9poque avec le XV de France.<\/p>\n<p style=\"text-align: justify;\">S\u2019il a bien connu une s\u00e9lection d\u00e8s son arriv\u00e9e contre les Fidji, il a subi depuis les deux saisons compliqu\u00e9es de son \u00e9quipe, \u00e9limin\u00e9e en barrages l\u2019an dernier et qui ne sera pas dans le Top 6 cette saison. Il a \u00e9t\u00e9 titulaire 11 fois en Top 14 sur l\u2019exercice 2024\/2025, mais semble avoir regress\u00e9, et va tenter de se relancer \u00e0 la Section Paloise, o\u00f9 il s\u2019appr\u00eate \u00e0 signer pour deux saisons.<\/p>\n<p style=\"text-align: justify;\"><strong>L\u2019avis de Dicodusport<\/strong> <strong>:\u00a0<\/strong>malheureusement, ce n\u2019est pas le seul joueur qui semble avoir r\u00e9gress\u00e9 au Racing 92. Mais \u00e0 27 ans, Thomas Laclayat a encore le temps de se relancer en vue de la Coupe du monde 2027.<\/p>\n<p>Racing 92 : Cameron Woki vers un retour \u00e0 l\u2019UBB<\/p>\n<p style=\"text-align: justify;\">Le d\u00e9part de<strong> Thomas Laclayat<\/strong> est une mauvaise nouvelle pour le <strong>Racing 92<\/strong>, mais une deuxi\u00e8me a suivi en fin d\u2019apr\u00e8s-midi. Depuis son arriv\u00e9e en 2022, <strong>Cameron Woki<\/strong> \u00e9tait un taulier du pack francilien, apr\u00e8s avoir \u00e9t\u00e9 d\u00e9bauch\u00e9 de l\u2019Union Bordeaux-B\u00e8gles. Mais son importance au sein du XV de France, dont il \u00e9tait un membre important \u00e0 son arriv\u00e9e, a d\u00e9cru. Et les r\u00e9sultats du Racing sont en berne, puisque le club francilien ne jouera pas la phase finale.<\/p>\n<p style=\"text-align: justify;\">Alors que le Racing transpire la fin de cycle, <strong>Woki<\/strong> va prendre la tangente. Selon L\u2019\u00c9quipe, il va s\u2019en aller \u00e0 un an de la fin de son contrat\u2026 vers l\u2019Union Bordeaux-B\u00e8gles. Un retour \u00e0 l\u2019envoyeur n\u00e9cessaire pour tenter de se relancer en vue de la Coupe du monde 2027. Apr\u00e8s tout, <strong>Cameron Woki<\/strong> n\u2019a que 26 ans\u2026<\/p>\n<p style=\"text-align: justify;\"><strong>L\u2019avis de Dicodusport<\/strong> <strong>:\u00a0<\/strong>Au final, tout le monde finit perdant dans le passage de Cameron Woki au Racing 92. Si Woki se relance \u00e0 l\u2019UBB et que les Ciel et Blanc r\u00e9cup\u00e8rent une indemnit\u00e9 de transfert, ce sera un mal pour un bien.\u00a0<\/p>\n<p>\n<a href=\"https:\/\/dicodusport.fr\/blog\/offres\/abonnements-sans-pub\/\" rel=\"nofollow noopener\" target=\"_blank\"><img loading=\"lazy\" decoding=\"async\" class=\"alignnone size-full wp-image-501284 perfmatters-lazy\" alt=\"\" width=\"1200\" height=\"200\" src=\"https:\/\/www.europesays.com\/fr\/wp-content\/uploads\/2025\/04\/Abonnements-sans-pubs-Dicodusport.png\"\/><\/a><\/p>\n<p>Soyaux-Angoul\u00eame : trois espoirs prolongent<\/p>\n<p style=\"text-align: justify;\">Le <strong>Soyaux-Angoul\u00eame XV<\/strong> a connu une tr\u00e8s belle saison. Qualifi\u00e9 pour les barrages de Pro D2, les Charentais ont n\u00e9anmoins logiquement but\u00e9 sur Provence Rugby \u00e0 ce stade, mais ils ont jet\u00e9 les bases d\u2019un futur radieux. \u00c0 condition de faire les bons choix, et principalement en mati\u00e8re de recrutement pour la saison prochaine.<\/p>\n<p style=\"text-align: justify;\">Cela prendrait-il le bon chemin ? Sur les derni\u00e8res 24 heures, le SA XV a prolong\u00e9 trois espoirs : l\u2019international italien U20<strong> Fran\u00e7ois Mey<\/strong>, ainsi que <strong>L\u00e9o Labarthe<\/strong>, et <strong>Mamoudou Me\u00eft\u00e9<\/strong>. Trois joueurs qui \u00e9taient respectivement pr\u00eat\u00e9s par Clermont, Toulouse et le Stade Fran\u00e7ais, et qui ont r\u00e9ussi \u00e0 germer en Charente. Soyaux-Angoul\u00eame poursuivra-t-il dans la m\u00eame veine pour le futur ?<\/p>\n<p style=\"text-align: justify;\"><strong>L\u2019avis de Dicodusport<\/strong> <strong>:\u00a0<\/strong>visiblement, Soyaux-Angoul\u00eame sait comment emmener des espoirs \u00e0 maturit\u00e9. De quoi construire une \u00e9quipe solide pour le futur si la formation charentaise continue dans cette voie.\u00a0<\/p>\n","protected":false},"excerpt":{"rendered":"TRANSFERTS RUGBY \u2013 Thomas Laclayat et Cameron Woki vont quitter le Racing 92, Soyaux-Angoul\u00eame se renforce : les&hellip;\n","protected":false},"author":2,"featured_media":157142,"comment_status":"","ping_status":"","sticky":false,"template":"","format":"standard","meta":{"footnotes":""},"categories":[1416],"tags":[2113,1011,27,479,1468,60,477],"class_list":{"0":"post-157141","1":"post","2":"type-post","3":"status-publish","4":"format-standard","5":"has-post-thumbnail","7":"category-rugby","8":"tag-breve","9":"tag-fr","10":"tag-france","11":"tag-rugby","12":"tag-rugby-football","13":"tag-sports","14":"tag-transferts-rugby"},"share_on_mastodon":{"url":"https:\/\/pubeurope.com\/@fr\/114637847065045873","error":""},"_links":{"self":[{"href":"https:\/\/www.europesays.com\/fr\/wp-json\/wp\/v2\/posts\/157141","targetHints":{"allow":["GET"]}}],"collection":[{"href":"https:\/\/www.europesays.com\/fr\/wp-json\/wp\/v2\/posts"}],"about":[{"href":"https:\/\/www.europesays.com\/fr\/wp-json\/wp\/v2\/types\/post"}],"author":[{"embeddable":true,"href":"https:\/\/www.europesays.com\/fr\/wp-json\/wp\/v2\/users\/2"}],"replies":[{"embeddable":true,"href":"https:\/\/www.europesays.com\/fr\/wp-json\/wp\/v2\/comments?post=157141"}],"version-history":[{"count":0,"href":"https:\/\/www.europesays.com\/fr\/wp-json\/wp\/v2\/posts\/157141\/revisions"}],"wp:featuredmedia":[{"embeddable":true,"href":"https:\/\/www.europesays.com\/fr\/wp-json\/wp\/v2\/media\/157142"}],"wp:attachment":[{"href":"https:\/\/www.europesays.com\/fr\/wp-json\/wp\/v2\/media?parent=157141"}],"wp:term":[{"taxonomy":"category","embeddable":true,"href":"https:\/\/www.europesays.com\/fr\/wp-json\/wp\/v2\/categories?post=157141"},{"taxonomy":"post_tag","embeddable":true,"href":"https:\/\/www.europesays.com\/fr\/wp-json\/wp\/v2\/tags?post=157141"}],"curies":[{"name":"wp","href":"https:\/\/api.w.org\/{rel}","templated":true}]}}