{"id":157167,"date":"2025-06-06T18:45:10","date_gmt":"2025-06-06T18:45:10","guid":{"rendered":"https:\/\/www.europesays.com\/fr\/157167\/"},"modified":"2025-06-06T18:45:10","modified_gmt":"2025-06-06T18:45:10","slug":"nazim-boudjenah-ex-acteur-de-la-comedie-francaise-condamne-pour-menaces-envers-rousseau-et-coffin","status":"publish","type":"post","link":"https:\/\/www.europesays.com\/fr\/157167\/","title":{"rendered":"N\u00e2zim Boudjenah, ex-acteur de la Com\u00e9die Fran\u00e7aise, condamn\u00e9 pour menaces envers Rousseau et Coffin"},"content":{"rendered":"<p>        <img decoding=\"async\" loading=\"lazy\" src=\"https:\/\/www.europesays.com\/fr\/wp-content\/uploads\/2025\/06\/97ab0ab_sirius-fs-upload-1-brvzilbd7xvl-1749217144708-000-par8217637.jpg\"  width=\"728\" height=\"410\" alt=\"L\u2019acteur N\u00e2zim Boudjenah (\u00e0 droite) lors d\u2019une r\u00e9p\u00e9tition en costumes de \u00ab Le Roi Lear \u00bb de William Shakespeare, dans le cadre du Festival de th\u00e9\u00e2tre d\u2019Avignon, le 2\u00a0juillet 2015.\"\/>  <\/p>\n<p>ANNE-CHRISTINE POUJOULAT \/ AFP<\/p>\n<p>L\u2019acteur N\u00e2zim Boudjenah (\u00e0 droite) lors d\u2019une r\u00e9p\u00e9tition en costumes de \u00ab Le Roi Lear \u00bb de William Shakespeare, dans le cadre du Festival de th\u00e9\u00e2tre d\u2019Avignon, le 2\u00a0juillet 2015.<\/p>\n<p class=\"asset asset-text\">JUSTICE &#8211; Les faits remontaient \u00e0 l\u2019\u00e9t\u00e9 dernier. L\u2019ancien pensionnaire de la\u00a0<a href=\"https:\/\/www.huffingtonpost.fr\/culture\/article\/georges-forestier-specialiste-de-moliere-poursuit-la-comedie-francaise-pour-son-adaptation-du-tartuffe_209407.html\" target=\"_blank\" rel=\"noopener\">Com\u00e9die-Fran\u00e7aise<\/a>\u00a0N\u00e2zim Boudjenah a \u00e9t\u00e9 condamn\u00e9 ce vendredi 6\u00a0juin \u00e0 neuf mois de prison avec un sursis probatoire de deux ans, pour des menaces de mort <a href=\"https:\/\/www.huffingtonpost.fr\/culture\/article\/nazim-boudjenah-acteur-de-la-comedie-francaise-en-passe-d-etre-licencie-apres-une-plainte-de-sandrine-rousseau_244883.html\" target=\"_blank\" rel=\"noopener\">contre les \u00e9lues \u00e9cologistes Sandrine Rousseau<\/a> et Alice Coffin.<\/p>\n<p class=\"asset asset-text\">Pendant deux ans, il devra suivre des soins psychologiques et a pour interdiction d\u2019entrer en contact avec les victimes. Il a aussi \u00e9t\u00e9 condamn\u00e9 \u00e0 une amende de 300\u00a0euros et devra suivre un stage de lutte contre la haine en ligne.<\/p>\n<p class=\"asset asset-text\">L\u2019ancien com\u00e9dien de 52\u00a0ans, licenci\u00e9 suite \u00e0 cette affaire en f\u00e9vrier de la\u00a0Com\u00e9die-Fran\u00e7aise, avait d\u00e9j\u00e0 \u00e9t\u00e9 condamn\u00e9 en juin\u00a02021, \u00e0 <a href=\"https:\/\/www.huffingtonpost.fr\/france\/article\/trois-hommes-serbes-ecroues-apres-la-degradation-de-lieux-juifs-a-paris-la-russie-suspectee-par-les-enqueteurs_251008.html\" target=\"_blank\" rel=\"noopener\">Paris<\/a>, \u00e0 six mois d\u2019emprisonnement avec sursis pour des menaces de mort prof\u00e9r\u00e9es en 2019 et 2020 contre une ancienne petite amie, Marie-Coquille Chambel, avec un sursis probatoire de deux ans.<\/p>\n<p class=\"asset asset-text\">Il comparaissait ce vendredi pour avoir prof\u00e9r\u00e9 une nuit de juillet\u00a02024 des menaces de mort, en r\u00e9cidive l\u00e9gale, sur le r\u00e9seau social X, \u00e0 l\u2019encontre de la d\u00e9put\u00e9e Sandrine Rousseau et l\u2019\u00e9lue et militante f\u00e9ministe Alice Coffin.<\/p>\n<p>                     Un temps \u00ab\u00a0\u00e0 la rue\u00a0\u00bb    <\/p>\n<p class=\"asset asset-text\">\u00c0 la barre, N\u00e2zim Boudjenah a reconnu tous les faits. \u00ab\u00a0Je tiens \u00e0 r\u00e9it\u00e9rer mes excuses aupr\u00e8s de Sandrine Rousseau, Alice Coffin, Marie-Coquille Chambel aussi\u00a0\u00bb, a-t-il d\u00e9clar\u00e9. \u00ab\u00a0C\u2019est une \u00e9poque o\u00f9 j\u2019\u00e9tais perdu\u00a0\u00bb, a-t-il expliqu\u00e9, rappelant que cela faisait cinq ans qu\u2019il \u00e9tait \u00ab\u00a0sous le coup de plusieurs proc\u00e9dures initi\u00e9es\u00a0\u00bb par son ex-petite amie.<\/p>\n<p class=\"asset asset-text\">\u00ab\u00a0Je me souviens que j\u2019\u00e9tais dans un \u00e9tat de d\u00e9tresse totale\u00a0\u00bb, a-t-il dit, indiquant qu\u2019il s\u2019\u00e9tait un temps retrouv\u00e9 \u00ab\u00a0\u00e0 la rue\u00a0\u00bb. Il a par ailleurs estim\u00e9 qu\u2019il y avait \u00ab\u00a0dans l\u2019air un discours\u00a0\u00bb qui faisait qu\u2019entre deux parties, un homme et une femme, \u00ab\u00a0l\u2019homme n\u2019a aucune chance\u00a0\u00bb.<\/p>\n<p class=\"asset asset-text\">Appel\u00e9e \u00e0 t\u00e9moigner, Sandrine Rousseau a rappel\u00e9 qu\u2019il avait d\u00e9j\u00e0 \u00e9t\u00e9 condamn\u00e9 pour des \u00ab\u00a0violences verbales\u00a0\u00bb. \u00ab\u00a0La question c\u2019est qu\u2019est-ce qu\u2019il a compris de cette condamnation\u00a0?\u00a0\u00bb a-t-elle lanc\u00e9. \u00ab\u00a0\u00c0 quel moment on se dit que des menaces de viol et des menaces de meurtre, ce n\u2019est pas si grave\u00a0?\u00a0\u00bb, a-t-elle encore demand\u00e9.<\/p>\n<p class=\"asset asset-text\">\u00ab\u00a0J\u2019ai entendu cette esp\u00e8ce de rengaine sur \u201cpauvre de nous les hommes\u201d et \u201cces folles de f\u00e9ministes\u201d\u00a0\u00bb, s\u2019est emport\u00e9e pendant ses r\u00e9quisitions la procureure, observant que \u00ab\u00a085\u00a0% des violences physiques et 97\u00a0% des violences sexuelles\u00a0\u00bb \u00e9taient commises \u00ab\u00a0par des hommes\u00a0\u00bb. \u00ab\u00a0Les femmes et les enfants sont largement tr\u00e8s en danger face aux violences, que ce soit dans l\u2019espace public, que dans le cadre de l\u2019intimit\u00e9 et maintenant dans le cyberespace\u00a0\u00bb, a-t-elle ass\u00e9n\u00e9.<\/p>\n","protected":false},"excerpt":{"rendered":"ANNE-CHRISTINE POUJOULAT \/ AFP L\u2019acteur N\u00e2zim Boudjenah (\u00e0 droite) lors d\u2019une r\u00e9p\u00e9tition en costumes de \u00ab Le Roi&hellip;\n","protected":false},"author":2,"featured_media":157168,"comment_status":"","ping_status":"","sticky":false,"template":"","format":"standard","meta":{"footnotes":""},"categories":[8],"tags":[28801,58,59,1011,27,303,24088,6522],"class_list":{"0":"post-157167","1":"post","2":"type-post","3":"status-publish","4":"format-standard","5":"has-post-thumbnail","7":"category-divertissement","8":"tag-comedie-francaise","9":"tag-divertissement","10":"tag-entertainment","11":"tag-fr","12":"tag-france","13":"tag-justice","14":"tag-menace-de-mort","15":"tag-sandrine-rousseau"},"share_on_mastodon":{"url":"https:\/\/pubeurope.com\/@fr\/114637905965218302","error":""},"_links":{"self":[{"href":"https:\/\/www.europesays.com\/fr\/wp-json\/wp\/v2\/posts\/157167","targetHints":{"allow":["GET"]}}],"collection":[{"href":"https:\/\/www.europesays.com\/fr\/wp-json\/wp\/v2\/posts"}],"about":[{"href":"https:\/\/www.europesays.com\/fr\/wp-json\/wp\/v2\/types\/post"}],"author":[{"embeddable":true,"href":"https:\/\/www.europesays.com\/fr\/wp-json\/wp\/v2\/users\/2"}],"replies":[{"embeddable":true,"href":"https:\/\/www.europesays.com\/fr\/wp-json\/wp\/v2\/comments?post=157167"}],"version-history":[{"count":0,"href":"https:\/\/www.europesays.com\/fr\/wp-json\/wp\/v2\/posts\/157167\/revisions"}],"wp:featuredmedia":[{"embeddable":true,"href":"https:\/\/www.europesays.com\/fr\/wp-json\/wp\/v2\/media\/157168"}],"wp:attachment":[{"href":"https:\/\/www.europesays.com\/fr\/wp-json\/wp\/v2\/media?parent=157167"}],"wp:term":[{"taxonomy":"category","embeddable":true,"href":"https:\/\/www.europesays.com\/fr\/wp-json\/wp\/v2\/categories?post=157167"},{"taxonomy":"post_tag","embeddable":true,"href":"https:\/\/www.europesays.com\/fr\/wp-json\/wp\/v2\/tags?post=157167"}],"curies":[{"name":"wp","href":"https:\/\/api.w.org\/{rel}","templated":true}]}}