{"id":157169,"date":"2025-06-06T18:46:12","date_gmt":"2025-06-06T18:46:12","guid":{"rendered":"https:\/\/www.europesays.com\/fr\/157169\/"},"modified":"2025-06-06T18:46:12","modified_gmt":"2025-06-06T18:46:12","slug":"avec-veo-3-la-generation-de-video-par-ia-connait-son-moment-midjourney","status":"publish","type":"post","link":"https:\/\/www.europesays.com\/fr\/157169\/","title":{"rendered":"Avec Veo 3, la g\u00e9n\u00e9ration de vid\u00e9o par IA conna\u00eet son moment \u00ab\u00a0Midjourney\u00a0\u00bb"},"content":{"rendered":"<p>                          <img loading=\"lazy\" decoding=\"async\" src=\"https:\/\/www.europesays.com\/fr\/wp-content\/uploads\/2025\/06\/72c2984_sirius-fs-upload-1-3sb2irlsjpw5-1749139510547-capture-da-a-cran-2025-06-05-180448.png\" alt=\"\"  width=\"664\" height=\"443\"\/>                <\/p>\n<p class=\"article__paragraph  \">Un homme qui saute gaiement dans la lave, un b\u00e9b\u00e9 fait de bouteilles de plastique, un personnage en guenilles implorant \u00ab\u00a0S\u2019il vous pla\u00eet, \u00e9crivez un prompt [consigne] qui nous rende heureux\u00a0\u00bb,\u00a0etc. Ces vid\u00e9os frappantes qui circulent sur les r\u00e9seaux sociaux ont un point commun\u00a0: elles ont \u00e9t\u00e9 cr\u00e9\u00e9es avec Veo 3, l\u2019IA g\u00e9n\u00e9ratrice que Google a lanc\u00e9e <a href=\"https:\/\/cloud.google.com\/blog\/products\/ai-machine-learning\/announcing-veo-3-imagen-4-and-lyria-2-on-vertex-ai?hl=en\" target=\"_blank\" rel=\"noopener nofollow\" title=\"Nouvelle fen\u00eatre\">le 21\u00a0mai<\/a>.<\/p>\n<p class=\"article__paragraph  \">Toutes sont, au premier coup d\u2019\u0153il, quasi indistinguables d\u2019extraits de films v\u00e9ritables \u2013 des esprits malicieux se sont d\u2019ailleurs amus\u00e9s \u00e0 coller un logo \u00ab\u00a0Veo 3\u00a0\u00bb sur un passage du\u00a0Ready Player One\u00a0de Steven Spielberg pour faire croire \u00e0 une autre vid\u00e9o g\u00e9n\u00e9r\u00e9e par IA. Beaucoup s\u2019y sont laiss\u00e9 prendre.<\/p>\n<p class=\"article__paragraph  \">Pour dissiper ce brouillard informationnel, Le Monde a tent\u00e9 de reproduire une partie des vid\u00e9os circulant sur les r\u00e9seaux sociaux avec ledit outil, Veo 3, indisponible en France pour le moment. Nous n\u2019avons pas r\u00e9ussi \u00e0 recr\u00e9er la tr\u00e8s populaire s\u00e9quence montrant Will Smith manger ses spaghettis proprement \u2013 un clin d<a href=\"https:\/\/www.youtube.com\/watch?v=XQr4Xklqzw8\" target=\"_blank\" rel=\"noopener nofollow\" title=\"Nouvelle fen\u00eatre\">\u2019\u0153il \u00e0 la vid\u00e9o de 2023<\/a>\u00a0dans laquelle l\u2019acteur prend un repas si chaotique qu\u2019il en devient perturbant \u00e0 regarder. Mais \u00e0 notre grande surprise, la plupart de nos tentatives se sont sold\u00e9es par des r\u00e9ussites, d\u00e8s le premier essai.<\/p>\n<p class=\"reading-mode-only \"><strong>Il vous reste 72.49% de cet article \u00e0 lire. La suite est r\u00e9serv\u00e9e aux abonn\u00e9s.<\/strong><\/p>\n","protected":false},"excerpt":{"rendered":"Un homme qui saute gaiement dans la lave, un b\u00e9b\u00e9 fait de bouteilles de plastique, un personnage en&hellip;\n","protected":false},"author":2,"featured_media":157170,"comment_status":"","ping_status":"","sticky":false,"template":"","format":"standard","meta":{"footnotes":""},"categories":[7],"tags":[1011,27,43,40,41,39,42,44],"class_list":{"0":"post-157169","1":"post","2":"type-post","3":"status-publish","4":"format-standard","5":"has-post-thumbnail","7":"category-sciences-et-technologies","8":"tag-fr","9":"tag-france","10":"tag-science","11":"tag-science-and-technology","12":"tag-sciences","13":"tag-sciences-et-technologies","14":"tag-technologies","15":"tag-technology"},"share_on_mastodon":{"url":"https:\/\/pubeurope.com\/@fr\/114637909961869440","error":""},"_links":{"self":[{"href":"https:\/\/www.europesays.com\/fr\/wp-json\/wp\/v2\/posts\/157169","targetHints":{"allow":["GET"]}}],"collection":[{"href":"https:\/\/www.europesays.com\/fr\/wp-json\/wp\/v2\/posts"}],"about":[{"href":"https:\/\/www.europesays.com\/fr\/wp-json\/wp\/v2\/types\/post"}],"author":[{"embeddable":true,"href":"https:\/\/www.europesays.com\/fr\/wp-json\/wp\/v2\/users\/2"}],"replies":[{"embeddable":true,"href":"https:\/\/www.europesays.com\/fr\/wp-json\/wp\/v2\/comments?post=157169"}],"version-history":[{"count":0,"href":"https:\/\/www.europesays.com\/fr\/wp-json\/wp\/v2\/posts\/157169\/revisions"}],"wp:featuredmedia":[{"embeddable":true,"href":"https:\/\/www.europesays.com\/fr\/wp-json\/wp\/v2\/media\/157170"}],"wp:attachment":[{"href":"https:\/\/www.europesays.com\/fr\/wp-json\/wp\/v2\/media?parent=157169"}],"wp:term":[{"taxonomy":"category","embeddable":true,"href":"https:\/\/www.europesays.com\/fr\/wp-json\/wp\/v2\/categories?post=157169"},{"taxonomy":"post_tag","embeddable":true,"href":"https:\/\/www.europesays.com\/fr\/wp-json\/wp\/v2\/tags?post=157169"}],"curies":[{"name":"wp","href":"https:\/\/api.w.org\/{rel}","templated":true}]}}