{"id":157173,"date":"2025-06-06T18:48:12","date_gmt":"2025-06-06T18:48:12","guid":{"rendered":"https:\/\/www.europesays.com\/fr\/157173\/"},"modified":"2025-06-06T18:48:12","modified_gmt":"2025-06-06T18:48:12","slug":"ces-contrats-a-plusieurs-milliards-de-dollars-que-donald-trump-menace-de-stopper","status":"publish","type":"post","link":"https:\/\/www.europesays.com\/fr\/157173\/","title":{"rendered":"ces contrats \u00e0 plusieurs milliards de dollars que Donald Trump menace de stopper"},"content":{"rendered":"<p>Minist\u00e8re de la D\u00e9fense, de l\u2019\u00c9nergie, Nasa&#8230; Les entreprises du multimilliardaire b\u00e9n\u00e9ficient de subventions et de contrats juteux, a rappel\u00e9 le pr\u00e9sident am\u00e9ricain.<\/p>\n<p class=\"fig-paragraph\">Leur rupture est aussi spectaculaire que le fut leur rapprochement. Depuis le d\u00e9part d\u2019<a href=\"http:\/\/www.lefigaro.fr\/international\/etats-unis-musk-rallume-la-theorie-des-liens-entre-trump-et-le-delinquant-sexuel-epstein-20250606\" data-fig-type=\"NewsFlash\" data-gtm-custom-categorie=\"navigation\" data-gtm-custom-action=\"crossclick\" data-gtm-custom-label=\"Contextuel\" data-gtm-event=\"customEventSPE\" data-fig-domain=\"LEFIGARO\" target=\"_blank\" rel=\"noopener\">Elon Musk<\/a>\u00a0du D\u00e9partement de l\u2019efficacit\u00e9 gouvernementale (DOGE) la semaine derni\u00e8re, le milliardaire s\u2019en prend violemment aux d\u00e9cisions de l\u2019administration Trump. Par r\u00e9seaux sociaux interpos\u00e9s, le pr\u00e9sident am\u00e9ricain et lui se critiquent et se menacent, via des publications cinglantes.<\/p>\n<p class=\"fig-paragraph\">Donald Trump a notamment averti qu\u2019il pourrait \u00abd\u2019annuler\u00bb les contrats juteux qui unissent Elon Musk et l\u2019\u00c9tat f\u00e9d\u00e9ral. \u00abLe plus simple pour \u00e9conomiser des milliards et des milliards de dollars dans notre budget serait d\u2019annuler les subventions et contrats gouvernementaux\u00bb dont ont b\u00e9n\u00e9fici\u00e9 ses entreprises, comme Tesla ou\u00a0<a href=\"http:\/\/www.lefigaro.fr\/societes\/tesla-spacex-xai-apres-l-aventure-politique-avec-trump-elon-musk-face-a-de-nouveaux-defis-dans-ses-entreprises-20250528\" data-fig-type=\"Article\" data-gtm-custom-categorie=\"navigation\" data-gtm-custom-action=\"crossclick\" data-gtm-custom-label=\"Contextuel\" data-gtm-event=\"customEventSPE\" data-fig-domain=\"LEFIGARO\" target=\"_blank\" rel=\"noopener\">SpaceX<\/a>, a-t-il ainsi \u00e9crit sur Truth social, dans une allusion aux r\u00e9sultats peu probants de l\u2019homme d\u2019affaires pour couper les d\u00e9penses am\u00e9ricaines. Face \u00e0 cette menace de stopper ces contrats, le multimilliardaire a d\u2019abord annonc\u00e9 son intention \u00abde mettre hors service\u00bb son vaisseau spatial\u00a0<a href=\"http:\/\/www.lefigaro.fr\/conjoncture\/comment-le-vaisseau-spatial-dragon-se-retrouve-au-coeur-de-la-bataille-musk-trump-20250606\" data-fig-type=\"NewsFlash\" data-gtm-custom-categorie=\"navigation\" data-gtm-custom-action=\"crossclick\" data-gtm-custom-label=\"Contextuel\" data-gtm-event=\"customEventSPE\" data-fig-domain=\"LEFIGARO\" target=\"_blank\" rel=\"noopener\">Dragon<\/a>, avant de se raviser.<\/p>\n<p class=\"fig-paragraph\">Car les liens qui unissent ses entreprises \u00e0 l\u2019\u00c9tat am\u00e9ricain p\u00e8sent des dizaines, voire des centaines de milliards de dollars\u2026<\/p>\n<p class=\"fig-premium-paywall__infos\">\n        Cet article est r\u00e9serv\u00e9 aux abonn\u00e9s.        Il vous reste 79% \u00e0 d\u00e9couvrir.\n    <\/p>\n<p>                <img  data- alt=\"Le Figaro\" class=\"fig-img--complete fig-img\"\/><\/p>\n<p class=\"fig-premium-paywall__title\">Vente Flash<\/p>\n<p class=\"fig-premium-paywall__subtitle\">3,99\u20ac par mois pendant 12 mois. Sans engagement.<\/p>\n<p class=\"fig-premium-paywall__connect\">\n                D\u00e9j\u00e0 abonn\u00e9\u00a0?                <a class=\"fig-premium-paywall__connect-link\" href=\"https:\/\/connect.lefigaro.fr\/login?client=horizon_web&amp;type=main&amp;redirect_uri=https%3A%2F%2Fwww.lefigaro.fr%2Fconjoncture%2Ftensions-avec-elon-musk-ces-contrats-a-plusieurs-milliards-de-dollars-que-donald-trump-menace-de-stopper-20250606\" data-js-gtm=\"{&quot;customCategorie&quot;: &quot;conversion&quot;, &quot;customAction&quot;: &quot;before_Landing_Connexion_paywall_manuel&quot;, &quot;customLabel&quot;: &quot;bGVmaWdhcm8uZnJfXzFmMDQyYjc3LWMwNDMtNmEwZS05YTI0LTZkMjU5YTNjNTkxN19fQXJ0aWNsZQ==_Tensions avec Elon Musk\u00a0: ces contrats \u00e0 plusieurs milliards de dollars que Donald Trump menace de stopper_127&quot;, &quot;customIDSPE&quot;: &quot;bGVmaWdhcm8uZnJfXzFmMDQyYjc3LWMwNDMtNmEwZS05YTI0LTZkMjU5YTNjNTkxN19fQXJ0aWNsZQ==&quot;, &quot;event&quot;: &quot;customEventSPE&quot;}\" target=\"_blank\" rel=\"noopener\"><br \/>\n                    Connectez-vous<br \/>\n                <\/a>\n            <\/p>\n","protected":false},"excerpt":{"rendered":"Minist\u00e8re de la D\u00e9fense, de l\u2019\u00c9nergie, Nasa&#8230; Les entreprises du multimilliardaire b\u00e9n\u00e9ficient de subventions et de contrats juteux,&hellip;\n","protected":false},"author":2,"featured_media":157174,"comment_status":"","ping_status":"","sticky":false,"template":"","format":"standard","meta":{"footnotes":""},"categories":[5],"tags":[339,11,340,343,345,350,130,344,352,349,75,33,46,341,313,73,1011,27,346,342,14,353,351,347,12,348,354,28],"class_list":{"0":"post-157173","1":"post","2":"type-post","3":"status-publish","4":"format-standard","5":"has-post-thumbnail","7":"category-international","8":"tag-actualite-economique","9":"tag-actualites","10":"tag-bourse","11":"tag-cac-40","12":"tag-chef-dentreprise","13":"tag-concurrence","14":"tag-consommation","15":"tag-creation-dentreprise","16":"tag-crise","17":"tag-delocalisations","18":"tag-donald-trump","19":"tag-economie","20":"tag-elon-musk","21":"tag-emploi","22":"tag-entreprises","23":"tag-etats-unis","24":"tag-fr","25":"tag-france","26":"tag-grands-patrons","27":"tag-impots","28":"tag-international","29":"tag-licenciements","30":"tag-monopole","31":"tag-multinationales","32":"tag-news","33":"tag-privatisation","34":"tag-unio","35":"tag-world"},"share_on_mastodon":{"url":"https:\/\/pubeurope.com\/@fr\/114637917608837203","error":""},"_links":{"self":[{"href":"https:\/\/www.europesays.com\/fr\/wp-json\/wp\/v2\/posts\/157173","targetHints":{"allow":["GET"]}}],"collection":[{"href":"https:\/\/www.europesays.com\/fr\/wp-json\/wp\/v2\/posts"}],"about":[{"href":"https:\/\/www.europesays.com\/fr\/wp-json\/wp\/v2\/types\/post"}],"author":[{"embeddable":true,"href":"https:\/\/www.europesays.com\/fr\/wp-json\/wp\/v2\/users\/2"}],"replies":[{"embeddable":true,"href":"https:\/\/www.europesays.com\/fr\/wp-json\/wp\/v2\/comments?post=157173"}],"version-history":[{"count":0,"href":"https:\/\/www.europesays.com\/fr\/wp-json\/wp\/v2\/posts\/157173\/revisions"}],"wp:featuredmedia":[{"embeddable":true,"href":"https:\/\/www.europesays.com\/fr\/wp-json\/wp\/v2\/media\/157174"}],"wp:attachment":[{"href":"https:\/\/www.europesays.com\/fr\/wp-json\/wp\/v2\/media?parent=157173"}],"wp:term":[{"taxonomy":"category","embeddable":true,"href":"https:\/\/www.europesays.com\/fr\/wp-json\/wp\/v2\/categories?post=157173"},{"taxonomy":"post_tag","embeddable":true,"href":"https:\/\/www.europesays.com\/fr\/wp-json\/wp\/v2\/tags?post=157173"}],"curies":[{"name":"wp","href":"https:\/\/api.w.org\/{rel}","templated":true}]}}