{"id":157175,"date":"2025-06-06T18:49:10","date_gmt":"2025-06-06T18:49:10","guid":{"rendered":"https:\/\/www.europesays.com\/fr\/157175\/"},"modified":"2025-06-06T18:49:10","modified_gmt":"2025-06-06T18:49:10","slug":"la-famille-sous-lemprise-dune-secte","status":"publish","type":"post","link":"https:\/\/www.europesays.com\/fr\/157175\/","title":{"rendered":"la famille sous l&#8217;emprise d&rsquo;une secte\u00a0?"},"content":{"rendered":"<p>Trois jours apr\u00e8s <a href=\"https:\/\/www.laprovence.com\/article\/faits-divers-justice\/4702979856170414\/morts-depuis-des-mois-enquete-pour-assassinat-ce-que-l-on-sait-de-la-mort-d-une-mere-et-de-ses-deux-fils-au-pontet\" target=\"_blank\" rel=\"noopener\">la d\u00e9couverte des corps en d\u00e9composition d\u2019une m\u00e8re de 64\u00a0ans et de ses deux enfants<\/a>, une jeune femme de 25\u00a0ans et son fr\u00e8re jumeau, le myst\u00e8re reste entier. Mardi 4\u00a0juin, boulevard Longchamp, au Pontet, alors qu\u2019un <a href=\"https:\/\/www.laprovence.com\/article\/faits-divers-justice\/40807479636756\/une-mere-et-ses-deux-enfants-retrouves-morts-par-un-huissier-venu-les-expulser-au-pontet\" target=\"_blank\" rel=\"noopener\">huissier de justice venait proc\u00e9der \u00e0 leur expulsion<\/a>, c\u2019est une famille morte, allong\u00e9e au sol, sur laquelle il tombe. M\u00e8re et enfants gisaient l\u00e0, \u00e0 l\u2019\u00e9tage, sur des matelas depuis \u00ab\u00a0plusieurs mois\u00a0\u00bb, selon les m\u00e9decins l\u00e9gistes qui ont proc\u00e9d\u00e9, ce vendredi matin, \u00e0 leur autopsie, dans le cadre de cette enqu\u00eate ouverte pour assassinat.<\/p>\n<p>Selon les premiers \u00e9l\u00e9ments de l\u2019enqu\u00eate, la mort ne serait pas due \u00e0 l\u2019intervention d\u2019un tiers. Aucune trace de fracture ni de coups n\u2019a \u00e9t\u00e9 relev\u00e9e sur les corps. Des \u00e9chantillons de peau, d\u2019autres tissus corporels ainsi que de la bile ont \u00e9t\u00e9 pr\u00e9lev\u00e9s et envoy\u00e9s pour des analyses plus pouss\u00e9es.<\/p>\n<p>Des inscriptions sur les murs et dans des \u00e9crits<\/p>\n<p>La question se pose alors concernant la mort silencieuse de cette discr\u00e8te famille dont la maman est d\u2019origine togolaise (les enfants sont n\u00e9s \u00e0 Paris)\u00a0: comment personne n\u2019a rien vu, ni senti depuis tout ce temps y compris le propri\u00e9taire des lieux, qui r\u00e9side au rez-de-chauss\u00e9e\u00a0?<\/p>\n<p>D\u2019apr\u00e8s nos informations, la maison \u00e9tait \u00ab\u00a0tr\u00e8s bien isol\u00e9e. Impossible de se rendre compte de quoi que ce soit\u00a0: ni odeur, ni humidit\u00e9.\u00a0\u00bb Les corps \u00e9taient bien conserv\u00e9s dans la maison r\u00e9nov\u00e9e, dont l\u2019int\u00e9rieur \u00e9tait propre et bien entretenu.<\/p>\n<p>Surtout, un autre \u00e9l\u00e9ment interroge qui pourrait tr\u00e8s probablement expliquer ce drame\u00a0: dans l\u2019habitation de cette \u00ab\u00a0pieuse\u00a0\u00bb famille qui vivait recluse et que plusieurs voisins n\u2019avaient pas vue depuis des mois voire des ann\u00e9es, des inscriptions en lien avec Dieu, la religion, ornaient certains murs, comme le nom de \u00ab\u00a0Y\u00e9hoshoua\u00a0\u00bb.<\/p>\n<p>D\u2019autres \u00e9crits retrouv\u00e9s feraient \u00e9galement allusion \u00e0 la religion voire \u00e0 la piste d\u2019une secte r\u00e9gie par les pr\u00e9ceptes d\u2019un \u00ab\u00a0pasteur\u00a0\u00bb d\u2019origine congolaise. Cette piste est \u00e9tudi\u00e9e de pr\u00e8s par les gendarmes de la brigade de recherche d\u2019Avignon. Des t\u00e9l\u00e9phones portables ont \u00e9t\u00e9 saisis avec du mat\u00e9riel informatique. Leur contenu est actuellement d\u00e9cortiqu\u00e9.<\/p>\n<p>Une myst\u00e9rieuse fiole retrouv\u00e9e<\/p>\n<p>\u00c0 ce stade, il est impossible de d\u00e9terminer les causes exactes de la mort. Est-ce un suicide collectif\u00a0? Les trois personnes auraient pu \u00eatre consentantes pour mettre fin \u00e0 leurs jours. Certains \u00e9mettent l\u2019hypoth\u00e8se. Ou bien, la m\u00e8re serait-elle pass\u00e9e \u00e0 l\u2019acte en\u00a0empoisonnant ses enfants puis en se donnant la mort\u00a0? La piste du double assassinat suivi du suicide est \u00e9galement envisageable. \u00ab\u00a0Mais \u00e7a va \u00eatre tr\u00e8s compliqu\u00e9 \u00e0 conna\u00eetre la v\u00e9rit\u00e9, ce qui s\u2019est r\u00e9ellement pass\u00e9\u00a0\u00bb, souffle un responsable, \u00e9tonn\u00e9 de cette \u00e9trange affaire.<\/p>\n<p>Dans tous les cas, la mort par empoisonnement avec ingestion de substances toxiques est \u00e9tudi\u00e9e et m\u00eame fortement privil\u00e9gi\u00e9e. Sur place, des traces de vomissements ont \u00e9t\u00e9 d\u00e9couvertes et une fiole a \u00e9t\u00e9 retrouv\u00e9e. \u00ab\u00a0Son produit va \u00eatre envoy\u00e9 au laboratoire, confie-t-on \u00e0 <a href=\"https:\/\/www.laprovence.com\/\" target=\"_blank\" rel=\"noopener\">La Provence<\/a>. Habitu\u00e9e \u00e0 manipuler des liquides, la m\u00e8re de famille concoctait visiblement ses propres mixtures m\u00e9dicamenteuses et en vendait quelques fois.\u00a0\u00bb<\/p>\n<p>Les r\u00e9sultats des analyses sont attendus dans les prochains jours. Ils seront d\u00e9terminants et essentiels pour faire un peu plus la lumi\u00e8re sur ce drame qui s\u2019est nou\u00e9 \u00e0 huis clos.<\/p>\n","protected":false},"excerpt":{"rendered":"Trois jours apr\u00e8s la d\u00e9couverte des corps en d\u00e9composition d\u2019une m\u00e8re de 64\u00a0ans et de ses deux enfants,&hellip;\n","protected":false},"author":2,"featured_media":157176,"comment_status":"","ping_status":"","sticky":false,"template":"","format":"standard","meta":{"footnotes":""},"categories":[4],"tags":[17,11,28802,4440,652,1011,27,15464,12,28803,25,28804,104,3107],"class_list":{"0":"post-157175","1":"post","2":"type-post","3":"status-publish","4":"format-standard","5":"has-post-thumbnail","7":"category-france","8":"tag-17","9":"tag-actualites","10":"tag-cadavres","11":"tag-dune","12":"tag-famille","13":"tag-fr","14":"tag-france","15":"tag-lemprise","16":"tag-news","17":"tag-pontet","18":"tag-republique-francaise","19":"tag-secte","20":"tag-societe","21":"tag-sous"},"share_on_mastodon":{"url":"https:\/\/pubeurope.com\/@fr\/114637921577384816","error":""},"_links":{"self":[{"href":"https:\/\/www.europesays.com\/fr\/wp-json\/wp\/v2\/posts\/157175","targetHints":{"allow":["GET"]}}],"collection":[{"href":"https:\/\/www.europesays.com\/fr\/wp-json\/wp\/v2\/posts"}],"about":[{"href":"https:\/\/www.europesays.com\/fr\/wp-json\/wp\/v2\/types\/post"}],"author":[{"embeddable":true,"href":"https:\/\/www.europesays.com\/fr\/wp-json\/wp\/v2\/users\/2"}],"replies":[{"embeddable":true,"href":"https:\/\/www.europesays.com\/fr\/wp-json\/wp\/v2\/comments?post=157175"}],"version-history":[{"count":0,"href":"https:\/\/www.europesays.com\/fr\/wp-json\/wp\/v2\/posts\/157175\/revisions"}],"wp:featuredmedia":[{"embeddable":true,"href":"https:\/\/www.europesays.com\/fr\/wp-json\/wp\/v2\/media\/157176"}],"wp:attachment":[{"href":"https:\/\/www.europesays.com\/fr\/wp-json\/wp\/v2\/media?parent=157175"}],"wp:term":[{"taxonomy":"category","embeddable":true,"href":"https:\/\/www.europesays.com\/fr\/wp-json\/wp\/v2\/categories?post=157175"},{"taxonomy":"post_tag","embeddable":true,"href":"https:\/\/www.europesays.com\/fr\/wp-json\/wp\/v2\/tags?post=157175"}],"curies":[{"name":"wp","href":"https:\/\/api.w.org\/{rel}","templated":true}]}}