{"id":157187,"date":"2025-06-06T18:55:10","date_gmt":"2025-06-06T18:55:10","guid":{"rendered":"https:\/\/www.europesays.com\/fr\/157187\/"},"modified":"2025-06-06T18:55:10","modified_gmt":"2025-06-06T18:55:10","slug":"le-parquet-de-toulon-dement-toute-enquete-a-lencontre-de-jean-pierre-blanc-directeur-de-la-villa-noailles","status":"publish","type":"post","link":"https:\/\/www.europesays.com\/fr\/157187\/","title":{"rendered":"Le parquet de Toulon d\u00e9ment toute enqu\u00eate \u00e0 l\u2019encontre de Jean-Pierre Blanc, directeur de la Villa Noailles"},"content":{"rendered":"<p>                          <img loading=\"lazy\" decoding=\"async\" src=\"https:\/\/www.europesays.com\/fr\/wp-content\/uploads\/2025\/06\/9a19ec8_sirius-fs-upload-1-lmjwq3bdquct-1749234293563-080-hl-mcohen-2019043.jpg\" alt=\"Jean-Pierre Blanc, directeur de la Villa Noailles, \u00e0 Hy\u00e8res (Var), le 28\u00a0mars 2023.\"  width=\"664\" height=\"443\"\/>    Jean-Pierre Blanc, directeur de la Villa Noailles, \u00e0 Hy\u00e8res (Var), le 28\u00a0mars 2023.  MAGALI COHEN\/HANS LUCAS VIA AFP                <\/p>\n<p class=\"article__paragraph  \">Ce vendredi 6\u00a0janvier, dans un communiqu\u00e9, le procureur de la R\u00e9publique de Toulon a d\u00e9menti les informations publi\u00e9es le 26\u00a0mai par Ici (nouveau nom de France Bleu) selon lesquelles Jean-Pierre Blanc, directeur de la Villa Noailles, serait \u00ab\u00a0au c\u0153ur d\u2019une enqu\u00eate pour d\u00e9tention d\u2019images \u00e0 caract\u00e8re p\u00e9dopornographique\u00a0\u00bb. A la suite de cet article, plusieurs organes de presse, dont Le Monde, ont relay\u00e9 des accusations d\u2019un jeune Hy\u00e9rois \u00e0 l\u2019encontre de Jean-Pierre Blanc.<\/p>\n<p class=\"article__paragraph  \">L\u2019affaire remonte au 13\u00a0novembre\u00a02023. Jean-Pierre Blanc en a fait le r\u00e9cit dans une plainte d\u00e9pos\u00e9e pour extorsion de fonds d\u00e8s le lendemain au commissariat d\u2019Hy\u00e8res, que le Monde a pu consulter. De retour d\u2019un voyage au Maroc, a-t-il indiqu\u00e9 aux policiers, il aurait pris en photo deux jeunes hommes qui \u00e9taient en train de fumer dans l\u2019enceinte de l\u2019a\u00e9roport. L\u2019un des deux l\u2019aurait pris alors \u00e0 partie avec agressivit\u00e9 en disant\u00a0: \u00ab\u00a0T\u2019es flic toi. Pourquoi tu prends des photos\u00a0? Donne-moi ton t\u00e9l\u00e9phone. Donne-moi ton code.\u00a0\u00bb \u00ab\u00a0J\u2019ai eu peur de cet individu et je lui ai remis mon t\u00e9l\u00e9phone. Je lui ai donn\u00e9 mon code\u00a0\u00bb, aurait expliqu\u00e9 le directeur de la Villa Noailles.<\/p>\n<p class=\"reading-mode-only \"><strong>Il vous reste 61.89% de cet article \u00e0 lire. La suite est r\u00e9serv\u00e9e aux abonn\u00e9s.<\/strong><\/p>\n","protected":false},"excerpt":{"rendered":"Jean-Pierre Blanc, directeur de la Villa Noailles, \u00e0 Hy\u00e8res (Var), le 28\u00a0mars 2023. MAGALI COHEN\/HANS LUCAS VIA AFP&hellip;\n","protected":false},"author":2,"featured_media":157188,"comment_status":"","ping_status":"","sticky":false,"template":"","format":"standard","meta":{"footnotes":""},"categories":[9619],"tags":[1111,11,1777,674,1011,27,12,882,25,2310],"class_list":{"0":"post-157187","1":"post","2":"type-post","3":"status-publish","4":"format-standard","5":"has-post-thumbnail","7":"category-toulon","8":"tag-actu","9":"tag-actualites","10":"tag-eu","11":"tag-europe","12":"tag-fr","13":"tag-france","14":"tag-news","15":"tag-provence-alpes-cote-dazur","16":"tag-republique-francaise","17":"tag-toulon"},"share_on_mastodon":{"url":"https:\/\/pubeurope.com\/@fr\/114637945112012775","error":""},"_links":{"self":[{"href":"https:\/\/www.europesays.com\/fr\/wp-json\/wp\/v2\/posts\/157187","targetHints":{"allow":["GET"]}}],"collection":[{"href":"https:\/\/www.europesays.com\/fr\/wp-json\/wp\/v2\/posts"}],"about":[{"href":"https:\/\/www.europesays.com\/fr\/wp-json\/wp\/v2\/types\/post"}],"author":[{"embeddable":true,"href":"https:\/\/www.europesays.com\/fr\/wp-json\/wp\/v2\/users\/2"}],"replies":[{"embeddable":true,"href":"https:\/\/www.europesays.com\/fr\/wp-json\/wp\/v2\/comments?post=157187"}],"version-history":[{"count":0,"href":"https:\/\/www.europesays.com\/fr\/wp-json\/wp\/v2\/posts\/157187\/revisions"}],"wp:featuredmedia":[{"embeddable":true,"href":"https:\/\/www.europesays.com\/fr\/wp-json\/wp\/v2\/media\/157188"}],"wp:attachment":[{"href":"https:\/\/www.europesays.com\/fr\/wp-json\/wp\/v2\/media?parent=157187"}],"wp:term":[{"taxonomy":"category","embeddable":true,"href":"https:\/\/www.europesays.com\/fr\/wp-json\/wp\/v2\/categories?post=157187"},{"taxonomy":"post_tag","embeddable":true,"href":"https:\/\/www.europesays.com\/fr\/wp-json\/wp\/v2\/tags?post=157187"}],"curies":[{"name":"wp","href":"https:\/\/api.w.org\/{rel}","templated":true}]}}