{"id":157193,"date":"2025-06-06T18:58:08","date_gmt":"2025-06-06T18:58:08","guid":{"rendered":"https:\/\/www.europesays.com\/fr\/157193\/"},"modified":"2025-06-06T18:58:08","modified_gmt":"2025-06-06T18:58:08","slug":"centre-des-impots-academie-de-police-les-chantiers-presentes-par-francois-bayrou","status":"publish","type":"post","link":"https:\/\/www.europesays.com\/fr\/157193\/","title":{"rendered":"centre des imp\u00f4ts, acad\u00e9mie de police\u2026 les chantiers pr\u00e9sent\u00e9s par Fran\u00e7ois Bayrou"},"content":{"rendered":"<p>            Par<br \/>\n        <strong><br \/>\n            <a href=\"https:\/\/actu.fr\/auteur\/lea-pippinato\" title=\"Consulter tous les articles de L\u00e9a Pippinato\" target=\"_blank\" rel=\"noopener\">L\u00e9a Pippinato<\/a><br \/>\n        <\/strong><\/p>\n<p>        Publi\u00e9 le<\/p>\n<p>            6 juin 2025 \u00e0 20h28        <\/p>\n<p>Le Premier ministre <strong>Fran\u00e7ois Bayrou<\/strong> a choisi la Mosson pour une journ\u00e9e enti\u00e8re de travail, <strong>ce vendredi 6 juin 2025<\/strong>. Loin d\u2019une simple visite protocolaire, son d\u00e9placement a m\u00eal\u00e9 rencontres de terrain, inaugurations et annonces concr\u00e8tes. Le chef du gouvernement s\u2019est d\u2019abord rendu \u00e0 l\u2019\u00e9cole Hypatie, puis au tout nouveau commissariat de police du quartier, avant de pr\u00e9sider un <strong>Comit\u00e9 interminist\u00e9riel des villes<\/strong> (CIV) au th\u00e9\u00e2tre Jean Vilar. En cl\u00f4ture, il a pris la parole face \u00e0 la presse, depuis l\u2019arri\u00e8re de la Maison pour tous L\u00e9o Lagrange. Le cadre est symbolique : \u00e0 deux pas du th\u00e9\u00e2tre, au c\u0153ur d\u2019un quartier class\u00e9 prioritaire, souvent cit\u00e9 pour ses difficult\u00e9s sociales et son enclavement. Pour Fran\u00e7ois Bayrou, la Mosson devient ainsi vitrine d\u2019une politique nationale de reconqu\u00eate r\u00e9publicaine des territoires.<\/p>\n<p>    <a href=\"https:\/\/www.google.com\/maps\/embed?pb=!1m18!1m12!1m3!1d23112.879853136506!2d3.8585414999999994!3d43.6042516!2m3!1f0!2f0!3f0!3m2!1i1024!2i768!4f13.1!3m3!1m2!1s0x12b6ac23acd8d0e1%3A0xfe8f9ab780c074d!2sHome%20For%20All%20L%C3%A9o-Lagrange!5e0!3m2!1sen!2sfr!4v1749232230753!5m2!1sen!2sfr\" title=\"Ouvrie le lien\" target=\"_blank\" rel=\"noopener\">Cliquez ici pour visualiser le contenu<\/a><\/p>\n<p>Le centre des imp\u00f4ts, pilier de la reconqu\u00eate<\/p>\n<p class=\" wall-content\">L\u2019annonce principale de la journ\u00e9e concerne l\u2019installation d\u2019un centre des imp\u00f4ts dans le quartier. Les travaux d\u00e9buteront <strong>fin 2026<\/strong>, pour une ouverture pr\u00e9vue au plus tard le 31 d\u00e9cembre 2028. Ce centre accueillera 130 agents suppl\u00e9mentaires, faisant passer les effectifs locaux de 89 \u00e0 219. \u00c0 ce jour, le gouvernement ne pr\u00e9cise pas s\u2019il s\u2019agit de cr\u00e9ations nettes ou de transferts d\u2019effectifs d\u00e9j\u00e0 existants dans d\u2019autres services.<\/p>\n<p class=\" wall-content\">Pour Fran\u00e7ois Bayrou, cette implantation vise \u00e0 redonner de la mixit\u00e9 et une dynamique nouvelle \u00e0 la Mosson : \u00ab\u00a0\u00c7a redevient un endroit de vie, de logement, de travail, d\u2019\u00e9cole, de sport.\u00a0\u00bb Il d\u00e9fend l\u2019id\u00e9e que la pr\u00e9sence de fonctionnaires sur place participera \u00e0 casser l\u2019image d\u2019un quartier isol\u00e9 et d\u00e9laiss\u00e9.<\/p>\n<p>Acad\u00e9mie de police : une promesse toujours en chantier<\/p>\n<p class=\" wall-content\">Deuxi\u00e8me dossier local \u00e9voqu\u00e9 : <a href=\"https:\/\/actu.fr\/occitanie\/montpellier_34172\/montpellier-securite-10-000-policiers-et-gendarmes-academie-les-annonces-d-emmanuel-macron_41169275.html\" target=\"_blank\" rel=\"noopener\">l\u2019acad\u00e9mie de police<\/a>,<strong> annonc\u00e9e en 2021<\/strong> par Emmanuel Macron. Le projet n\u2019a pas encore abouti, mais les travaux pr\u00e9paratoires avancent. \u00ab\u00a0Le travail a \u00e9t\u00e9 fait par la pr\u00e9fecture, par les collectivit\u00e9s locales, sur le terrain et sur une d\u00e9claration d\u2019utilit\u00e9 publique. Ce travail est en cours\u00a0\u00bb, pr\u00e9cise le Premier ministre. Le flou reste entier sur le calendrier de r\u00e9alisation. Certains \u00e9lus locaux ont exprim\u00e9 une forme de d\u00e9ception, consid\u00e9rant que les annonces faites ce 6 juin manquaient de nouveaut\u00e9 par rapport au pr\u00e9c\u00e9dent CIV. Le Premier ministre rejette cette critique : \u00ab\u00a0C\u2019est pas du tout ce qu\u2019ils ont exprim\u00e9.\u00a0\u00bb Il affirme que les \u00e9changes avec les acteurs de terrain ont \u00e9t\u00e9 \u00ab\u00a0constructifs et positifs\u00a0\u00bb, y compris avec les nombreuses associations rencontr\u00e9es pendant le d\u00e9jeuner.<\/p>\n<p>Vid\u00e9os : en ce moment sur Actu<\/p>\n<p class=\" wall-content\"><strong>Au-del\u00e0 des projets locaux<\/strong>, Fran\u00e7ois Bayrou a \u00e9largi son propos. Interrog\u00e9 sur l\u2019agression d\u2019un rabbin \u00e0 Neuilly-sur-Seine, il a d\u00e9nonc\u00e9 un climat de haine inqui\u00e9tant : \u00ab\u00a0C\u2019est une agression clairement parce que la personne agress\u00e9e \u00e9tait un rabbin. C\u2019est le d\u00e9cha\u00eenement, la haine.\u00a0\u00bb Pour lui, la France fait face \u00e0 des attaques qui visent les juifs, les musulmans, et d\u2019autres minorit\u00e9s. Il appelle \u00e0 une politique ferme : \u00ab\u00a0Aucune faiblesse face aux haines, aucune part \u00e0 la s\u00e9paration.\u00a0\u00bb Fran\u00e7ois Bayrou d\u00e9fend une conception exigeante de la la\u00efcit\u00e9 : \u00ab\u00a0La loi prot\u00e8ge la foi, mais la foi ne fait pas la loi.\u00a0\u00bb Une phrase qu\u2019il dit souvent utiliser pour r\u00e9sumer sa position.<\/p>\n<p>Crise budg\u00e9taire : le gouvernement en alerte<\/p>\n<p class=\" wall-content\">Sur le front \u00e9conomique, le Premier ministre a reconnu l\u2019ampleur du probl\u00e8me. \u00ab\u00a0On est devant un immense probl\u00e8me d\u2019\u00e9quilibre de nos finances.\u00a0\u00bb Selon lui, les d\u00e9ficits publics atteignent des centaines de milliards pour les d\u00e9penses de l\u2019\u00c9tat, et plusieurs dizaines pour la S\u00e9curit\u00e9 sociale. Il rappelle n\u00e9anmoins une note d\u2019espoir : \u00ab\u00a0La Commission europ\u00e9enne a suspendu la proc\u00e9dure de d\u00e9ficit excessif sur la France. \u00c7a ne veut pas dire que les d\u00e9ficits sont r\u00e9gl\u00e9s, mais que les engagements sont respect\u00e9s.\u00a0\u00bb Il promet des annonces concr\u00e8tes <strong>avant le 14 juillet<\/strong>, notamment sur les aides sociales, la S\u00e9curit\u00e9 sociale, et les crit\u00e8res de redistribution.<\/p>\n<blockquote class=\"ac-article-quote wall-content\">\n<p>\u00ab\u00a0La Commission europ\u00e9enne a suspendu la proc\u00e9dure de d\u00e9ficit excessif sur la France. \u00c7a ne veut pas dire que les d\u00e9ficits sont r\u00e9gl\u00e9s, mais que les engagements sont respect\u00e9s.\u00a0\u00bb<\/p>\n<p>    <strong>Fran\u00e7ois Bayrou<\/strong><br \/>\n        Premier ministre    <\/p><\/blockquote>\n<p class=\" wall-content\">Malgr\u00e9 les difficult\u00e9s, Fran\u00e7ois Bayrou affiche sa d\u00e9termination. Interrog\u00e9 sur la faisabilit\u00e9 d\u2019un tel mod\u00e8le dans les plus de 1 000 quartiers prioritaires du pays, il assume l\u2019ampleur du d\u00e9fi : \u00ab\u00a0Si j\u2019\u00e9tais effray\u00e9 par les Everest, par les Annapurna, je ne serais pas l\u00e0. J\u2019ai accept\u00e9 en connaissance de cause.\u00a0\u00bb Il dit vouloir proposer au pays un \u00ab\u00a0redressement\u00a0\u00bb et un \u00ab\u00a0r\u00e9\u00e9quilibrage\u00a0\u00bb, m\u00eame si cela implique des d\u00e9cisions impopulaires. Il critique les r\u00e9flexes politiques trop souvent fond\u00e9s sur l\u2019opposition syst\u00e9matique. \u00ab\u00a0Il faut bien qu\u2019il y en ait pour faire le boulot.\u00a0\u00bb<\/p>\n<p class=\" wall-content\">Suivez toute l\u2019actualit\u00e9 de vos villes et m\u00e9dias favoris en vous inscrivant \u00e0 <a href=\"https:\/\/moncompte.actu.fr\" title=\"D\u00e9couvez Mon Actu\" rel=\"nofollow noopener\" data-trk=\"{&quot;cta&quot;:{&quot;action&quot;:&quot;https:\\\/\\\/moncompte.actu.fr&quot;,&quot;category&quot;:&quot;mon compte&quot;,&quot;from&quot;:&quot;article footer&quot;,&quot;name&quot;:&quot;Mon actu&quot;,&quot;type&quot;:&quot;cta&quot;}}\" target=\"_blank\">Mon Actu<\/a>.<\/p>\n","protected":false},"excerpt":{"rendered":"Par L\u00e9a Pippinato Publi\u00e9 le 6 juin 2025 \u00e0 20h28 Le Premier ministre Fran\u00e7ois Bayrou a choisi la&hellip;\n","protected":false},"author":2,"featured_media":157194,"comment_status":"","ping_status":"","sticky":false,"template":"","format":"standard","meta":{"footnotes":""},"categories":[9599],"tags":[1111,11,1777,674,1011,27,342,2208,12,2680,1072,316,5765,25],"class_list":{"0":"post-157193","1":"post","2":"type-post","3":"status-publish","4":"format-standard","5":"has-post-thumbnail","7":"category-montpellier","8":"tag-actu","9":"tag-actualites","10":"tag-eu","11":"tag-europe","12":"tag-fr","13":"tag-france","14":"tag-impots","15":"tag-montpellier","16":"tag-news","17":"tag-occitanie","18":"tag-police","19":"tag-politique","20":"tag-renovation-urbaine","21":"tag-republique-francaise"},"share_on_mastodon":{"url":"https:\/\/pubeurope.com\/@fr\/114637956978098440","error":""},"_links":{"self":[{"href":"https:\/\/www.europesays.com\/fr\/wp-json\/wp\/v2\/posts\/157193","targetHints":{"allow":["GET"]}}],"collection":[{"href":"https:\/\/www.europesays.com\/fr\/wp-json\/wp\/v2\/posts"}],"about":[{"href":"https:\/\/www.europesays.com\/fr\/wp-json\/wp\/v2\/types\/post"}],"author":[{"embeddable":true,"href":"https:\/\/www.europesays.com\/fr\/wp-json\/wp\/v2\/users\/2"}],"replies":[{"embeddable":true,"href":"https:\/\/www.europesays.com\/fr\/wp-json\/wp\/v2\/comments?post=157193"}],"version-history":[{"count":0,"href":"https:\/\/www.europesays.com\/fr\/wp-json\/wp\/v2\/posts\/157193\/revisions"}],"wp:featuredmedia":[{"embeddable":true,"href":"https:\/\/www.europesays.com\/fr\/wp-json\/wp\/v2\/media\/157194"}],"wp:attachment":[{"href":"https:\/\/www.europesays.com\/fr\/wp-json\/wp\/v2\/media?parent=157193"}],"wp:term":[{"taxonomy":"category","embeddable":true,"href":"https:\/\/www.europesays.com\/fr\/wp-json\/wp\/v2\/categories?post=157193"},{"taxonomy":"post_tag","embeddable":true,"href":"https:\/\/www.europesays.com\/fr\/wp-json\/wp\/v2\/tags?post=157193"}],"curies":[{"name":"wp","href":"https:\/\/api.w.org\/{rel}","templated":true}]}}