{"id":157195,"date":"2025-06-06T18:59:08","date_gmt":"2025-06-06T18:59:08","guid":{"rendered":"https:\/\/www.europesays.com\/fr\/157195\/"},"modified":"2025-06-06T18:59:08","modified_gmt":"2025-06-06T18:59:08","slug":"securite-la-ville-de-canteleu-multiplie-par-7-le-nombre-de-ses-cameras-de-videosurveillance","status":"publish","type":"post","link":"https:\/\/www.europesays.com\/fr\/157195\/","title":{"rendered":"S\u00e9curit\u00e9. La Ville de Canteleu multiplie par 7 le nombre de ses cam\u00e9ras de vid\u00e9osurveillance"},"content":{"rendered":"<p>            Par<br \/>\n        <strong><br \/>\n            <a href=\"https:\/\/actu.fr\/auteur\/fmass\" title=\"Consulter tous les articles de Fabien Massin\" target=\"_blank\" rel=\"noopener\">Fabien Massin<\/a><br \/>\n        <\/strong><\/p>\n<p>        Publi\u00e9 le<\/p>\n<p>            6 juin 2025 \u00e0 20h30        <\/p>\n<p>Une mont\u00e9e en puissance massive. Voil\u00e0 ce qu\u2019a d\u00e9cid\u00e9 la Ville de <a href=\"https:\/\/actu.fr\/normandie\/canteleu_76157\" target=\"_blank\" rel=\"noopener\">Canteleu<\/a>, dans l\u2019agglo de <a href=\"https:\/\/actu.fr\/normandie\/seine-maritime_76\" target=\"_blank\" rel=\"noopener\">Rouen (Seine-Maritime)<\/a>, pour sa politique de d\u00e9ploiement de cam\u00e9ras de vid\u00e9osurveillance dans l\u2019espace public, multipliant par sept le nombre de cam\u00e9ras en ville en 2026, par rapport \u00e0 la situation de 2024.\u00a0<\/p>\n<p>Drogues, tirs de mortier, \u00ab\u00a0code de la route cantilien\u00a0\u00bb\u2026<\/p>\n<p class=\" wall-content\">\u00ab\u00a0Le constat est que nous avons \u00e0 Canteleu un probl\u00e8me de d\u00e9linquance en tous genres, rapporte Tom Delahaye, <a href=\"https:\/\/actu.fr\/normandie\/canteleu_76157\/on-m-a-dit-de-me-calmer-sinon-j-allais-me-faire-tuer-le-maire-de-canteleu-face-au-trafic-de-drogues_62302255.html\" target=\"_blank\" rel=\"noopener\">maire de la commune depuis l\u2019ann\u00e9e derni\u00e8re<\/a>. Il y a le trafic de drogues, les troubles \u00e0 l\u2019ordre public, les tirs de mortier, le code de la route cantilien, etc. Les cam\u00e9ras ne sont pas la solution miracle mais un outil suppl\u00e9mentaire.\u00a0\u00bb<\/p>\n<blockquote class=\"ac-article-quote wall-content\">\n<p>Les cam\u00e9ras montrent notamment leur efficacit\u00e9 sur les ph\u00e9nom\u00e8nes de regroupement, le trafic de stup\u00e9fiants et les rod\u00e9os urbains. Et si les cam\u00e9ras ne verbalisent pas, avec la lecture des plaques d&rsquo;immatriculation, elles nous renseignent sur qui vient et qui sort de la ville.<\/p>\n<p>    <strong>Tom Delahaye<\/strong><br \/>\n        Maire de Canteleu    <\/p><\/blockquote>\n<p class=\" wall-content\">Cette politique engag\u00e9e depuis 2024 est mise en \u0153uvre en plusieurs phases et prend diff\u00e9rents aspects : passage de 21 \u00e0 24 cam\u00e9ras en 2024, puis 17 suppl\u00e9mentaires cette ann\u00e9e, pour atteindre le<strong> nombre de 166 en 2026<\/strong> ; raccordement CSU (centre de supervision urbain, le lieu qui concentre toutes les images projet\u00e9es par les cam\u00e9ras de surveillance) ; <strong>formation d\u2019un agent de la police municipale<\/strong> dans la maitrise de la lecture des images prises par les cam\u00e9ras ; renforcement de la police municipale, dont l\u2019effectif est pass\u00e9 de quatre \u00e0 dix agents ; <strong>prise en main des cam\u00e9ras par la police nationale<\/strong> en dehors des heures d\u2019activit\u00e9 de la police municipale.\u00a0<\/p>\n<p>Suivez l\u2019actualit\u00e9 de Rouen sur notre <a href=\"https:\/\/www.whatsapp.com\/channel\/0029VaKfnf99hXF2ddApFB1D\" target=\"_blank\" rel=\"noopener\">cha\u00eene WhatsApp<\/a> et sur notre <a href=\"https:\/\/www.tiktok.com\/@76actu.fr?lang=fr\" target=\"_blank\" rel=\"noopener\">compte TikTok<\/a><\/p>\n<p class=\" wall-content\">Suivez toute l\u2019actualit\u00e9 de vos villes et m\u00e9dias favoris en vous inscrivant \u00e0 <a href=\"https:\/\/moncompte.actu.fr\" title=\"D\u00e9couvez Mon Actu\" rel=\"nofollow noopener\" data-trk=\"{&quot;cta&quot;:{&quot;action&quot;:&quot;https:\\\/\\\/moncompte.actu.fr&quot;,&quot;category&quot;:&quot;mon compte&quot;,&quot;from&quot;:&quot;article footer&quot;,&quot;name&quot;:&quot;Mon actu&quot;,&quot;type&quot;:&quot;cta&quot;}}\" target=\"_blank\">Mon Actu<\/a>.<\/p>\n<p>                    <script async src=\"\/\/www.tiktok.com\/embed.js\"><\/script><\/p>\n","protected":false},"excerpt":{"rendered":"Par Fabien Massin Publi\u00e9 le 6 juin 2025 \u00e0 20h30 Une mont\u00e9e en puissance massive. Voil\u00e0 ce qu\u2019a&hellip;\n","protected":false},"author":2,"featured_media":157196,"comment_status":"","ping_status":"","sticky":false,"template":"","format":"standard","meta":{"footnotes":""},"categories":[9587],"tags":[1111,11,1052,1777,674,118,1011,27,2825,9725,12,5161,25,9590],"class_list":{"0":"post-157195","1":"post","2":"type-post","3":"status-publish","4":"format-standard","5":"has-post-thumbnail","7":"category-rouen","8":"tag-actu","9":"tag-actualites","10":"tag-drogue","11":"tag-eu","12":"tag-europe","13":"tag-faits-divers","14":"tag-fr","15":"tag-france","16":"tag-insecurite","17":"tag-metropole-rouen","18":"tag-news","19":"tag-normandie","20":"tag-republique-francaise","21":"tag-rouen"},"share_on_mastodon":{"url":"https:\/\/pubeurope.com\/@fr\/114637960869014489","error":""},"_links":{"self":[{"href":"https:\/\/www.europesays.com\/fr\/wp-json\/wp\/v2\/posts\/157195","targetHints":{"allow":["GET"]}}],"collection":[{"href":"https:\/\/www.europesays.com\/fr\/wp-json\/wp\/v2\/posts"}],"about":[{"href":"https:\/\/www.europesays.com\/fr\/wp-json\/wp\/v2\/types\/post"}],"author":[{"embeddable":true,"href":"https:\/\/www.europesays.com\/fr\/wp-json\/wp\/v2\/users\/2"}],"replies":[{"embeddable":true,"href":"https:\/\/www.europesays.com\/fr\/wp-json\/wp\/v2\/comments?post=157195"}],"version-history":[{"count":0,"href":"https:\/\/www.europesays.com\/fr\/wp-json\/wp\/v2\/posts\/157195\/revisions"}],"wp:featuredmedia":[{"embeddable":true,"href":"https:\/\/www.europesays.com\/fr\/wp-json\/wp\/v2\/media\/157196"}],"wp:attachment":[{"href":"https:\/\/www.europesays.com\/fr\/wp-json\/wp\/v2\/media?parent=157195"}],"wp:term":[{"taxonomy":"category","embeddable":true,"href":"https:\/\/www.europesays.com\/fr\/wp-json\/wp\/v2\/categories?post=157195"},{"taxonomy":"post_tag","embeddable":true,"href":"https:\/\/www.europesays.com\/fr\/wp-json\/wp\/v2\/tags?post=157195"}],"curies":[{"name":"wp","href":"https:\/\/api.w.org\/{rel}","templated":true}]}}