{"id":157197,"date":"2025-06-06T19:00:09","date_gmt":"2025-06-06T19:00:09","guid":{"rendered":"https:\/\/www.europesays.com\/fr\/157197\/"},"modified":"2025-06-06T19:00:09","modified_gmt":"2025-06-06T19:00:09","slug":"la-france-sous-les-bombes-alliees-1942-rouen-sous-les-bombes-alliees-le-documentaire-choc-a-voir-samedi-sur-le-figaro-tv","status":"publish","type":"post","link":"https:\/\/www.europesays.com\/fr\/157197\/","title":{"rendered":"\u00ab\u00a0La France sous les bombes alli\u00e9es : 1942, Rouen sous les bombes alli\u00e9es\u00a0\u00bb \u2014 le documentaire choc \u00e0 voir samedi sur Le Figaro TV"},"content":{"rendered":"<p data-start=\"112\" data-end=\"674\">C\u2019est un \u00e9pisode de l\u2019Histoire que la France n\u2019a jamais vraiment dig\u00e9r\u00e9. Samedi \u00e0 21h, Le Figaro TV propose un documentaire bouleversant intitul\u00e9 La France sous les bombes alli\u00e9es : 1942, Rouen sous les bombes alli\u00e9es. \u00c0 travers des t\u00e9moignages poignants, des images d\u2019archives rares et une mise en contexte rigoureuse, le film revient sur le tout premier bombardement diurne am\u00e9ricain sur la France occup\u00e9e, en plein c\u0153ur de Rouen. Une date charni\u00e8re de la Seconde Guerre mondiale, o\u00f9 l\u2019objectif militaire se double d\u2019une trag\u00e9die civile.<\/p>\n<p><strong data-start=\"681\" data-end=\"733\">Rouen, cible strat\u00e9gique\u2026 et victime collat\u00e9rale<\/strong><\/p>\n<p data-start=\"681\" data-end=\"1680\">\u00c0 l\u2019\u00e9t\u00e9 1942, les \u00c9tats-Unis, tout juste engag\u00e9s dans la guerre depuis quelques mois, lancent leurs premi\u00e8res op\u00e9rations a\u00e9riennes sur le Vieux Continent. Dans leur viseur, Rouen, un n\u0153ud ferroviaire essentiel pour les troupes allemandes. Ce bombardement du 17 ao\u00fbt, men\u00e9 en plein jour par la VIIIe Air Force, marque un tournant : c\u2019est la premi\u00e8re fois que des avions am\u00e9ricains attaquent directement le territoire fran\u00e7ais occup\u00e9. L\u2019objectif est clair : ralentir la logistique ennemie. Mais les bombes ne font pas la diff\u00e9rence entre infrastructures militaires et zones d\u2019habitation. Ce que ce documentaire tente de restituer, ce n\u2019est pas seulement la dimension militaire de l\u2019op\u00e9ration, mais surtout l\u2019impact humain d\u2019un choix strat\u00e9gique. Quartiers \u00e9ventr\u00e9s, civils pi\u00e9g\u00e9s sous les gravats, familles enti\u00e8res ray\u00e9es de la carte : derri\u00e8re l\u2019euph\u00e9misme de \u201cdommages collat\u00e9raux\u201d se cache un cauchemar \u00e9veill\u00e9 pour des centaines d\u2019innocents.<\/p>\n<p><strong data-start=\"1687\" data-end=\"1732\">Les visages oubli\u00e9s d\u2019un sacrifice impos\u00e9<\/strong><\/p>\n<p data-start=\"1687\" data-end=\"2560\">Ce qui frappe dans ce r\u00e9cit, c\u2019est la complexit\u00e9 morale qu\u2019il soul\u00e8ve. Oui, frapper Rouen, c\u2019\u00e9tait affaiblir l\u2019occupant nazi. Mais \u00e0 quel prix ? Le documentaire plonge dans la m\u00e9moire locale pour faire entendre les voix des survivants, des descendants, des historiens, qui tous peinent encore \u00e0 poser des mots justes sur cette blessure. Car si la France libre a salu\u00e9 l\u2019arriv\u00e9e des Alli\u00e9s comme un espoir de lib\u00e9ration, ces m\u00eames Alli\u00e9s ont parfois sem\u00e9 la mort avant la d\u00e9livrance. En r\u00e9v\u00e9lant les histoires personnelles \u2013 celle de cette m\u00e8re qui a perdu ses deux enfants, de ce gar\u00e7on mutil\u00e9 \u00e0 vie, de ces anonymes ensevelis sous les ruines \u2013 le film d\u00e9construit la froide m\u00e9canique militaire pour montrer l\u2019envers du d\u00e9cor. Il redonne un visage \u00e0 ceux qu\u2019on a trop souvent r\u00e9duits \u00e0 des chiffres dans les bilans officiels.<\/p>\n<p><strong data-start=\"2567\" data-end=\"2616\">Une m\u00e9moire encore vive, un d\u00e9bat jamais clos<\/strong><\/p>\n<p data-start=\"2567\" data-end=\"3393\">80 ans plus tard, Rouen se souvient. Les plaques comm\u00e9moratives, les r\u00e9cits transmis dans les familles, les silences aussi, t\u00e9moignent d\u2019un traumatisme jamais vraiment referm\u00e9. Ce documentaire interroge : fallait-il en passer par l\u00e0 pour vaincre ? L\u2019argument militaire se heurte \u00e0 l\u2019\u00e9motion populaire, et le film ne pr\u00e9tend pas trancher. Il \u00e9claire, il contextualise, mais surtout il donne la parole. \u00c0 l\u2019heure o\u00f9 les guerres contemporaines reproduisent, parfois, les m\u00eames logiques de frappes chirurgicales aux effets d\u00e9vastateurs sur les civils, ce retour sur le pass\u00e9 prend une r\u00e9sonance troublante. Ce n\u2019est pas un r\u00e9cit fig\u00e9, mais un miroir tendu vers notre \u00e9poque. Et une invitation \u00e0 ne jamais oublier que derri\u00e8re chaque bombe, il y a une rue, une maison, un pr\u00e9nom.<\/p>\n","protected":false},"excerpt":{"rendered":"C\u2019est un \u00e9pisode de l\u2019Histoire que la France n\u2019a jamais vraiment dig\u00e9r\u00e9. Samedi \u00e0 21h, Le Figaro TV&hellip;\n","protected":false},"author":2,"featured_media":157198,"comment_status":"","ping_status":"","sticky":false,"template":"","format":"standard","meta":{"footnotes":""},"categories":[9587],"tags":[1111,11,28805,28806,28807,1777,674,1011,27,28808,28809,28810,12,5161,25,9590,935,28811,28812],"class_list":{"0":"post-157197","1":"post","2":"type-post","3":"status-publish","4":"format-standard","5":"has-post-thumbnail","7":"category-rouen","8":"tag-actu","9":"tag-actualites","10":"tag-bombardement-1942","11":"tag-civils-francais","12":"tag-documentaire-historique","13":"tag-eu","14":"tag-europe","15":"tag-fr","16":"tag-france","17":"tag-histoire-france","18":"tag-le-figaro-tv","19":"tag-memoire-collective","20":"tag-news","21":"tag-normandie","22":"tag-republique-francaise","23":"tag-rouen","24":"tag-seconde-guerre-mondiale","25":"tag-strategie-alliee","26":"tag-viiie-air-force"},"share_on_mastodon":{"url":"https:\/\/pubeurope.com\/@fr\/114637964785046829","error":""},"_links":{"self":[{"href":"https:\/\/www.europesays.com\/fr\/wp-json\/wp\/v2\/posts\/157197","targetHints":{"allow":["GET"]}}],"collection":[{"href":"https:\/\/www.europesays.com\/fr\/wp-json\/wp\/v2\/posts"}],"about":[{"href":"https:\/\/www.europesays.com\/fr\/wp-json\/wp\/v2\/types\/post"}],"author":[{"embeddable":true,"href":"https:\/\/www.europesays.com\/fr\/wp-json\/wp\/v2\/users\/2"}],"replies":[{"embeddable":true,"href":"https:\/\/www.europesays.com\/fr\/wp-json\/wp\/v2\/comments?post=157197"}],"version-history":[{"count":0,"href":"https:\/\/www.europesays.com\/fr\/wp-json\/wp\/v2\/posts\/157197\/revisions"}],"wp:featuredmedia":[{"embeddable":true,"href":"https:\/\/www.europesays.com\/fr\/wp-json\/wp\/v2\/media\/157198"}],"wp:attachment":[{"href":"https:\/\/www.europesays.com\/fr\/wp-json\/wp\/v2\/media?parent=157197"}],"wp:term":[{"taxonomy":"category","embeddable":true,"href":"https:\/\/www.europesays.com\/fr\/wp-json\/wp\/v2\/categories?post=157197"},{"taxonomy":"post_tag","embeddable":true,"href":"https:\/\/www.europesays.com\/fr\/wp-json\/wp\/v2\/tags?post=157197"}],"curies":[{"name":"wp","href":"https:\/\/api.w.org\/{rel}","templated":true}]}}