{"id":1572,"date":"2025-04-03T22:37:11","date_gmt":"2025-04-03T22:37:11","guid":{"rendered":"https:\/\/www.europesays.com\/fr\/1572\/"},"modified":"2025-04-03T22:37:11","modified_gmt":"2025-04-03T22:37:11","slug":"serguei-lavrov-annonce-une-intensification-de-la-cooperation-militaire-avec-le-mali","status":"publish","type":"post","link":"https:\/\/www.europesays.com\/fr\/1572\/","title":{"rendered":"Sergue\u00ef Lavrov annonce une intensification de la coop\u00e9ration militaire avec le Mali"},"content":{"rendered":"<p class=\"fig-paragraph\">Ce jeudi, la Russie s&rsquo;est f\u00e9licit\u00e9e d&rsquo;un renforcement de sa coop\u00e9ration militaire avec\u00a0<a href=\"http:\/\/www.lefigaro.fr\/international\/en-centrafrique-et-au-mali-la-russie-profite-des-errements-de-la-france-pour-etendre-son-influence-20241204\" target=\"_blank\" data-fig-type=\"Article\" rel=\"noopener\" data-gtm-custom-categorie=\"navigation\" data-gtm-custom-action=\"crossclick\" data-gtm-custom-label=\"Contextuel\" data-gtm-event=\"customEventSPE\" data-fig-domain=\"LEFIGARO\">le Mali<\/a>, \u00e0 l&rsquo;occasion d&rsquo;une visite \u00e0 Moscou des chefs de la diplomatie de l&rsquo;Alliance des Etats du Sahel (AES). \u00abNotre coop\u00e9ration dans le domaine militaire s&rsquo;intensifie\u00bb, a d\u00e9clar\u00e9 le ministre russe des Affaires \u00e9trang\u00e8res Sergue\u00ef Lavrov en recevant son homologue malien Abdoulaye Diop. L&rsquo;AES est compos\u00e9e du Mali, du Burkina et du Niger, dirig\u00e9s par des r\u00e9gimes militaires arriv\u00e9s au pouvoir par des putschs entre 2020 et 2023 qui ont tourn\u00e9 le dos \u00e0 l&rsquo;ex-puissance coloniale fran\u00e7aise pour se rapprocher de la Russie.<\/p>\n<p class=\"fig-paragraph\">\u00abNos militaires coop\u00e8rent de mani\u00e8re active avec les militaires du Mali\u00bb, notamment en les formant, a ajout\u00e9 M. Lavrov, sans donner davantage de d\u00e9tails. Il a \u00e9galement fait l&rsquo;\u00e9loge de la tr\u00e8s \u00e9troite collaboration entre les deux pays \u00abdans le domaine de la politique \u00e9trang\u00e8re\u00bb, notamment au sein de\u00a0<a href=\"http:\/\/www.lefigaro.fr\/sciences\/l-appel-de-l-onu-a-proteger-les-glaciers-chateaux-d-eau-de-notre-planete-20250321\" target=\"_blank\" data-fig-type=\"Article\" rel=\"noopener\" data-gtm-custom-categorie=\"navigation\" data-gtm-custom-action=\"crossclick\" data-gtm-custom-label=\"Contextuel\" data-gtm-event=\"customEventSPE\" data-fig-domain=\"LEFIGARO\">l&rsquo;ONU<\/a>. Son homologue malien a pour sa part salu\u00e9 une \u00abcoop\u00e9ration\u00bb qui \u00abse d\u00e9roule bien sur le terrain\u00bb et a remerci\u00e9 Moscou \u00abpour son soutien constant\u00bb. M. Diop a \u00e9galement annonc\u00e9 que le pr\u00e9sident du Mali, Assimi Go\u00efta, se rendrait en juin prochain \u00e0 Moscou pour y effectuer une visite officielle. La Russie et sa soci\u00e9t\u00e9 de mercenaires priv\u00e9e Wagner, en train d&rsquo;\u00eatre regroup\u00e9s au sein de\u00a0<a href=\"http:\/\/www.lefigaro.fr\/international\/niger-les-instructeurs-russes-d-africa-corps-sont-arrives-a-niamey-20240412\" target=\"_blank\" data-fig-type=\"NewsFlash\" rel=\"noopener\" data-gtm-custom-categorie=\"navigation\" data-gtm-custom-action=\"crossclick\" data-gtm-custom-label=\"Contextuel\" data-gtm-event=\"customEventSPE\" data-fig-domain=\"LEFIGARO\">l&rsquo;Africa Corps<\/a>, aident les pays de l&rsquo;AES \u00e0 lutter contre les groupes jihadistes qui ont fait des dizaines de milliers de morts sur la majeure partie de leurs territoires.<\/p>\n<p class=\"fig-body-link\">\n            \u00c0 lire aussi<br \/>\n        <a class=\"fig-body-link__link fig-premium-mark\" href=\"http:\/\/www.lefigaro.fr\/international\/francois-d-orcival-perdante-en-syrie-la-russie-boute-la-france-hors-d-afrique-20241215\" data-fig-type=\"Article\" data-gtm-custom-categorie=\"navigation\" data-gtm-custom-action=\"crossclick\" data-gtm-custom-label=\"Contextuel\" data-gtm-event=\"customEventSPE\" data-fig-domain=\"LEFIGARO\" target=\"_blank\" rel=\"noopener\">Fran\u00e7ois d\u2019Orcival: \u00abPerdante en Syrie, la Russie boute la France hors d\u2019Afrique\u00bb<br \/>\n    <\/a>\n<\/p>\n<p class=\"fig-paragraph\">Sergue\u00ef Lavrov a eu plus tard dans la journ\u00e9e une r\u00e9union quadripartite avec les chefs de la diplomatie du Mali, du Burkina et du Niger. \u00abNotre volont\u00e9 commune est de construire avec vous un partenariat dynamique et sinc\u00e8re (&#8230;), mais aussi un partenariat gagnant-gagnant\u00bb, a lanc\u00e9 lors de cette r\u00e9union Abdoulaye Diop, en estimant que cette rencontre \u00e0 Moscou \u00abrenforce les relations sp\u00e9ciales qui existaient d\u00e9j\u00e0\u00bb au niveau individuel entre la Russie et ces trois pays. Le chef de la diplomatie du Niger, Bakary Yaou Sangare, a lui salu\u00e9 \u00abun \u00e9v\u00e8nement historique (&#8230;) qui marque un tournant\u00bb, en assurant qu&rsquo;avoir la Russie \u00e0 leurs c\u00f4t\u00e9s pour lutter contre le djihadisme \u00abcompte beaucoup\u00bb pour les trois pays sah\u00e9liens. Ces derniers ont quitt\u00e9 officiellement en janvier la\u00a0<a href=\"http:\/\/www.lefigaro.fr\/flash-actu\/cedeao-le-burkina-le-mali-et-le-niger-quittent-officiellement-l-institution-regionale-20250129\" target=\"_blank\" data-fig-type=\"NewsFlash\" rel=\"noopener\" data-gtm-custom-categorie=\"navigation\" data-gtm-custom-action=\"crossclick\" data-gtm-custom-label=\"Contextuel\" data-gtm-event=\"customEventSPE\" data-fig-domain=\"LEFIGARO\">Communaut\u00e9 \u00e9conomique des \u00c9tats de l&rsquo;Afrique de l&rsquo;Ouest<\/a>\u00a0(Cedeao), qu&rsquo;ils estiment notamment inf\u00e9od\u00e9e \u00e0 la France, pour former l&rsquo;AES.<\/p>\n","protected":false},"excerpt":{"rendered":"Ce jeudi, la Russie s&rsquo;est f\u00e9licit\u00e9e d&rsquo;un renforcement de sa coop\u00e9ration militaire avec\u00a0le Mali, \u00e0 l&rsquo;occasion d&rsquo;une visite&hellip;\n","protected":false},"author":2,"featured_media":1573,"comment_status":"","ping_status":"","sticky":false,"template":"","format":"standard","meta":{"footnotes":""},"categories":[5],"tags":[1111,47,11,1109,1112,118,1108,107,1106,1107,1011,27,1110,1114,14,1136,12,1113,316,132,1135,28],"class_list":{"0":"post-1572","1":"post","2":"type-post","3":"status-publish","4":"format-standard","5":"has-post-thumbnail","7":"category-international","8":"tag-actu","9":"tag-actualite","10":"tag-actualites","11":"tag-breves","12":"tag-depeches","13":"tag-faits-divers","14":"tag-fil","15":"tag-fil-info","16":"tag-flash","17":"tag-flash-actu","18":"tag-fr","19":"tag-france","20":"tag-informations","21":"tag-infos","22":"tag-international","23":"tag-mali","24":"tag-news","25":"tag-nouvelles","26":"tag-politique","27":"tag-russie","28":"tag-serguei-lavrov","29":"tag-world"},"share_on_mastodon":{"url":"https:\/\/pubeurope.com\/@fr\/114276430196189270","error":""},"_links":{"self":[{"href":"https:\/\/www.europesays.com\/fr\/wp-json\/wp\/v2\/posts\/1572","targetHints":{"allow":["GET"]}}],"collection":[{"href":"https:\/\/www.europesays.com\/fr\/wp-json\/wp\/v2\/posts"}],"about":[{"href":"https:\/\/www.europesays.com\/fr\/wp-json\/wp\/v2\/types\/post"}],"author":[{"embeddable":true,"href":"https:\/\/www.europesays.com\/fr\/wp-json\/wp\/v2\/users\/2"}],"replies":[{"embeddable":true,"href":"https:\/\/www.europesays.com\/fr\/wp-json\/wp\/v2\/comments?post=1572"}],"version-history":[{"count":0,"href":"https:\/\/www.europesays.com\/fr\/wp-json\/wp\/v2\/posts\/1572\/revisions"}],"wp:featuredmedia":[{"embeddable":true,"href":"https:\/\/www.europesays.com\/fr\/wp-json\/wp\/v2\/media\/1573"}],"wp:attachment":[{"href":"https:\/\/www.europesays.com\/fr\/wp-json\/wp\/v2\/media?parent=1572"}],"wp:term":[{"taxonomy":"category","embeddable":true,"href":"https:\/\/www.europesays.com\/fr\/wp-json\/wp\/v2\/categories?post=1572"},{"taxonomy":"post_tag","embeddable":true,"href":"https:\/\/www.europesays.com\/fr\/wp-json\/wp\/v2\/tags?post=1572"}],"curies":[{"name":"wp","href":"https:\/\/api.w.org\/{rel}","templated":true}]}}