{"id":157209,"date":"2025-06-06T19:06:24","date_gmt":"2025-06-06T19:06:24","guid":{"rendered":"https:\/\/www.europesays.com\/fr\/157209\/"},"modified":"2025-06-06T19:06:24","modified_gmt":"2025-06-06T19:06:24","slug":"strasbourg-1-001-cultures-celebrees-en-musique-par-lares","status":"publish","type":"post","link":"https:\/\/www.europesays.com\/fr\/157209\/","title":{"rendered":"Strasbourg. \u00ab\u00a01\u00a0001 cultures\u00a0\u00bb c\u00e9l\u00e9br\u00e9es en musique par l\u2019Ares"},"content":{"rendered":"<p>Au centre socioculturel du quartier strasbourgeois de l\u2019Esplanade, la musique a r\u00e9sonn\u00e9 dans les murs ce vendredi 6\u00a0juin, \u00e0 l\u2019occasion du premier jour de l\u2019\u00e9v\u00e9nement \u00ab\u00a01\u00a0001 cultures\u00a0\u00bb, organis\u00e9 par l\u2019Association des r\u00e9sidents de l\u2019Esplanade (Ares). Les festivit\u00e9s se poursuivent d\u2019ailleurs ce samedi 7\u00a0juin.<\/p>\n<p>Au programme\u00a0: des concerts, de la danse, du chant et m\u00eame du yoga<\/p>\n<p>Inclusion et ouverture                <\/p>\n","protected":false},"excerpt":{"rendered":"Au centre socioculturel du quartier strasbourgeois de l\u2019Esplanade, la musique a r\u00e9sonn\u00e9 dans les murs ce vendredi 6\u00a0juin,&hellip;\n","protected":false},"author":2,"featured_media":157210,"comment_status":"","ping_status":"","sticky":false,"template":"","format":"standard","meta":{"footnotes":""},"categories":[2820],"tags":[1111,11,6211,1687,2880,1777,674,3326,1011,27,775,1943,12,5486,25,104,640,2879],"class_list":{"0":"post-157209","1":"post","2":"type-post","3":"status-publish","4":"format-standard","5":"has-post-thumbnail","7":"category-strasbourg","8":"tag-actu","9":"tag-actualites","10":"tag-conference","11":"tag-culture-loisirs","12":"tag-edition-strasbourg","13":"tag-eu","14":"tag-europe","15":"tag-fete-locale","16":"tag-fr","17":"tag-france","18":"tag-grand-est","19":"tag-handicap","20":"tag-news","21":"tag-rencontre","22":"tag-republique-francaise","23":"tag-societe","24":"tag-strasbourg","25":"tag-strasbourg-ville"},"share_on_mastodon":{"url":"https:\/\/pubeurope.com\/@fr\/114637988433722769","error":""},"_links":{"self":[{"href":"https:\/\/www.europesays.com\/fr\/wp-json\/wp\/v2\/posts\/157209","targetHints":{"allow":["GET"]}}],"collection":[{"href":"https:\/\/www.europesays.com\/fr\/wp-json\/wp\/v2\/posts"}],"about":[{"href":"https:\/\/www.europesays.com\/fr\/wp-json\/wp\/v2\/types\/post"}],"author":[{"embeddable":true,"href":"https:\/\/www.europesays.com\/fr\/wp-json\/wp\/v2\/users\/2"}],"replies":[{"embeddable":true,"href":"https:\/\/www.europesays.com\/fr\/wp-json\/wp\/v2\/comments?post=157209"}],"version-history":[{"count":0,"href":"https:\/\/www.europesays.com\/fr\/wp-json\/wp\/v2\/posts\/157209\/revisions"}],"wp:featuredmedia":[{"embeddable":true,"href":"https:\/\/www.europesays.com\/fr\/wp-json\/wp\/v2\/media\/157210"}],"wp:attachment":[{"href":"https:\/\/www.europesays.com\/fr\/wp-json\/wp\/v2\/media?parent=157209"}],"wp:term":[{"taxonomy":"category","embeddable":true,"href":"https:\/\/www.europesays.com\/fr\/wp-json\/wp\/v2\/categories?post=157209"},{"taxonomy":"post_tag","embeddable":true,"href":"https:\/\/www.europesays.com\/fr\/wp-json\/wp\/v2\/tags?post=157209"}],"curies":[{"name":"wp","href":"https:\/\/api.w.org\/{rel}","templated":true}]}}