{"id":157212,"date":"2025-06-06T19:08:10","date_gmt":"2025-06-06T19:08:10","guid":{"rendered":"https:\/\/www.europesays.com\/fr\/157212\/"},"modified":"2025-06-06T19:08:10","modified_gmt":"2025-06-06T19:08:10","slug":"une-voiture-en-feu-provoque-un-tres-long-bouchon-sur-la8-ce-vendredi-soir-plus-dune-heure-dattente","status":"publish","type":"post","link":"https:\/\/www.europesays.com\/fr\/157212\/","title":{"rendered":"Une voiture en feu provoque un tr\u00e8s long bouchon sur l&rsquo;A8 ce vendredi soir, plus d&rsquo;une heure d&rsquo;attente"},"content":{"rendered":"<p>L&rsquo;incident a eu lieu apr\u00e8s l&rsquo;entr\u00e9e 42 Mougins-Cannes en direction d&rsquo;Aix-en-Provence.<\/p>\n<p>Si l&rsquo;incendie de la voiture a \u00e9t\u00e9 pris en charge et l&rsquo;\u00e9vacuation est en cours, c&rsquo;est v\u00e9ritablement la gal\u00e8re pour des centaines d&rsquo;automobilistes.<\/p>\n<p>En effet, la circulation ne s&rsquo;effectuant que sur une voie, un bouchon s&rsquo;est rapidement form\u00e9 pour ne cesser de grossir.<\/p>\n<p>Pr\u00e8s de 45 minutes apr\u00e8s l&rsquo;accident, le ralentissement remonte jusqu&rsquo;\u00e0 la barri\u00e8re de p\u00e9age d&rsquo;Antibes!<\/p>\n<p>R\u00e9sultat, il vous faut plus d&rsquo;une heure pour traverser cette difficulut\u00e9.<\/p>\n<p>Prudence et patience.<\/p>\n<blockquote class=\"twitter-tweet\">\n<p lang=\"fr\" dir=\"ltr\">18h56 : sur <a href=\"https:\/\/twitter.com\/hashtag\/A8?src=hash&amp;ref_src=twsrc%5Etfw\" target=\"_blank\" rel=\"noopener\">#A8<\/a> en direction d\u2019Aix \/ Marseille apr\u00e8s la sortie n\u00b044 Antibes-Est, temps de parcours allong\u00e9 d&rsquo;environ 1h05 en raison d&rsquo;un bouchon de curiosit\u00e9 suite a un v\u00e9hicule en feu <a href=\"https:\/\/twitter.com\/hashtag\/InfoTrafic?src=hash&amp;ref_src=twsrc%5Etfw\" target=\"_blank\" rel=\"noopener\">#InfoTrafic<\/a> <a href=\"https:\/\/t.co\/tTbU9j61lH\">pic.twitter.com\/tTbU9j61lH<\/a><\/p>\n<p>\u2014 Autoroute A8 (@A8Trafic) <a href=\"https:\/\/twitter.com\/A8Trafic\/status\/1931033511730757832?ref_src=twsrc%5Etfw\" target=\"_blank\" rel=\"noopener\">June 6, 2025<\/a><\/p><\/blockquote>\n<p>                                                                                                                                        <script async src=\"https:\/\/platform.twitter.com\/widgets.js\" charset=\"utf-8\"><\/script><\/p>\n","protected":false},"excerpt":{"rendered":"L&rsquo;incident a eu lieu apr\u00e8s l&rsquo;entr\u00e9e 42 Mougins-Cannes en direction d&rsquo;Aix-en-Provence. Si l&rsquo;incendie de la voiture a \u00e9t\u00e9&hellip;\n","protected":false},"author":2,"featured_media":157213,"comment_status":"","ping_status":"","sticky":false,"template":"","format":"standard","meta":{"footnotes":""},"categories":[2819],"tags":[1111,11,1777,674,1011,27,803,12,2401,882,25],"class_list":{"0":"post-157212","1":"post","2":"type-post","3":"status-publish","4":"format-standard","5":"has-post-thumbnail","7":"category-nice","8":"tag-actu","9":"tag-actualites","10":"tag-eu","11":"tag-europe","12":"tag-fr","13":"tag-france","14":"tag-info-trafic","15":"tag-news","16":"tag-nice","17":"tag-provence-alpes-cote-dazur","18":"tag-republique-francaise"},"share_on_mastodon":{"url":"https:\/\/pubeurope.com\/@fr\/114637996610816586","error":""},"_links":{"self":[{"href":"https:\/\/www.europesays.com\/fr\/wp-json\/wp\/v2\/posts\/157212","targetHints":{"allow":["GET"]}}],"collection":[{"href":"https:\/\/www.europesays.com\/fr\/wp-json\/wp\/v2\/posts"}],"about":[{"href":"https:\/\/www.europesays.com\/fr\/wp-json\/wp\/v2\/types\/post"}],"author":[{"embeddable":true,"href":"https:\/\/www.europesays.com\/fr\/wp-json\/wp\/v2\/users\/2"}],"replies":[{"embeddable":true,"href":"https:\/\/www.europesays.com\/fr\/wp-json\/wp\/v2\/comments?post=157212"}],"version-history":[{"count":0,"href":"https:\/\/www.europesays.com\/fr\/wp-json\/wp\/v2\/posts\/157212\/revisions"}],"wp:featuredmedia":[{"embeddable":true,"href":"https:\/\/www.europesays.com\/fr\/wp-json\/wp\/v2\/media\/157213"}],"wp:attachment":[{"href":"https:\/\/www.europesays.com\/fr\/wp-json\/wp\/v2\/media?parent=157212"}],"wp:term":[{"taxonomy":"category","embeddable":true,"href":"https:\/\/www.europesays.com\/fr\/wp-json\/wp\/v2\/categories?post=157212"},{"taxonomy":"post_tag","embeddable":true,"href":"https:\/\/www.europesays.com\/fr\/wp-json\/wp\/v2\/tags?post=157212"}],"curies":[{"name":"wp","href":"https:\/\/api.w.org\/{rel}","templated":true}]}}