{"id":157214,"date":"2025-06-06T19:09:16","date_gmt":"2025-06-06T19:09:16","guid":{"rendered":"https:\/\/www.europesays.com\/fr\/157214\/"},"modified":"2025-06-06T19:09:16","modified_gmt":"2025-06-06T19:09:16","slug":"on-va-demonter-leur-plan-chez-arcelormittal-la-lutte-contre-la-suppression-de-postes","status":"publish","type":"post","link":"https:\/\/www.europesays.com\/fr\/157214\/","title":{"rendered":"\u00ab\u00a0On va d\u00e9monter leur plan\u00a0\u00bb\u00a0: chez ArcelorMittal, la lutte contre la suppression de postes"},"content":{"rendered":"<p>Beaucoup d\u2019inqui\u00e9tude et pas mal de col\u00e8re continuent de renfermer les visages des salari\u00e9s d\u2019ArcelorMittal, \u00e0 Basse-Indre, pr\u00e8s de Nantes. Pr\u00e8s de 80\u00a0d\u2019entre eux sont venus \u00e9couter les repr\u00e9sentants de l\u2019intersyndicale (CGT, CFDT, FO) ce vendredi 6\u00a0juin en d\u00e9but d\u2019apr\u00e8s-midi. Depuis trois jours, ces derniers discutent avec les membres de la direction nationale, dont Bruno Ribo, le directeur g\u00e9n\u00e9ral nouvellement nomm\u00e9, dans le cadre du coup d\u2019envoi du plan de sauvegarde de l\u2019emploi.<\/p>\n<p>Les organisateurs du plan de licenciement d\u2019ArcelorMittal ont \u00e9t\u00e9 fra\u00eechement accueillis <strong>\u00ab\u00a0et ne sont \u00e9videmment pas descendus dans les ateliers\u00a0\u00bb,<\/strong> ont constat\u00e9 les d\u00e9l\u00e9gu\u00e9s du personnel. Dans l\u2019entrevue, <strong>\u00ab\u00a0ils nous ont expliqu\u00e9 pourquoi Basse-Indre ne gagne plus d\u2019argent\u00a0: protection douani\u00e8re des \u00c9tats-Unis, surproduction chinoise, baisse du volume de l\u2019acier d\u00e9volue au packaging des boissons.\u00a0\u00bb<\/strong> Et cette conclusion qui leur est servie\u00a0: <strong>\u00ab\u00a0Le march\u00e9 ne remontera pas. La seule solution, c\u2019est la coupe dans les effectifs.\u00a0\u00bb<\/strong><\/p>\n<p>Pr\u00e9avis de gr\u00e8ve illimit\u00e9e<\/p>\n<p><strong>Lire aussi\u00a0: <\/strong><a href=\"https:\/\/rennes.maville.com\/actu\/actudet_-arcelormittal-comment-emmanuel-macron-veut-creer-les-conditions-d-une-concurrence-loyale-_54135-6808871_actu.Htm\" target=\"_blank\" rel=\"noopener\">ArcelorMittal\u00a0: comment Emmanuel Macron veut \u00ab\u00a0cr\u00e9er les conditions d\u2019une concurrence loyale\u00a0\u00bb<\/a><\/p>\n<p>Ils ont aussi appris le d\u00e9part de leur directeur, Thierry Poirier, nomm\u00e9 pour une mission d\u00e9carbonation \u00e0 Dunkerque et remplac\u00e9 par son directeur adjoint, Nicolas F\u00e9vrier.<\/p>\n<p><a href=\"https:\/\/nantes.maville.com\/actu\/actudet_-les-salaries-d-arcelormittal-craignent-la-mort-de-la-metallurgie-a-basse-indre-pres-de-nantes-_8-6796598_actu.Htm\" target=\"_blank\" rel=\"noopener\">Les r\u00e9unions de ce d\u00e9but de semaine ont act\u00e9 le nombre de 97\u00a0postes<\/a> supprim\u00e9s dans l\u2019usine des bords de Loire, qui produit l\u2019acier en rouleaux utilis\u00e9 dans l\u2019emballage et la conserve. Ce sera un peu moins en termes d\u2019hommes et de femmes. Des types de postes sont d\u00e9j\u00e0 cibl\u00e9s. <strong>\u00ab\u00a0Attention, on va vous proposer tel poste non touch\u00e9 pour ne pas \u00eatre dans les licenci\u00e9s. Ils vont essayer de nous diviser\u00a0\u00bb,<\/strong> pr\u00e9viennent les repr\u00e9sentants syndicaux.<\/p>\n<p>La solidarit\u00e9 semble bien r\u00e9elle chez les ouvriers en ce d\u00e9but de plan social. Comme chez ce jeune op\u00e9rateur, un peu sous le choc\u00a0: <strong>\u00ab\u00a0J\u2019ai \u00e9t\u00e9 form\u00e9 en alternance pour entrer ici et titularis\u00e9 en janvier\u00a02024. C\u2019est dur.\u00a0\u00bb<\/strong> D\u2019autres ont pris la parole\u00a0: <strong>\u00ab\u00a0Qu\u2019est-ce qu\u2019on peut faire comme action pour mettre un peu de pression\u00a0?\u00a0\u00bb<\/strong> Un pr\u00e9avis de gr\u00e8ve illimit\u00e9 le temps du PSE a \u00e9t\u00e9 d\u00e9pos\u00e9. <strong>\u00ab\u00a0C\u2019est un outil pratique qui vous permet de d\u00e9brayer quand vous voulez, le temps que vous voulez\u00a0\u00bb,<\/strong> expliquent les syndicalistes.<\/p>\n<p>\u00a0<\/p>\n","protected":false},"excerpt":{"rendered":"Beaucoup d\u2019inqui\u00e9tude et pas mal de col\u00e8re continuent de renfermer les visages des salari\u00e9s d\u2019ArcelorMittal, \u00e0 Basse-Indre, pr\u00e8s&hellip;\n","protected":false},"author":2,"featured_media":157215,"comment_status":"","ping_status":"","sticky":false,"template":"","format":"standard","meta":{"footnotes":""},"categories":[2818],"tags":[1111,11,13620,28813,17592,1777,674,1011,27,7998,766,12,2636,5355,13710,25,20569],"class_list":{"0":"post-157214","1":"post","2":"type-post","3":"status-publish","4":"format-standard","5":"has-post-thumbnail","7":"category-nantes","8":"tag-actu","9":"tag-actualites","10":"tag-arcelormittal","11":"tag-commence","12":"tag-demonter","13":"tag-eu","14":"tag-europe","15":"tag-fr","16":"tag-france","17":"tag-lutte","18":"tag-nantes","19":"tag-news","20":"tag-pays-de-la-loire","21":"tag-plan","22":"tag-postes","23":"tag-republique-francaise","24":"tag-suppression"},"share_on_mastodon":{"url":"https:\/\/pubeurope.com\/@fr\/114638000228490064","error":""},"_links":{"self":[{"href":"https:\/\/www.europesays.com\/fr\/wp-json\/wp\/v2\/posts\/157214","targetHints":{"allow":["GET"]}}],"collection":[{"href":"https:\/\/www.europesays.com\/fr\/wp-json\/wp\/v2\/posts"}],"about":[{"href":"https:\/\/www.europesays.com\/fr\/wp-json\/wp\/v2\/types\/post"}],"author":[{"embeddable":true,"href":"https:\/\/www.europesays.com\/fr\/wp-json\/wp\/v2\/users\/2"}],"replies":[{"embeddable":true,"href":"https:\/\/www.europesays.com\/fr\/wp-json\/wp\/v2\/comments?post=157214"}],"version-history":[{"count":0,"href":"https:\/\/www.europesays.com\/fr\/wp-json\/wp\/v2\/posts\/157214\/revisions"}],"wp:featuredmedia":[{"embeddable":true,"href":"https:\/\/www.europesays.com\/fr\/wp-json\/wp\/v2\/media\/157215"}],"wp:attachment":[{"href":"https:\/\/www.europesays.com\/fr\/wp-json\/wp\/v2\/media?parent=157214"}],"wp:term":[{"taxonomy":"category","embeddable":true,"href":"https:\/\/www.europesays.com\/fr\/wp-json\/wp\/v2\/categories?post=157214"},{"taxonomy":"post_tag","embeddable":true,"href":"https:\/\/www.europesays.com\/fr\/wp-json\/wp\/v2\/tags?post=157214"}],"curies":[{"name":"wp","href":"https:\/\/api.w.org\/{rel}","templated":true}]}}