{"id":157216,"date":"2025-06-06T19:10:10","date_gmt":"2025-06-06T19:10:10","guid":{"rendered":"https:\/\/www.europesays.com\/fr\/157216\/"},"modified":"2025-06-06T19:10:10","modified_gmt":"2025-06-06T19:10:10","slug":"a-la-nuit-du-bien-commun-a-nantes-personne-ne-connait-pierre-edouard-sterin-le-milliardaire-dextreme-droite-liberation","status":"publish","type":"post","link":"https:\/\/www.europesays.com\/fr\/157216\/","title":{"rendered":"A la \u00abNuit du bien commun\u00bb, \u00e0 Nantes, personne ne \u00abconna\u00eet Pierre-Edouard St\u00e9rin\u00bb le milliardaire d\u2019extr\u00eame droite \u2013 Lib\u00e9ration"},"content":{"rendered":"<p class=\"sc-ksZaOG ehjQrN text-element\">Ambiance de d\u00e9glingue au Palais des Congr\u00e8s de Nantes, jeudi soir. Sur sc\u00e8ne, un type en costume bleu fait le fou ! Henri Couton, son marteau de commissaire-priseur \u00e0 la main, vise ceux qui l\u00e8vent leur pancarte num\u00e9rot\u00e9e pour donner du pognon. On est \u00e0 la \u00abNuit du bien commun\u00bb, en plein milieu du palier des \u00ab1000 euros\u00bb, apr\u00e8s celui des \u00ab5000\u00bb, avant celui des \u00ab500\u00bb, etc. \u00abJe suis Robin des bois, je vais vous faire les poches\u00bb, se marre le commissaire recycl\u00e9 en Gentil organisateur, avant de rappeler que tout ceci est d\u00e9fiscalis\u00e9 \u00e0 66 % : \u00abVous donnez, et en fait, vous recevez.\u00bb Merci l\u2019Etat.<\/p>\n","protected":false},"excerpt":{"rendered":"Ambiance de d\u00e9glingue au Palais des Congr\u00e8s de Nantes, jeudi soir. Sur sc\u00e8ne, un type en costume bleu&hellip;\n","protected":false},"author":2,"featured_media":157217,"comment_status":"","ping_status":"","sticky":false,"template":"","format":"standard","meta":{"footnotes":""},"categories":[2818],"tags":[1111,11,1777,674,1076,1011,27,766,12,2636,24249,25],"class_list":{"0":"post-157216","1":"post","2":"type-post","3":"status-publish","4":"format-standard","5":"has-post-thumbnail","7":"category-nantes","8":"tag-actu","9":"tag-actualites","10":"tag-eu","11":"tag-europe","12":"tag-extreme-droite","13":"tag-fr","14":"tag-france","15":"tag-nantes","16":"tag-news","17":"tag-pays-de-la-loire","18":"tag-pierre-edouard-sterin","19":"tag-republique-francaise"},"share_on_mastodon":{"url":"https:\/\/pubeurope.com\/@fr\/114638004209659611","error":""},"_links":{"self":[{"href":"https:\/\/www.europesays.com\/fr\/wp-json\/wp\/v2\/posts\/157216","targetHints":{"allow":["GET"]}}],"collection":[{"href":"https:\/\/www.europesays.com\/fr\/wp-json\/wp\/v2\/posts"}],"about":[{"href":"https:\/\/www.europesays.com\/fr\/wp-json\/wp\/v2\/types\/post"}],"author":[{"embeddable":true,"href":"https:\/\/www.europesays.com\/fr\/wp-json\/wp\/v2\/users\/2"}],"replies":[{"embeddable":true,"href":"https:\/\/www.europesays.com\/fr\/wp-json\/wp\/v2\/comments?post=157216"}],"version-history":[{"count":0,"href":"https:\/\/www.europesays.com\/fr\/wp-json\/wp\/v2\/posts\/157216\/revisions"}],"wp:featuredmedia":[{"embeddable":true,"href":"https:\/\/www.europesays.com\/fr\/wp-json\/wp\/v2\/media\/157217"}],"wp:attachment":[{"href":"https:\/\/www.europesays.com\/fr\/wp-json\/wp\/v2\/media?parent=157216"}],"wp:term":[{"taxonomy":"category","embeddable":true,"href":"https:\/\/www.europesays.com\/fr\/wp-json\/wp\/v2\/categories?post=157216"},{"taxonomy":"post_tag","embeddable":true,"href":"https:\/\/www.europesays.com\/fr\/wp-json\/wp\/v2\/tags?post=157216"}],"curies":[{"name":"wp","href":"https:\/\/api.w.org\/{rel}","templated":true}]}}