{"id":157220,"date":"2025-06-06T19:12:10","date_gmt":"2025-06-06T19:12:10","guid":{"rendered":"https:\/\/www.europesays.com\/fr\/157220\/"},"modified":"2025-06-06T19:12:10","modified_gmt":"2025-06-06T19:12:10","slug":"bordeaux-vannes-retour-de-ruru-et-gorissen-dans-le-xv-de-depart-boulier-titulaire-aussi-face-a-une-copieuse-equipe-bordelaise","status":"publish","type":"post","link":"https:\/\/www.europesays.com\/fr\/157220\/","title":{"rendered":"Bordeaux &#8211; Vannes\u00a0: retour de Ruru et Gorissen dans le XV de d\u00e9part, Boulier titulaire aussi face \u00e0 une copieuse \u00e9quipe bordelaise"},"content":{"rendered":"<p>Top 14 (26e journ\u00e9e). Union Bordeaux B\u00e8gles &#8211; RC Vannes, samedi (21\u00a0h\u00a005)<\/p>\n<p>Comme les ailiers <a href=\"https:\/\/www.letelegramme.fr\/sports\/rugby\/rc-vannes\/rc-vannes-stade-francais-pourquoi-filipo-nakosi-est-titulaire-en-top-14-avec-le-rcv-trois-mois-apres-6747580.php\" target=\"_blank\" rel=\"noopener\">Nakosi<\/a> et <a href=\"https:\/\/www.letelegramme.fr\/sports\/rugby\/rc-vannes\/romaric-camou-et-juan-bautista-pedemonte-prolongent-deux-ans-au-rc-vannes-6666098.php\" target=\"_blank\" rel=\"noopener\">Camou<\/a>, le capitaine <a href=\"https:\/\/www.letelegramme.fr\/sports\/rugby\/rc-vannes\/lun-des-meilleurs-joueurs-du-top-14-rc-vannes-la-vie-sans-capitaine-gorrissen-pour-le-dernier-match-de-la-saison-a-la-rabine-6826507.php\" target=\"_blank\" rel=\"noopener\">Gorrissen<\/a> (suspendu lors de la 25e journ\u00e9e) et <a href=\"https:\/\/www.letelegramme.fr\/sports\/rugby\/quand-je-veux-le-ballon-je-lappelle-fiston-la-charniere-inamovible-du-rc-vannes-lafage-ruru-raconte-sa-complicite-6729171.php\" target=\"_blank\" rel=\"noopener\">Ruru<\/a> (sur le banc face \u00e0 Pau) retrouvent le XV de d\u00e9part pour le dernier match de Top 14 du <a href=\"https:\/\/www.letelegramme.fr\/sports\/rugby\/rc-vannes\/\" target=\"_blank\" rel=\"noopener\">RC Vannes<\/a>. <a href=\"https:\/\/www.letelegramme.fr\/sports\/rugby\/rc-vannes\/trois-ans-supplementaires-pour-leon-boulier-au-rc-vannes-6607273.php\" target=\"_blank\" rel=\"noopener\">Boulier<\/a> va conna\u00eetre, lui, sa cinqui\u00e8me titularisation de la saison pour cet ultime d\u00e9placement \u00e0 Bordeaux. Mais la petite surprise de ces compositions est sans doute l\u2019apparition en 2e ligne de <a href=\"https:\/\/www.letelegramme.fr\/sports\/rugby\/rc-vannes\/sione-kalamafoni-troisieme-ligne-du-rc-vannes-prolonge-dune-saison-6758928.php\" target=\"_blank\" rel=\"noopener\">Kalamafoni<\/a> qui n\u2019a pas encore d\u00e9but\u00e9 \u00e0 ce poste en 2024-2025. Notons \u00e9galement le retour du jeune Cotarmanach sur le banc.<\/p>\n<p>L\u2019Union Bordeaux B\u00e8gles n\u2019a en tout cas pas d\u00e9cid\u00e9 de faire l\u2019impasse sur cette derni\u00e8re journ\u00e9e. En effet, m\u00eame si le demi de m\u00eal\u00e9e Maxime Lucu est notamment bless\u00e9, Yannick Bru, le coach aquitain, a choisi d\u2019aligner finalement pas si \u00e9loign\u00e9e de celle qui a remport\u00e9 la finale de la Champion\u2019s Cup contre Northampton.<\/p>\n<p class=\"titre-tech\">La compo du RC Vannes<\/p>\n<p>15. Surano &#8211; 14. Camou, 13. Taccola, 12. Boudehent, 11. Nakosi &#8211; 10. Lafage, 9. Ruru &#8211; 7. Gorrissen (cap.), 8. Boulier, 6. Edwards &#8211; 5. Kalamafoni, 4. Marks &#8211; 3. Medrano, 2. B\u00e9ziat, 1. Vunipola.<\/p>\n<p>Rempla\u00e7ants\u00a0: Blanchard, Moukoro, Desjeux, Parete, Chateau, Varney, Cotarmanach, Kit\u00e9.<\/p>\n<p class=\"titre-tech\">La compo de Bordeaux-B\u00e8gles<\/p>\n<p>15. Ducuing &#8211; 14. Penaud, 13. Depoortere, 12. van Rensburg, 11. Bielle-Biarrey &#8211; 10. Jalibert, 9. Lesgourgues &#8211; 7. Pagadizabal, 8. Samu, 6. Gazzotti &#8211; 5. Cazeaux, 4. Coleman &#8211; 3. Tameifuna, 2. Lamothe, 1. Perchaud.<\/p>\n<p>Rempla\u00e7ants\u00a0: 16. Laterrade, 17. Baquey, 18. Bochaton, 19. Tatafu, 20. Reti\u00e8re, 21. Carbery, 22. Falatea Moefana, 23. Taufa.<\/p>\n<p><strong class=\"tech\">Arbitre\u00a0: <\/strong>Tual Trainini.<\/p>\n","protected":false},"excerpt":{"rendered":"Top 14 (26e journ\u00e9e). Union Bordeaux B\u00e8gles &#8211; RC Vannes, samedi (21\u00a0h\u00a005) Comme les ailiers Nakosi et Camou,&hellip;\n","protected":false},"author":2,"featured_media":157221,"comment_status":"","ping_status":"","sticky":false,"template":"","format":"standard","meta":{"footnotes":""},"categories":[2817],"tags":[1111,11,1997,3166,1777,674,1011,27,12,2219,3164,25,479,60,3165],"class_list":{"0":"post-157220","1":"post","2":"type-post","3":"status-publish","4":"format-standard","5":"has-post-thumbnail","7":"category-bordeaux","8":"tag-actu","9":"tag-actualites","10":"tag-bordeaux","11":"tag-en-continu-sports","12":"tag-eu","13":"tag-europe","14":"tag-fr","15":"tag-france","16":"tag-news","17":"tag-nouvelle-aquitaine","18":"tag-rc-vannes","19":"tag-republique-francaise","20":"tag-rugby","21":"tag-sports","22":"tag-vannes"},"share_on_mastodon":{"url":"https:\/\/pubeurope.com\/@fr\/114638011969018891","error":""},"_links":{"self":[{"href":"https:\/\/www.europesays.com\/fr\/wp-json\/wp\/v2\/posts\/157220","targetHints":{"allow":["GET"]}}],"collection":[{"href":"https:\/\/www.europesays.com\/fr\/wp-json\/wp\/v2\/posts"}],"about":[{"href":"https:\/\/www.europesays.com\/fr\/wp-json\/wp\/v2\/types\/post"}],"author":[{"embeddable":true,"href":"https:\/\/www.europesays.com\/fr\/wp-json\/wp\/v2\/users\/2"}],"replies":[{"embeddable":true,"href":"https:\/\/www.europesays.com\/fr\/wp-json\/wp\/v2\/comments?post=157220"}],"version-history":[{"count":0,"href":"https:\/\/www.europesays.com\/fr\/wp-json\/wp\/v2\/posts\/157220\/revisions"}],"wp:featuredmedia":[{"embeddable":true,"href":"https:\/\/www.europesays.com\/fr\/wp-json\/wp\/v2\/media\/157221"}],"wp:attachment":[{"href":"https:\/\/www.europesays.com\/fr\/wp-json\/wp\/v2\/media?parent=157220"}],"wp:term":[{"taxonomy":"category","embeddable":true,"href":"https:\/\/www.europesays.com\/fr\/wp-json\/wp\/v2\/categories?post=157220"},{"taxonomy":"post_tag","embeddable":true,"href":"https:\/\/www.europesays.com\/fr\/wp-json\/wp\/v2\/tags?post=157220"}],"curies":[{"name":"wp","href":"https:\/\/api.w.org\/{rel}","templated":true}]}}