{"id":157230,"date":"2025-06-06T19:17:09","date_gmt":"2025-06-06T19:17:09","guid":{"rendered":"https:\/\/www.europesays.com\/fr\/157230\/"},"modified":"2025-06-06T19:17:09","modified_gmt":"2025-06-06T19:17:09","slug":"le-cout-cache-de-la-mesure-a-marseille","status":"publish","type":"post","link":"https:\/\/www.europesays.com\/fr\/157230\/","title":{"rendered":"le co\u00fbt cach\u00e9 de la mesure \u00e0 Marseille"},"content":{"rendered":"<p>Alors que l\u2019am\u00e9nagement de <a href=\"https:\/\/www.laprovence.com\/article\/edition-marseille\/6882613\/cinq-choses-a-savoir-sur-la-zfe.html\" target=\"_blank\" rel=\"noopener\">Zones \u00e0 faibles \u00e9missions<\/a>, baptis\u00e9es \u00ab\u00a0ZFE\u00a0\u00bb, concerne Marseille depuis\u00a02022 pour r\u00e9duire la pollution atmosph\u00e9rique, <a href=\"https:\/\/www.laprovence.com\/article\/politique\/8023387325752514\/loi-simplification-les-deputes-votent-en-commission-la-suppression-des-zones-a-faibles-emissions-zfe\" target=\"_blank\" rel=\"noopener\">la mesure a \u00e9t\u00e9 enterr\u00e9e par les d\u00e9put\u00e9s le 29\u00a0mai<\/a>. Plus question de faire le tri, \u00e0 l\u2019entr\u00e9e des villes, entre les v\u00e9hicules les plus polluants et les autres. Si les d\u00e9fenseurs de la qualit\u00e9 de l\u2019air se d\u00e9solent de la fin pr\u00e9matur\u00e9e des ZFE, et que ses opposants crient victoire au nom de la justice sociale, le vrai co\u00fbt de la mesure, lui, reste \u00e0 chiffrer. Petit tour de table des montants engag\u00e9s.<\/p>\n<p>Plus de 375\u00a0000\u00a0euros d\u00e9pens\u00e9s depuis\u00a02020<\/p>\n<p>Pour Fr\u00e9d\u00e9ric Guelle, membre de la commission <a href=\"https:\/\/www.laprovence.com\/article\/region\/4549863638425914\/centre-ville-de-marseille-le-tram-comme-lueur-despoir-la-place-des-deux-roues-a-revoir\" target=\"_blank\" rel=\"noopener\">transports<\/a> et mobilit\u00e9 \u00e0 la M\u00e9tropole, les d\u00e9penses qui contribuent au g\u00e2chis financier \u00e0 l\u2019heure o\u00f9 la ZFE marseillaise est enterr\u00e9e sont nombreuses\u00a0: 137\u00a0000\u00a0euros pour \u00ab\u00a0l\u2019ensemble des \u00e9l\u00e9ments de signal\u00e9tique\u00a0\u00bb, 60\u00a0000\u00a0euros pour \u00ab\u00a0le logiciel de gestion\u00a0\u00bb utilis\u00e9 par les agents, 95\u00a0000\u00a0euros de \u00ab\u00a0panneaux \u00e0 installer\u00a0\u00bb sur les cinq grands axes autour de la ZFE (G\u00e8ze, Plombi\u00e8res, Sakakini, Rabatau et Prado 2), enfin 50\u00a0000\u00a0euros pour \u00ab\u00a0payer les salaires de deux embauches\u00a0\u00bb bien que ce dernier montant ait \u00e9t\u00e9 assum\u00e9 \u00ab\u00a0\u00e0 80% par <a href=\"https:\/\/www.laprovence.com\/article\/politique\/1158167150244315\/marine-le-pen-assure-navoir-viole-aucune-regle-a-louverture-du-proces-rn-sur-lutilisation-de-fonds-europeens\" target=\"_blank\" rel=\"noopener\">les fonds europ\u00e9ens<\/a>\u00ab\u00a0, assure le conseiller d\u2019arrondissement des 9e et 10e arrondissements de Marseille.<\/p>\n","protected":false},"excerpt":{"rendered":"Alors que l\u2019am\u00e9nagement de Zones \u00e0 faibles \u00e9missions, baptis\u00e9es \u00ab\u00a0ZFE\u00a0\u00bb, concerne Marseille depuis\u00a02022 pour r\u00e9duire la pollution atmosph\u00e9rique,&hellip;\n","protected":false},"author":2,"featured_media":157231,"comment_status":"","ping_status":"","sticky":false,"template":"","format":"standard","meta":{"footnotes":""},"categories":[2814],"tags":[6541,17,21086,1111,11,154,6251,1777,674,6250,5729,1011,27,884,12,882,16,25,8436],"class_list":{"0":"post-157230","1":"post","2":"type-post","3":"status-publish","4":"format-standard","5":"has-post-thumbnail","7":"category-marseille","8":"tag-6541","9":"tag-17","10":"tag-21086","11":"tag-actu","12":"tag-actualites","13":"tag-des","14":"tag-emissions","15":"tag-eu","16":"tag-europe","17":"tag-faibles","18":"tag-fin","19":"tag-fr","20":"tag-france","21":"tag-marseille","22":"tag-news","23":"tag-provence-alpes-cote-dazur","24":"tag-region","25":"tag-republique-francaise","26":"tag-zone"},"share_on_mastodon":{"url":"https:\/\/pubeurope.com\/@fr\/114638031610378189","error":""},"_links":{"self":[{"href":"https:\/\/www.europesays.com\/fr\/wp-json\/wp\/v2\/posts\/157230","targetHints":{"allow":["GET"]}}],"collection":[{"href":"https:\/\/www.europesays.com\/fr\/wp-json\/wp\/v2\/posts"}],"about":[{"href":"https:\/\/www.europesays.com\/fr\/wp-json\/wp\/v2\/types\/post"}],"author":[{"embeddable":true,"href":"https:\/\/www.europesays.com\/fr\/wp-json\/wp\/v2\/users\/2"}],"replies":[{"embeddable":true,"href":"https:\/\/www.europesays.com\/fr\/wp-json\/wp\/v2\/comments?post=157230"}],"version-history":[{"count":0,"href":"https:\/\/www.europesays.com\/fr\/wp-json\/wp\/v2\/posts\/157230\/revisions"}],"wp:featuredmedia":[{"embeddable":true,"href":"https:\/\/www.europesays.com\/fr\/wp-json\/wp\/v2\/media\/157231"}],"wp:attachment":[{"href":"https:\/\/www.europesays.com\/fr\/wp-json\/wp\/v2\/media?parent=157230"}],"wp:term":[{"taxonomy":"category","embeddable":true,"href":"https:\/\/www.europesays.com\/fr\/wp-json\/wp\/v2\/categories?post=157230"},{"taxonomy":"post_tag","embeddable":true,"href":"https:\/\/www.europesays.com\/fr\/wp-json\/wp\/v2\/tags?post=157230"}],"curies":[{"name":"wp","href":"https:\/\/api.w.org\/{rel}","templated":true}]}}