{"id":157234,"date":"2025-06-06T19:19:14","date_gmt":"2025-06-06T19:19:14","guid":{"rendered":"https:\/\/www.europesays.com\/fr\/157234\/"},"modified":"2025-06-06T19:19:14","modified_gmt":"2025-06-06T19:19:14","slug":"lyon-apres-leur-passage-au-tribunal-les-opposants-au-projet-presquile-a-vivre-denoncent-un-deni-de-justice","status":"publish","type":"post","link":"https:\/\/www.europesays.com\/fr\/157234\/","title":{"rendered":"Lyon. Apr\u00e8s leur passage au tribunal, les opposants au projet Presqu\u2019\u00eele \u00e0 Vivre d\u00e9noncent un \u00ab\u00a0d\u00e9ni de justice\u00a0\u00bb"},"content":{"rendered":"<p>Entre les murs du tribunal administratif de Lyon, ce vendredi 6\u00a0juin, la rapporteur s\u2019est prononc\u00e9e en audience sur les deux recours engag\u00e9s par des associations de riverains et commer\u00e7ants contre le projet d\u2019apaisement \u201cPresqu\u2019\u00eele \u00e0 Vivre\u201d, pilot\u00e9 par la M\u00e9tropole. Le premier dossier concernait une d\u00e9lib\u00e9ration de mars\u00a02023, approuvant le bilan de la concertation, et l\u2019autre, une d\u00e9lib\u00e9ration de juin\u00a02024, approuvant l\u2019enveloppe&#8230;<\/p>\n","protected":false},"excerpt":{"rendered":"Entre les murs du tribunal administratif de Lyon, ce vendredi 6\u00a0juin, la rapporteur s\u2019est prononc\u00e9e en audience sur&hellip;\n","protected":false},"author":2,"featured_media":157235,"comment_status":"","ping_status":"","sticky":false,"template":"","format":"standard","meta":{"footnotes":""},"categories":[1889],"tags":[1111,11,2430,4406,33,2757,1777,674,274,1011,27,2428,2756,12,25,2429],"class_list":{"0":"post-157234","1":"post","2":"type-post","3":"status-publish","4":"format-standard","5":"has-post-thumbnail","7":"category-lyon","8":"tag-actu","9":"tag-actualites","10":"tag-auvergne-rhone-alpes","11":"tag-commerce-et-services","12":"tag-economie","13":"tag-edition-lyon-villeurbanne","14":"tag-eu","15":"tag-europe","16":"tag-faits-divers-justice","17":"tag-fr","18":"tag-france","19":"tag-lyon","20":"tag-lyon-bassin","21":"tag-news","22":"tag-republique-francaise","23":"tag-rhone"},"share_on_mastodon":{"url":"https:\/\/pubeurope.com\/@fr\/114638039521009807","error":""},"_links":{"self":[{"href":"https:\/\/www.europesays.com\/fr\/wp-json\/wp\/v2\/posts\/157234","targetHints":{"allow":["GET"]}}],"collection":[{"href":"https:\/\/www.europesays.com\/fr\/wp-json\/wp\/v2\/posts"}],"about":[{"href":"https:\/\/www.europesays.com\/fr\/wp-json\/wp\/v2\/types\/post"}],"author":[{"embeddable":true,"href":"https:\/\/www.europesays.com\/fr\/wp-json\/wp\/v2\/users\/2"}],"replies":[{"embeddable":true,"href":"https:\/\/www.europesays.com\/fr\/wp-json\/wp\/v2\/comments?post=157234"}],"version-history":[{"count":0,"href":"https:\/\/www.europesays.com\/fr\/wp-json\/wp\/v2\/posts\/157234\/revisions"}],"wp:featuredmedia":[{"embeddable":true,"href":"https:\/\/www.europesays.com\/fr\/wp-json\/wp\/v2\/media\/157235"}],"wp:attachment":[{"href":"https:\/\/www.europesays.com\/fr\/wp-json\/wp\/v2\/media?parent=157234"}],"wp:term":[{"taxonomy":"category","embeddable":true,"href":"https:\/\/www.europesays.com\/fr\/wp-json\/wp\/v2\/categories?post=157234"},{"taxonomy":"post_tag","embeddable":true,"href":"https:\/\/www.europesays.com\/fr\/wp-json\/wp\/v2\/tags?post=157234"}],"curies":[{"name":"wp","href":"https:\/\/api.w.org\/{rel}","templated":true}]}}