{"id":157242,"date":"2025-06-06T19:23:13","date_gmt":"2025-06-06T19:23:13","guid":{"rendered":"https:\/\/www.europesays.com\/fr\/157242\/"},"modified":"2025-06-06T19:23:13","modified_gmt":"2025-06-06T19:23:13","slug":"paris-un-appartement-en-feu-a-balard-limmeuble-evacue","status":"publish","type":"post","link":"https:\/\/www.europesays.com\/fr\/157242\/","title":{"rendered":"Paris\u00a0: un appartement en feu \u00e0 Balard, l\u2019immeuble \u00e9vacu\u00e9"},"content":{"rendered":"<p class=\"paragraph text_align_left\">Un incendie s\u2019est d\u00e9clar\u00e9 ce vendredi soir vers 19h20 dans un appartement situ\u00e9 au quatri\u00e8me \u00e9tage d\u2019un immeuble r\u00e9sidentiel de six \u00e9tages, place Balard, dans le <a href=\"https:\/\/www.leparisien.fr\/paris-75\/paris-75015\/\" target=\"_self\" rel=\"nofollow noopener\">XVe arrondissement<\/a> de <a href=\"https:\/\/www.leparisien.fr\/paris-75\/\" target=\"_self\" rel=\"nofollow noopener\">Paris<\/a>. Le sinistre mobilise d\u2019importants moyens : une dizaine d\u2019engins et pr\u00e8s de cinquante sapeurs-pompiers de la Brigade de sapeurs-pompiers de Paris (BSPP) sont sur place pour circonscrire les flammes. <\/p>\n<p class=\"paragraph text_align_left\">Le Samu est \u00e9galement sur les lieux \u00e0 titre pr\u00e9ventif. Pour l\u2019heure, aucune victime n\u2019est \u00e0 d\u00e9plorer selon les premi\u00e8res informations. N\u00e9anmoins, l\u2019immeuble a \u00e9t\u00e9 \u00e9vacu\u00e9. Deux lances sont actuellement en action, tandis qu\u2019une grande \u00e9chelle a \u00e9t\u00e9 d\u00e9ploy\u00e9e pour atteindre les \u00e9tages sup\u00e9rieurs et faciliter l\u2019intervention. <\/p>\n<p>\u00ab Les flammes ne devraient pas tarder \u00e0 s\u2019arr\u00eater \u00bb<\/p>\n<p class=\"paragraph text_align_left\">La BSPP se veut rassurante : \u00ab Il n\u2019y a pas de raison que \u00e7a monte en puissance \u00bb, indiquent les secours ce vendredi vers 20 heures, pr\u00e9cisant que \u00ab les flammes ne devraient pas tarder \u00e0 s\u2019arr\u00eater \u00bb. Les circonstances de l\u2019incendie restent encore \u00e0 d\u00e9terminer, mais les pompiers esp\u00e8rent une ma\u00eetrise rapide de la situation.<\/p>\n<p class=\"paragraph text_align_left\"><b>&gt;&gt; Plus d\u2019informations \u00e0 suivre<\/b><\/p>\n","protected":false},"excerpt":{"rendered":"Un incendie s\u2019est d\u00e9clar\u00e9 ce vendredi soir vers 19h20 dans un appartement situ\u00e9 au quatri\u00e8me \u00e9tage d\u2019un immeuble&hellip;\n","protected":false},"author":2,"featured_media":157243,"comment_status":"","ping_status":"","sticky":false,"template":"","format":"standard","meta":{"footnotes":""},"categories":[1888],"tags":[1111,1928,11,1927,1777,674,1011,27,1944,12,1926,626,1925,25],"class_list":{"0":"post-157242","1":"post","2":"type-post","3":"status-publish","4":"format-standard","5":"has-post-thumbnail","7":"category-paris","8":"tag-actu","9":"tag-actu-paris","10":"tag-actualites","11":"tag-actualites-paris","12":"tag-eu","13":"tag-europe","14":"tag-fr","15":"tag-france","16":"tag-ma-ville","17":"tag-news","18":"tag-news-paris","19":"tag-paris","20":"tag-paris-news","21":"tag-republique-francaise"},"share_on_mastodon":{"url":"https:\/\/pubeurope.com\/@fr\/114638055351963776","error":""},"_links":{"self":[{"href":"https:\/\/www.europesays.com\/fr\/wp-json\/wp\/v2\/posts\/157242","targetHints":{"allow":["GET"]}}],"collection":[{"href":"https:\/\/www.europesays.com\/fr\/wp-json\/wp\/v2\/posts"}],"about":[{"href":"https:\/\/www.europesays.com\/fr\/wp-json\/wp\/v2\/types\/post"}],"author":[{"embeddable":true,"href":"https:\/\/www.europesays.com\/fr\/wp-json\/wp\/v2\/users\/2"}],"replies":[{"embeddable":true,"href":"https:\/\/www.europesays.com\/fr\/wp-json\/wp\/v2\/comments?post=157242"}],"version-history":[{"count":0,"href":"https:\/\/www.europesays.com\/fr\/wp-json\/wp\/v2\/posts\/157242\/revisions"}],"wp:featuredmedia":[{"embeddable":true,"href":"https:\/\/www.europesays.com\/fr\/wp-json\/wp\/v2\/media\/157243"}],"wp:attachment":[{"href":"https:\/\/www.europesays.com\/fr\/wp-json\/wp\/v2\/media?parent=157242"}],"wp:term":[{"taxonomy":"category","embeddable":true,"href":"https:\/\/www.europesays.com\/fr\/wp-json\/wp\/v2\/categories?post=157242"},{"taxonomy":"post_tag","embeddable":true,"href":"https:\/\/www.europesays.com\/fr\/wp-json\/wp\/v2\/tags?post=157242"}],"curies":[{"name":"wp","href":"https:\/\/api.w.org\/{rel}","templated":true}]}}