{"id":157244,"date":"2025-06-06T19:24:15","date_gmt":"2025-06-06T19:24:15","guid":{"rendered":"https:\/\/www.europesays.com\/fr\/157244\/"},"modified":"2025-06-06T19:24:15","modified_gmt":"2025-06-06T19:24:15","slug":"balade-dans-les-rues-du-paris-noir","status":"publish","type":"post","link":"https:\/\/www.europesays.com\/fr\/157244\/","title":{"rendered":"Balade dans les rues du Paris Noir"},"content":{"rendered":"<p>K\u00e9vi Dona, un guide touristique parisien, s\u2019est lanc\u00e9 il y a quelques ann\u00e9es dans des visites guid\u00e9es qui transmettent l\u2019Histoire Noire de Paris, les personnalit\u00e9s et les luttes qui l\u2019ont marqu\u00e9e. On l\u2019a suivi dans une ballade sur la Rive Gauche\u2026<\/p>\n<p>Martiniquais, <strong>K\u00e9vi Donat<\/strong> s\u2019est install\u00e9 \u00e0 Paris apr\u00e8s \u00eatre pass\u00e9 par Rennes. Guide depuis 15 ans \u00e0 la capitale, il a cr\u00e9\u00e9 <strong>un parcours de visite appel\u00e9 le \u201cParis Noir Tour\u201d<\/strong>, \u00e0 partir d\u2019un constat : les touristes parisiens ne connaissent pas l\u2019histoire noire de la ville, qui l\u2019a pourtant fa\u00e7onn\u00e9e.<\/p>\n<p>K\u00e9vi nous raconte qu\u2019il y a quelques ann\u00e9es, lors d\u2019une visite guid\u00e9e, <strong>un am\u00e9ricain a point\u00e9 du doigt une photo d\u2019Aim\u00e9 C\u00e9saire, affich\u00e9e sur le Panth\u00e9on, en demandant \u201cwho is this African-American ?\u201d<\/strong> \u2013 \u201cQui est cet Africain-Am\u00e9ricain\u201d?. Aim\u00e9 C\u00e9saire, \u00e9crivain et homme politique du XXe si\u00e8cle, est en r\u00e9alit\u00e9 martiniquais. K\u00e9vi Donat a r\u00e9alis\u00e9 qu\u2019il fallait un lieu, un concept, une balade qui retrace ces personnalit\u00e9s, pour r\u00e9pondre \u00e0 <strong>la curiosit\u00e9 insatisfaite, mais n\u00e9cessaire, des visiteur\u00b7ices et habitant\u00b7es de Paris<\/strong>. C\u2019est comme \u00e7a qu\u2019il a cr\u00e9\u00e9<strong> la visite du Paris Noir, Rive Droite, Rive Gauche, et tout le long de la Seine<\/strong>.<\/p>\n<p><strong>Le Panth\u00e9on, symbole politique et lit d\u2019Alexandre Dumas<\/strong><\/p>\n<p>\u00c0 Paris, on commence la visite au Panth\u00e9on, <strong>pr\u00e8s de l\u2019appart d\u2019Emily in Paris, mais loin de l\u2019approche romantis\u00e9e, blanche et st\u00e9r\u00e9otyp\u00e9e de la s\u00e9rie sur la capitale<\/strong>.<\/p>\n<p><a href=\"https:\/\/www.europesays.com\/fr\/wp-content\/uploads\/2025\/06\/Francais-Francaises-Francais-100-1-t-2400x1452.jpg\" data-barba-prevent=\"\" data-pswp-width=\"2400\" data-pswp-height=\"1452\"><\/p>\n<p><img loading=\"lazy\" decoding=\"async\" width=\"2400\" height=\"1452\" src=\"data:image\/svg+xml,%3Csvg%20xmlns=\" http:=\"\" class=\"attachment-thumbnail size-thumbnail\" alt=\"&#10;Le Panth\u00e9on, photographie de J.F Rollinger - AFP&#10;\" data-lazy-src=\"https:\/\/www.europesays.com\/fr\/wp-content\/uploads\/2025\/06\/Francais-Francaises-Francais-100-1-t-2400x1452.jpg\"\/><\/p>\n<p>Le Panth\u00e9on, photographie de J.F Rollinger \u2013 AFP<\/p>\n<p><\/a><\/p>\n<p>Monument pr\u00e9f\u00e9r\u00e9 de K\u00e9vi, <strong>le Panth\u00e9on est en lui-m\u00eame un symbole de libert\u00e9 et d\u2019\u00e9mancipation<\/strong> : un temple d\u00e9rob\u00e9 \u00e0 l\u2019\u00c9glise pour \u00eatre confi\u00e9 \u00e0 la R\u00e9publique. <strong>C\u2019est l\u2019un des seuls monuments qui traite explicitement de la citoyennet\u00e9, des colonies, de l\u2019esclavage \u00e0 ses abolitions, en y accueillant la tombe de personnalit\u00e9s noires, ou des plaques d\u00e9di\u00e9es<\/strong>. C\u2019est le cas par exemple de l\u2019artiste Jos\u00e9phine Baker, du r\u00e9sistant F\u00e9lix \u00c9bou\u00e9 ou de <strong>l\u2019\u00e9crivain Alexandre Dumas<\/strong> \u2013 qui contrairement \u00e0 de nombreuses repr\u00e9sentations m\u00e9diatiques, \u00e9tait <strong>m\u00e9tis<\/strong>, descendant d\u2019une esclave de la colonie de Saint-Domingue (actuelle Ha\u00efti).<\/p>\n<p><strong>La Sorbonne, h\u00f4te des intellectuel\u00b7les noir\u00b7es du XXe si\u00e8cle<\/strong><\/p>\n<p>Lors de notre balade, on passe par la Sorbonne, universit\u00e9 nich\u00e9e dans le quartier tr\u00e8s chic, \u00e9tudiant et intellectuel du 5e arrondissement. \u201c<strong>Il y a quelque chose je pense d\u2019assez subversif \u00e0 chercher une histoire noire de Paris, dans ce quartier, qui est un quartier intellectuel. Pour beaucoup de gens, y compris les parisiens, il ne peut pas y avoir d\u2019histoire noire ici, puisque c\u2019est le quartier des gens \u201cintelligent\u201d<\/strong>\u201d, explique notre guide.<\/p>\n<p>Pourtant, des noms, il y en a plein. K\u00e9vi nous raconte les histoires du lieu, comme <strong>les d\u00e9bats d\u2019\u00e9tudiants venus des colonies fran\u00e7aises<\/strong>, ou la grande discussion en 1956 de plein d\u2019intellectuels noirs du monde entier, <strong>le premier Congr\u00e8s International des \u00e9crivain\u00b7es et artistes noir\u00b7es<\/strong>. Organis\u00e9 par Alioune Diop, ce congr\u00e8s a notamment r\u00e9uni Aim\u00e9 C\u00e9saire, Richard Wright, Maryse Cond\u00e9 et Frantz Fanon.<\/p>\n<p><img decoding=\"async\" src=\"data:image\/svg+xml,%3Csvg%20xmlns=\" http:=\"\" alt=\"\" data-lazy-src=\"https:\/\/www.europesays.com\/fr\/wp-content\/uploads\/2025\/06\/AD_4nXdaLdzRmcO2uKPgsQ08Q0eqeElyD9wYlq4YyBXZiyd1ZKX_lN8QSDmTq-uv_xW0toBPRmCY9aEsb5M-YjJAvzb6icweFN3j.jpeg\"\/>Photo des membres du Congr\u00e8s. Cr\u00e9dit photographique : Pr\u00e9sence Africaine \u00c9ditions, 1956. Photographie Lutetia<\/p>\n<p>Si K\u00e9vi d\u00e9nonce le manque (presque l\u2019absence) de femmes de ces \u00e9v\u00e8nements intellectuels, il explique que c\u2019est cependant <strong>la diversit\u00e9 d\u2019origines, d\u2019opinions et de cultures qui ont permis des d\u00e9bats riches et importants<\/strong>, dans cet espace qui promouvait la libert\u00e9 intellectuelle.<\/p>\n<p><strong>\u201cC\u2019est comment d\u2019\u00eatre noir\u00b7e en France ?\u201d<\/strong><\/p>\n<p>La visite guid\u00e9e de K\u00e9vi passe par <strong>les beaux quartiers touristiques, comme par le Paris moins carte postale, Chateau Rouge, Barb\u00e8s, la Goutte d\u2019Or, qui ont aussi une histoire bien contemporaine<\/strong>.<\/p>\n<p>Il souhaite r\u00e9pondre \u00e0 la question qui interloquait aussi ses touristes am\u00e9ricains : \u201cC\u2019est comment \u00eatre noir\u00b7e en France ?\u201d. Mais en tentant d\u2019y r\u00e9pondre, il rigole en nous expliquant qu\u2019il lui faudrait des ann\u00e9es pour aborder cette question. <strong>Il explique en effet qu\u2019il n\u2019y a d\u00e9j\u00e0 pas \u201cune\u201d fa\u00e7on, comme il n\u2019y a pas \u201cun\u00b7e\u201d noir\u00b7e<\/strong>. Son objectif, c\u2019est surtout de <strong>re-dire et re-conter l\u2019histoire un peu oubli\u00e9e<\/strong> <strong>ou mise de c\u00f4t\u00e9<\/strong>, donner <strong>une mani\u00e8re diff\u00e9rente d\u2019appr\u00e9hender la ville<\/strong>, et l\u2019occasion de parler d\u2019actualit\u00e9.<\/p>\n<p><strong>L\u2019histoire de l\u2019esclavage colonial, une affaire de tous\u00b7tes<\/strong><\/p>\n<p><a href=\"https:\/\/www.europesays.com\/fr\/wp-content\/uploads\/2025\/06\/Francais-Francaises-Francais-100-t-2400x1452.jpg\" data-barba-prevent=\"\" data-pswp-width=\"2400\" data-pswp-height=\"1452\"><\/p>\n<p><img loading=\"lazy\" decoding=\"async\" width=\"2400\" height=\"1452\" src=\"data:image\/svg+xml,%3Csvg%20xmlns=\" http:=\"\" class=\"attachment-thumbnail size-thumbnail\" alt=\"&#10;Le Cri, Fabrice Hyber - inaugur\u00e9e le 10 mai 2007, journ\u00e9e nationale des m\u00e9moires de la traite et de l'esclavage et de leurs abolitions. Aujourd\u2019hui, c\u2019est le monument national symbolisant l'esclavage et son abolition.&#10;\" data-lazy-src=\"https:\/\/www.europesays.com\/fr\/wp-content\/uploads\/2025\/06\/Francais-Francaises-Francais-100-t-2400x1452.jpg\"\/><\/p>\n<p>Le Cri, Fabrice Hyber \u2013 inaugur\u00e9e le 10 mai 2007, journ\u00e9e nationale des m\u00e9moires de la traite et de l\u2019esclavage et de leurs abolitions. Aujourd\u2019hui, c\u2019est le monument national symbolisant l\u2019esclavage et son abolition.<\/p>\n<p><\/a><\/p>\n<p>Apr\u00e8s s\u2019\u00eatre arr\u00eat\u00e9\u00b7es au<strong> jardin du Luxembourg<\/strong>, o\u00f9 K\u00e9vi Donat nous raconte l\u2019histoire des luttes et de la lib\u00e9ration des noirs de l\u2019esclavage colonial, on parle de <strong>ses interactions avec les touristes lors des balades<\/strong>. Il dit \u201cau d\u00e9but (des visites guid\u00e9es du Paris Noir), j\u2019avais surtout des \u00e9tudiant\u00b7es \u00e9tasunien\u00b7nes des Black Studies\u201d (\u00e9tudes d\u2019histoire, de sciences sociale et politiques noires). <strong>\u201cMais \u00e7a gagne en visibilit\u00e9\u201d, et donc en participant\u00b7es, avec de plus en plus de touristes qui s\u2019int\u00e9ressent \u00e0 Paris, au sens large de son histoire<\/strong>.<\/p>\n<p>Si vous en faites partie, le Paris Noir c\u2019est tous les samedis en balade, <a href=\"https:\/\/shows.acast.com\/le-paris-noir\" target=\"_blank\" rel=\"noreferrer noopener\">en podcast<\/a> et <a href=\"https:\/\/www.faces-cachees.fr\/product\/paris-noir-pr%C3%A9commandes\" target=\"_blank\" rel=\"noreferrer noopener\">en librairie depuis ce matin<\/a>\u00a0! <\/p>\n","protected":false},"excerpt":{"rendered":"K\u00e9vi Dona, un guide touristique parisien, s\u2019est lanc\u00e9 il y a quelques ann\u00e9es dans des visites guid\u00e9es qui&hellip;\n","protected":false},"author":2,"featured_media":157245,"comment_status":"","ping_status":"","sticky":false,"template":"","format":"standard","meta":{"footnotes":""},"categories":[1888],"tags":[1111,1928,11,1927,9129,1777,674,1011,27,937,28816,28817,28818,12,1926,626,1925,28819,28820,2687,25,19812,19813,602,28821],"class_list":{"0":"post-157244","1":"post","2":"type-post","3":"status-publish","4":"format-standard","5":"has-post-thumbnail","7":"category-paris","8":"tag-actu","9":"tag-actu-paris","10":"tag-actualites","11":"tag-actualites-paris","12":"tag-colonialisme","13":"tag-eu","14":"tag-europe","15":"tag-fr","16":"tag-france","17":"tag-histoire","18":"tag-histoire-noire","19":"tag-julie-fertala","20":"tag-ku00e9vi-donat","21":"tag-news","22":"tag-news-paris","23":"tag-paris","24":"tag-paris-news","25":"tag-personnalitu00e9s-noires","26":"tag-radio-nova","27":"tag-reportage","28":"tag-republique-francaise","29":"tag-su00e9go-raffaitin","30":"tag-tas-vu-lheure","31":"tag-tourisme","32":"tag-visite-guidu00e9e"},"share_on_mastodon":{"url":"https:\/\/pubeurope.com\/@fr\/114638059203376272","error":""},"_links":{"self":[{"href":"https:\/\/www.europesays.com\/fr\/wp-json\/wp\/v2\/posts\/157244","targetHints":{"allow":["GET"]}}],"collection":[{"href":"https:\/\/www.europesays.com\/fr\/wp-json\/wp\/v2\/posts"}],"about":[{"href":"https:\/\/www.europesays.com\/fr\/wp-json\/wp\/v2\/types\/post"}],"author":[{"embeddable":true,"href":"https:\/\/www.europesays.com\/fr\/wp-json\/wp\/v2\/users\/2"}],"replies":[{"embeddable":true,"href":"https:\/\/www.europesays.com\/fr\/wp-json\/wp\/v2\/comments?post=157244"}],"version-history":[{"count":0,"href":"https:\/\/www.europesays.com\/fr\/wp-json\/wp\/v2\/posts\/157244\/revisions"}],"wp:featuredmedia":[{"embeddable":true,"href":"https:\/\/www.europesays.com\/fr\/wp-json\/wp\/v2\/media\/157245"}],"wp:attachment":[{"href":"https:\/\/www.europesays.com\/fr\/wp-json\/wp\/v2\/media?parent=157244"}],"wp:term":[{"taxonomy":"category","embeddable":true,"href":"https:\/\/www.europesays.com\/fr\/wp-json\/wp\/v2\/categories?post=157244"},{"taxonomy":"post_tag","embeddable":true,"href":"https:\/\/www.europesays.com\/fr\/wp-json\/wp\/v2\/tags?post=157244"}],"curies":[{"name":"wp","href":"https:\/\/api.w.org\/{rel}","templated":true}]}}