{"id":157246,"date":"2025-06-06T19:25:10","date_gmt":"2025-06-06T19:25:10","guid":{"rendered":"https:\/\/www.europesays.com\/fr\/157246\/"},"modified":"2025-06-06T19:25:10","modified_gmt":"2025-06-06T19:25:10","slug":"quinte-du-samedi-7-juin-2025-a-vincennes-les-pronostics","status":"publish","type":"post","link":"https:\/\/www.europesays.com\/fr\/157246\/","title":{"rendered":"Quint\u00e9 du samedi 7 juin 2025 \u00e0 Vincennes : les pronostics"},"content":{"rendered":"<p class=\"article-p mdl\">Retrouvez les pronostics de Dominique Cordier pour le Quint\u00e9 du du samedi 7 juin 2025 \u00e0 Vincennes, le Prix Jean Le Gonidec. <strong>D\u00e9part \u00e0 15h15. 13 partants. <\/strong>Trot attel\u00e9. Groupe II. 2.175 m\u00e8tres. Grande piste. Trotteurs de 5 ans.&#13;<\/p>\n<p class=\"article-p mdl\">Cela n\u2019est jamais que la 4e fois que le <strong>11 Kanto Avis<\/strong> court pieds nus. M\u00eame s\u2019il n\u2019a encore jamais gagn\u00e9 sur ce parcours (trois participations, deux podiums), le lot est \u00e0 sa port\u00e9e, l\u2019entra\u00eenement dont il d\u00e9pend revenant en forme.&#13;<\/p>\n<p class=\"article-p mdl\">Le<strong> 7 Kataki de Wallis <\/strong>est capable du meilleur et du pire, mais semble bien dispos\u00e9 actuellement. C\u2019est une chance, \u00e0 l\u2019\u00e9vidence.&#13;<\/p>\n<p class=\"article-p mdl\">D\u00e9l\u00e9guant ses trois meilleurs trotteurs dans cette course, William Bigeon est \u00e0 suivre. Le <strong>13 Kana de Beylev <\/strong>est sa meilleure chance avec Eric Raffin ; le <strong>10 King Opera<\/strong>, la deuxi\u00e8me, m\u00eame ferr\u00e9. Quant au <strong>9 Kyrielle<\/strong>, que m\u00e8ne son entra\u00eeneur, on en attendait beaucoup mieux en dernier lieu. On l\u2019\u00e9carte, \u00e0 regret.&#13;<\/p>\n<p class=\"article-p mdl\">L\u2019outsider de RTL, le <strong>5 Keen Winner<\/strong>, \u00e9tait tr\u00e8s chuchot\u00e9 lors de sa derni\u00e8re sortie. 6e du Quint\u00e9 remport\u00e9 par le bon <strong>Jazzman<\/strong>, il n\u2019a pas d\u00e9m\u00e9rit\u00e9, trouvant le passage trop tardivement pour esp\u00e9rer meilleur classement. Il peut frapper un grand coup ici.&#13;&#13;&#13;&#13;<\/p>\n<p>            Les pronostics<\/p>\n<p class=\"article-p mdl\">\n<p>11. Kanto Avis&#13;<br \/>7. Kataki de Wallis&#13;<br \/>13. Kana de Beylev&#13;<br \/>5. Keen Winner&#13;<br \/>10. King Opera&#13;<br \/>12. Krack Time Atout&#13;<br \/>6. Karlito<\/p>\n<p>            L&rsquo;outsider de RTL<\/p>\n<p class=\"article-p mdl\">5. Keen Winner<\/p>\n<p>            R\u00e9sultats du jeudi 5 juin 2025 en nocturne \u00e0 Longchamp<\/p>\n<p class=\"article-p mdl\">D\u00e9sar\u00e7onn\u00e9 par l\u2019assouplissement subit de la piste, le favori de RTL termine 12e, idem pour l\u2019outsider de RTL class\u00e9 8e. La s\u00e9lection indique le Tierc\u00e9. <\/p>\n<p>    La r\u00e9daction vous recommande<\/p>\n<p class=\"s-newsletter__title\">\n                L\u2019actualit\u00e9 par la r\u00e9daction de RTL dans votre bo\u00eete mail.\n            <\/p>\n<p class=\"s-newsletter__subtitle\">\n                Gr\u00e2ce \u00e0 votre compte RTL abonnez-vous \u00e0 la newsletter RTL info pour suivre toute l&rsquo;actualit\u00e9 au quotidien\n            <\/p>\n<p>\n                                    Lire la suite\n                                <\/p>\n","protected":false},"excerpt":{"rendered":"Retrouvez les pronostics de Dominique Cordier pour le Quint\u00e9 du du samedi 7 juin 2025 \u00e0 Vincennes, le&hellip;\n","protected":false},"author":2,"featured_media":3836,"comment_status":"","ping_status":"","sticky":false,"template":"","format":"standard","meta":{"footnotes":""},"categories":[1888],"tags":[11,2621,2622,2620,1777,674,107,2619,1011,27,12,626,2623,25],"class_list":{"0":"post-157246","1":"post","2":"type-post","3":"status-publish","4":"format-standard","5":"has-post-thumbnail","7":"category-paris","8":"tag-actualites","9":"tag-chevaux","10":"tag-courses","11":"tag-courses-de-trot","12":"tag-eu","13":"tag-europe","14":"tag-fil-info","15":"tag-fil-sport","16":"tag-fr","17":"tag-france","18":"tag-news","19":"tag-paris","20":"tag-quinte","21":"tag-republique-francaise"},"share_on_mastodon":{"url":"https:\/\/pubeurope.com\/@fr\/114638063080896445","error":""},"_links":{"self":[{"href":"https:\/\/www.europesays.com\/fr\/wp-json\/wp\/v2\/posts\/157246","targetHints":{"allow":["GET"]}}],"collection":[{"href":"https:\/\/www.europesays.com\/fr\/wp-json\/wp\/v2\/posts"}],"about":[{"href":"https:\/\/www.europesays.com\/fr\/wp-json\/wp\/v2\/types\/post"}],"author":[{"embeddable":true,"href":"https:\/\/www.europesays.com\/fr\/wp-json\/wp\/v2\/users\/2"}],"replies":[{"embeddable":true,"href":"https:\/\/www.europesays.com\/fr\/wp-json\/wp\/v2\/comments?post=157246"}],"version-history":[{"count":0,"href":"https:\/\/www.europesays.com\/fr\/wp-json\/wp\/v2\/posts\/157246\/revisions"}],"wp:featuredmedia":[{"embeddable":true,"href":"https:\/\/www.europesays.com\/fr\/wp-json\/wp\/v2\/media\/3836"}],"wp:attachment":[{"href":"https:\/\/www.europesays.com\/fr\/wp-json\/wp\/v2\/media?parent=157246"}],"wp:term":[{"taxonomy":"category","embeddable":true,"href":"https:\/\/www.europesays.com\/fr\/wp-json\/wp\/v2\/categories?post=157246"},{"taxonomy":"post_tag","embeddable":true,"href":"https:\/\/www.europesays.com\/fr\/wp-json\/wp\/v2\/tags?post=157246"}],"curies":[{"name":"wp","href":"https:\/\/api.w.org\/{rel}","templated":true}]}}