{"id":157247,"date":"2025-06-06T19:26:09","date_gmt":"2025-06-06T19:26:09","guid":{"rendered":"https:\/\/www.europesays.com\/fr\/157247\/"},"modified":"2025-06-06T19:26:09","modified_gmt":"2025-06-06T19:26:09","slug":"ladministrateur-dun-site-de-dons-de-sperme-clandestin-interpelle","status":"publish","type":"post","link":"https:\/\/www.europesays.com\/fr\/157247\/","title":{"rendered":"l\u2019administrateur d\u2019un site de dons de sperme clandestin interpell\u00e9"},"content":{"rendered":"<p class=\"article-p mdl\">En avril dernier, les enqu\u00eateurs sp\u00e9cialis\u00e9s en cybercriminalit\u00e9 de la section de recherches de Lille ont d\u00e9couvert, dans le cadre d\u2019une veille num\u00e9rique, \u00ab\u00a0un site internet permettant de <strong>mettre en relation des donneurs de gam\u00e8tes et des receveuses<\/strong>, de fa\u00e7on informelle, et en dehors de tout cadre juridique autoris\u00e9\u00a0\u00bb, selon un communiqu\u00e9 de la gendarmerie nationale. \u00a0<\/p>\n<p class=\"article-p mdl\">L&rsquo;administrateur de ce site ill\u00e9gal a \u00e9t\u00e9 interpell\u00e9, jeudi 5 juin, \u00e0 Paris. Il est soup\u00e7onn\u00e9 d&rsquo;avoir <strong>exploit\u00e9 la vuln\u00e9rabilit\u00e9 des victimes et per\u00e7u diverses r\u00e9mun\u00e9rations<\/strong> gr\u00e2ce \u00e0 cette activit\u00e9, a annonc\u00e9 la gendarmerie.<\/p>\n<p class=\"article-p mdl\">Utilis\u00e9 par plus de <strong>7.000 membres<\/strong> avant sa fermeture, ce site \u00ab\u00a0exploitait la situation de vuln\u00e9rabilit\u00e9 de receveuses qui recouraient \u00e0 des dons sauvages afin de pallier des d\u00e9lais d&rsquo;attente parfois longs\u00a0\u00bb, ont pr\u00e9cis\u00e9 les gendarmes. Cette d\u00e9marche \u00ab\u00a0permettait \u00e9galement de contourner le cadre r\u00e9glement\u00e9 de l&rsquo;assistance m\u00e9dicale \u00e0 la procr\u00e9ation (AMP)\u00a0\u00bb.<\/p>\n<p class=\"article-p mdl\">Les investigations techniques ont permis \u00ab\u00a0d&rsquo;identifier l&rsquo;administrateur du site\u00a0\u00bb et \u00ab\u00a0une enqu\u00eate men\u00e9e sous pseudonyme a d\u00e9montr\u00e9 que ce dernier <strong>pratiquait lui-m\u00eame des dons de sperme hors du cadre l\u00e9gal<\/strong>\u00ab\u00a0, selon la gendarmerie.<\/p>\n<p class=\"article-p mdl\">\u00ab\u00a0La <strong>sollicitation de dons en cryptomonnaie<\/strong> et la fourniture d&rsquo;un <strong>abonnement payant au site internet<\/strong> permettaient au mis en cause de se r\u00e9mun\u00e9rer\u00a0\u00bb, a expliqu\u00e9 la gendarmerie. Il percevait \u00e9galement \u00ab\u00a0de l&rsquo;argent \u00e0 titre de \u2018d\u00e9dommagement\u2019 pour ses propres dons\u00a0\u00bb.<\/p>\n<p>    La r\u00e9daction vous recommande<\/p>\n<p class=\"s-newsletter__title\">\n                L\u2019actualit\u00e9 par la r\u00e9daction de RTL dans votre bo\u00eete mail.\n            <\/p>\n<p class=\"s-newsletter__subtitle\">\n                Gr\u00e2ce \u00e0 votre compte RTL abonnez-vous \u00e0 la newsletter RTL info pour suivre toute l&rsquo;actualit\u00e9 au quotidien\n            <\/p>\n<p>\n                                    Lire la suite\n                                <\/p>\n","protected":false},"excerpt":{"rendered":"En avril dernier, les enqu\u00eateurs sp\u00e9cialis\u00e9s en cybercriminalit\u00e9 de la section de recherches de Lille ont d\u00e9couvert, dans&hellip;\n","protected":false},"author":2,"featured_media":157248,"comment_status":"","ping_status":"","sticky":false,"template":"","format":"standard","meta":{"footnotes":""},"categories":[1888],"tags":[11,13554,1777,674,107,1011,27,310,303,1249,1307,12,626,1072,25],"class_list":{"0":"post-157247","1":"post","2":"type-post","3":"status-publish","4":"format-standard","5":"has-post-thumbnail","7":"category-paris","8":"tag-actualites","9":"tag-don","10":"tag-eu","11":"tag-europe","12":"tag-fil-info","13":"tag-fr","14":"tag-france","15":"tag-internet","16":"tag-justice","17":"tag-justice-francaise","18":"tag-lille","19":"tag-news","20":"tag-paris","21":"tag-police","22":"tag-republique-francaise"},"share_on_mastodon":{"url":"https:\/\/pubeurope.com\/@fr\/114638067006208301","error":""},"_links":{"self":[{"href":"https:\/\/www.europesays.com\/fr\/wp-json\/wp\/v2\/posts\/157247","targetHints":{"allow":["GET"]}}],"collection":[{"href":"https:\/\/www.europesays.com\/fr\/wp-json\/wp\/v2\/posts"}],"about":[{"href":"https:\/\/www.europesays.com\/fr\/wp-json\/wp\/v2\/types\/post"}],"author":[{"embeddable":true,"href":"https:\/\/www.europesays.com\/fr\/wp-json\/wp\/v2\/users\/2"}],"replies":[{"embeddable":true,"href":"https:\/\/www.europesays.com\/fr\/wp-json\/wp\/v2\/comments?post=157247"}],"version-history":[{"count":0,"href":"https:\/\/www.europesays.com\/fr\/wp-json\/wp\/v2\/posts\/157247\/revisions"}],"wp:featuredmedia":[{"embeddable":true,"href":"https:\/\/www.europesays.com\/fr\/wp-json\/wp\/v2\/media\/157248"}],"wp:attachment":[{"href":"https:\/\/www.europesays.com\/fr\/wp-json\/wp\/v2\/media?parent=157247"}],"wp:term":[{"taxonomy":"category","embeddable":true,"href":"https:\/\/www.europesays.com\/fr\/wp-json\/wp\/v2\/categories?post=157247"},{"taxonomy":"post_tag","embeddable":true,"href":"https:\/\/www.europesays.com\/fr\/wp-json\/wp\/v2\/tags?post=157247"}],"curies":[{"name":"wp","href":"https:\/\/api.w.org\/{rel}","templated":true}]}}