{"id":157269,"date":"2025-06-06T19:38:19","date_gmt":"2025-06-06T19:38:19","guid":{"rendered":"https:\/\/www.europesays.com\/fr\/157269\/"},"modified":"2025-06-06T19:38:19","modified_gmt":"2025-06-06T19:38:19","slug":"quel-visage-pour-la-future-equipe-de-lalterna-stade-poitevin","status":"publish","type":"post","link":"https:\/\/www.europesays.com\/fr\/157269\/","title":{"rendered":"quel visage pour la future \u00e9quipe de l\u2019Alterna Stade Poitevin ?"},"content":{"rendered":"<p>Le mercato poitevin est officiellement lanc\u00e9 depuis vendredi avec l\u2019officialisation de l\u2019arriv\u00e9e d\u2019Anatole Chaboissant. Une premi\u00e8re pierre int\u00e9ressante sur laquelle le jeu de la formation stadiste va pouvoir se reposer. Et une belle opportunit\u00e9 pour l\u2019Alterna SPVB de continuer de \u00ab\u00a0franciser\u00a0\u00bb son effectif, une vraie volont\u00e9 de C\u00e9dric Enard de propulser les potentiels tricolores au plus haut niveau. \u00ab\u00a0\u00c7a nous tient \u00e0 c\u0153ur oui, reconna\u00eet le manager poitevin. On va continuer \u00e0 voir s\u2019il n\u2019y a pas un ou deux joueurs fran\u00e7ais qui ont la volont\u00e9 prendre une place assez importante dans l\u2019effectif.\u00a0\u00bb Au moins un autre joueur hexagonal est attendu pour \u00e9voluer aux c\u00f4t\u00e9s de Thomas Pujol, Simon Magnin, Simon Gill, du plus Fran\u00e7ais des Argentins, Franco Massimino, de Dusan Nikolic, dont le retour a d\u00e9j\u00e0 \u00e9t\u00e9 d\u00e9voil\u00e9 par les dirigeants, voire de Tom Canessant, m\u00eame si celui-ci n\u2019a pas ferm\u00e9 la porte \u00e0 un autre projet.<\/p>\n<p>Caract\u00e8re et physique<\/p>\n<p>L\u2019ossature est l\u00e0, reste maintenant \u00e0 la bonifier. En y ajoutant un premier ingr\u00e9dient. \u00ab\u00a0On va y mettre un petit trait de caract\u00e8re suppl\u00e9mentaire, explique C\u00e9dric Enard. Sur le terrain, Patchi (Franco Massimino) \u00e9tait le joueur qui emmenait souvent l\u2019\u00e9quipe cette saison. Il \u00e9tait un peu trop seul \u00e0 le faire et se fatiguait \u00e0 un moment donn\u00e9, malgr\u00e9 une d\u00e9bauche d\u2019\u00e9nergie admirable. C\u2019est aussi pour cela que l\u2019on veut faire attention au caract\u00e8re.\u00a0\u00bb Mais pas que.<\/p>\n<p>Apr\u00e8s les d\u00e9parts de Thibaut Thoral (Narbonne), Brett Walsh, Nik Mujanovic (Tours), Renan Michelucci, Jackson Howe, Tino Hanzic, Maxime Roatta, Colton Cowell ou Chris Byam, le futur groupe poitevin devrait \u00e9galement \u00eatre plus physique. \u00ab\u00a0On voudrait rajouter un peu de hauteur, notamment au centre\u00a0\u00bb, glisse le manager de l\u2019Alterna SPVB.<\/p>\n<p>\u00a0<\/p>\n","protected":false},"excerpt":{"rendered":"Le mercato poitevin est officiellement lanc\u00e9 depuis vendredi avec l\u2019officialisation de l\u2019arriv\u00e9e d\u2019Anatole Chaboissant. Une premi\u00e8re pierre int\u00e9ressante&hellip;\n","protected":false},"author":2,"featured_media":157270,"comment_status":"","ping_status":"","sticky":false,"template":"","format":"standard","meta":{"footnotes":""},"categories":[1417],"tags":[1654,1011,27,1655,1653,60,1584,1470,1469],"class_list":{"0":"post-157269","1":"post","2":"type-post","3":"status-publish","4":"format-standard","5":"has-post-thumbnail","7":"category-volley","8":"tag-alterna-stade-poitevin-volley-ball","9":"tag-fr","10":"tag-france","11":"tag-ligue-a","12":"tag-poitiers","13":"tag-sports","14":"tag-vienne","15":"tag-volley","16":"tag-volleyball"},"share_on_mastodon":{"url":"https:\/\/pubeurope.com\/@fr\/114638114179248750","error":""},"_links":{"self":[{"href":"https:\/\/www.europesays.com\/fr\/wp-json\/wp\/v2\/posts\/157269","targetHints":{"allow":["GET"]}}],"collection":[{"href":"https:\/\/www.europesays.com\/fr\/wp-json\/wp\/v2\/posts"}],"about":[{"href":"https:\/\/www.europesays.com\/fr\/wp-json\/wp\/v2\/types\/post"}],"author":[{"embeddable":true,"href":"https:\/\/www.europesays.com\/fr\/wp-json\/wp\/v2\/users\/2"}],"replies":[{"embeddable":true,"href":"https:\/\/www.europesays.com\/fr\/wp-json\/wp\/v2\/comments?post=157269"}],"version-history":[{"count":0,"href":"https:\/\/www.europesays.com\/fr\/wp-json\/wp\/v2\/posts\/157269\/revisions"}],"wp:featuredmedia":[{"embeddable":true,"href":"https:\/\/www.europesays.com\/fr\/wp-json\/wp\/v2\/media\/157270"}],"wp:attachment":[{"href":"https:\/\/www.europesays.com\/fr\/wp-json\/wp\/v2\/media?parent=157269"}],"wp:term":[{"taxonomy":"category","embeddable":true,"href":"https:\/\/www.europesays.com\/fr\/wp-json\/wp\/v2\/categories?post=157269"},{"taxonomy":"post_tag","embeddable":true,"href":"https:\/\/www.europesays.com\/fr\/wp-json\/wp\/v2\/tags?post=157269"}],"curies":[{"name":"wp","href":"https:\/\/api.w.org\/{rel}","templated":true}]}}