{"id":157277,"date":"2025-06-06T19:43:14","date_gmt":"2025-06-06T19:43:14","guid":{"rendered":"https:\/\/www.europesays.com\/fr\/157277\/"},"modified":"2025-06-06T19:43:14","modified_gmt":"2025-06-06T19:43:14","slug":"zarco-sest-arrache-sur-un-seul-tour-pour-reussir-a-se-hisser-en-q2","status":"publish","type":"post","link":"https:\/\/www.europesays.com\/fr\/157277\/","title":{"rendered":"Zarco s&rsquo;est \u00ab\u00a0arrach\u00e9\u00a0\u00bb sur un seul tour pour r\u00e9ussir \u00e0 se hisser en Q2"},"content":{"rendered":"<p>Apr\u00e8s une premi\u00e8re s\u00e9ance et une partie de seconde discr\u00e8tes, <a href=\"https:\/\/fr.motorsport.com\/driver\/johann-zarco\/96107\/\" target=\"_blank\" rel=\"noopener\">Johann Zarco<\/a> est sorti du bois au moment id\u00e9al lors des Essais pour assurer une place dans le top 10 et ainsi s&rsquo;\u00e9pargner un passage en Q1. Une bonne chose de faite pour le pilote LCR qui se f\u00e9licite d&rsquo;avoir su outrepasser des sensations pas forc\u00e9ment optimales pour parvenir \u00e0 tout jouer sur une ultime tentative.<\/p>\n<p>\u00ab\u00a0Content de la Q2\u00a0\u00bb, a-t-il d&rsquo;abord expliqu\u00e9 au sortir de la s\u00e9ance. \u00ab\u00a0Ce matin, j&rsquo;\u00e9tais plut\u00f4t bien. Par contre, cet apr\u00e8m c&rsquo;\u00e9tait pire, et \u00e7a, \u00e7a a \u00e9t\u00e9 tr\u00e8s difficile parce que je sens que je pourrais mieux piloter la moto mais on encha\u00eene les virages et tout s&rsquo;encha\u00eene de pire en pire. C&rsquo;\u00e9tait difficile. Avec les pneus neufs, je sens que sur au moins un tour, je peux g\u00e9rer la moto et m&rsquo;arracher pour faire quelque chose, et c&rsquo;est ce que j&rsquo;ai fait sur le dernier pneu.\u00a0\u00bb<\/p>\n<p>Lire aussi :<\/p>\n<p>\u00ab\u00a0Je n&rsquo;\u00e9tais pas tr\u00e8s optimiste, parce que les sensations ne sont pas tr\u00e8s bonnes. Maintenant que j&rsquo;arrive \u00e0 mieux utiliser la moto, j&rsquo;esp\u00e8re pouvoir mieux expliquer ce qui ne va pas. Il faut aussi prendre en exemple les difficult\u00e9s de [Fabio] Quartararo\u00a0: on peut se douter de comment est la Yam&rsquo;, du coup pourquoi elle a autant de mal\u00a0? \u00c7a peut donner des directions de r\u00e9glages pour mieux g\u00e9rer ici. Tout est li\u00e9 au grip, au grip de la piste &#8211; avant, arri\u00e8re, ce n&rsquo;est pas que du grip arri\u00e8re \u2013 et cet apr\u00e8m, il faisait tellement chaud&#8230; Ce n&rsquo;est pas dur physiquement, mais tu sens que tu ne peux pas te fier \u00e0 la moto et \u00e7a, c&rsquo;est d\u00e9licat.\u00a0\u00bb<\/p>\n<p>\u00ab\u00a0J&rsquo;ai le sentiment qu&rsquo;il y a de bonnes choses des autres motos que l&rsquo;on peut utiliser\u00a0; c&rsquo;est juste qu&rsquo;on ne peut pas les r\u00e9p\u00e9ter\u00a0\u00bb, a-t-il ajout\u00e9, notamment en r\u00e9f\u00e9rence \u00e0 ce qu&rsquo;accomplit <a href=\"https:\/\/fr.motorsport.com\/driver\/marc-marquez\/92646\/\" target=\"_blank\" rel=\"noopener\">Marc M\u00e1rquez<\/a> au guidon de sa Ducati. \u00ab\u00a0Je suis content de conna\u00eetre ma moto et avec seulement un tour, j&rsquo;ai utilis\u00e9 le pneu neuf et je me suis qualifi\u00e9. Donc \u00e7a veut dire que je sais comment faire, d\u00e9sormais il faut que je le fasse plus facilement pour le r\u00e9p\u00e9ter et \u00eatre fort en course.\u00a0\u00bb<\/p>\n<p>Zarco salue l&rsquo;apport du nouveau moteur Honda<br \/>\n   <img decoding=\"async\" draggable=\"false\" src=\"https:\/\/www.europesays.com\/fr\/wp-content\/uploads\/2025\/06\/1749238994_433_johann-zarco-team-lcr-honda.jpg\" alt=\"Johann Zarco, Team LCR Honda\" width=\"1200\" height=\"800\" loading=\"lazy\"\/> <\/p>\n<p class=\"title\">Johann Zarco, Team LCR Honda<\/p>\n<p class=\"photographer\">Photo de: Lluis Gene \/ AFP via Getty Images<\/p>\n<p>Interrog\u00e9 sur le faible nombre de chutes dans cette journ\u00e9e de vendredi, sur une piste pourtant notoirement connue pour son adh\u00e9rence limit\u00e9e, Zarco de d\u00e9clarer\u00a0: \u00ab\u00a0Je pense que c&rsquo;est parce que \u00e7a pr\u00e9vient plus, donc on dit que \u00e7a glisse mais en fait, d\u00e8s qu&rsquo;on veut attaquer en mode &lsquo;normal&rsquo; \u2013 bwap ! \u2013 on fait une glissade. Mais, du coup, on est pr\u00e9venus et apr\u00e8s on n&rsquo;ose plus y aller. C&rsquo;est pour \u00e7a, je pense, qu&rsquo;il y a moins de chutes.\u00a0\u00bb Puis il a ajout\u00e9 :\u00a0\u00ab\u00a0On se plaint tous du grip mais il n&rsquo;y a pas de chutes.\u00a0\u00bb<\/p>\n<p>\u00ab\u00a0Mais, sur ce manque de grip, je ne sais pas o\u00f9 nous en sommes par rapport aux autres. <a href=\"https:\/\/fr.motorsport.com\/driver\/joan-mir\/289392\/\" target=\"_blank\" rel=\"noopener\">Joan Mir<\/a> se plaint toujours beaucoup du grip \u00e0 l&rsquo;arri\u00e8re, mais ici c&rsquo;est g\u00e9n\u00e9ral, parce que m\u00eame \u00e0 l&rsquo;avant vous sentez de la glisse. C&rsquo;est pourquoi je pense qu&rsquo;en mati\u00e8re de talent de pilotage, il y a beaucoup \u00e0 trouver, car M\u00e1rquez le prouve.\u00a0\u00bb <\/p>\n<p>\u00ab\u00a0Je retiens le positif aujourd&rsquo;hui et j&rsquo;esp\u00e8re que nous r\u00e9fl\u00e9chirons comme il faut ce soir pour faire un step demain. Mais, comme je l&rsquo;ai dit\u00a0: m\u00eame si nous faisons un step demain, avec la piste fra\u00eeche du matin, les choses vont marcher, c&rsquo;est s\u00fbr. Qu&rsquo;importe la moto que vous aurez, les choses fonctionneront\u00a0; l\u00e0 o\u00f9 il faudra que \u00e7a fonctionne, c&rsquo;est dans l&rsquo;apr\u00e8s-midi pour la distance de course.\u00a0\u00bb<\/p>\n<p>Zarco a aussi salu\u00e9 l&rsquo;apport du nouveau moteur Honda, qu&rsquo;il utilise depuis le GP de Grande-Bretagne et que les pilotes Honda officiels ont depuis Le Mans\u00a0: \u00ab\u00a0Vraiment, ce nouveau moteur rend la moto meilleure \u2013 elle se ralentit mieux \u2013 et je pense qu&rsquo;on a toujours une bonne utilisation de la moto sur les gaz.\u00a0\u00bb<\/p>\n<p>De l\u00e0 \u00e0 envisager un troisi\u00e8me podium cons\u00e9cutif\u00a0? \u00ab\u00a0Inch&rsquo;Allah, \u00e7a serait bien\u00a0\u00bb, a-t-il r\u00e9pondu avec le sourire.<\/p>\n<p style=\"text-align: right;\">Propos recueillis par German Garcia Casanova<\/p>\n<p>Lire aussi :<\/p>\n<p>Dans cet article<\/p>\n<p>    Fabien Gaillard\n<\/p>\n<p>    MotoGP\n<\/p>\n<p>    Johann Zarco\n<\/p>\n<p>    Team LCR\n<\/p>\n<p>Soyez le premier inform\u00e9 et souscrivez aux alertes mails pour recevoir les infos en temps r\u00e9el<\/p>\n<p>    S&rsquo;abonner aux alertes de news<\/p>\n","protected":false},"excerpt":{"rendered":"Apr\u00e8s une premi\u00e8re s\u00e9ance et une partie de seconde discr\u00e8tes, Johann Zarco est sorti du bois au moment&hellip;\n","protected":false},"author":2,"featured_media":157278,"comment_status":"","ping_status":"","sticky":false,"template":"","format":"standard","meta":{"footnotes":""},"categories":[1412],"tags":[1451,1452,1453,1454,1455,1011,27,26452,1741,1458,26453,60,3771],"class_list":{"0":"post-157277","1":"post","2":"type-post","3":"status-publish","4":"format-standard","5":"has-post-thumbnail","7":"category-f1","8":"tag-f1","9":"tag-formula-1","10":"tag-formula1","11":"tag-formule-1","12":"tag-formule1","13":"tag-fr","14":"tag-france","15":"tag-gp-daragu00f3n","16":"tag-johann-zarco","17":"tag-motogp","18":"tag-motorland-aragu00f3n","19":"tag-sports","20":"tag-team-lcr"},"share_on_mastodon":{"url":"https:\/\/pubeurope.com\/@fr\/114638133892578969","error":""},"_links":{"self":[{"href":"https:\/\/www.europesays.com\/fr\/wp-json\/wp\/v2\/posts\/157277","targetHints":{"allow":["GET"]}}],"collection":[{"href":"https:\/\/www.europesays.com\/fr\/wp-json\/wp\/v2\/posts"}],"about":[{"href":"https:\/\/www.europesays.com\/fr\/wp-json\/wp\/v2\/types\/post"}],"author":[{"embeddable":true,"href":"https:\/\/www.europesays.com\/fr\/wp-json\/wp\/v2\/users\/2"}],"replies":[{"embeddable":true,"href":"https:\/\/www.europesays.com\/fr\/wp-json\/wp\/v2\/comments?post=157277"}],"version-history":[{"count":0,"href":"https:\/\/www.europesays.com\/fr\/wp-json\/wp\/v2\/posts\/157277\/revisions"}],"wp:featuredmedia":[{"embeddable":true,"href":"https:\/\/www.europesays.com\/fr\/wp-json\/wp\/v2\/media\/157278"}],"wp:attachment":[{"href":"https:\/\/www.europesays.com\/fr\/wp-json\/wp\/v2\/media?parent=157277"}],"wp:term":[{"taxonomy":"category","embeddable":true,"href":"https:\/\/www.europesays.com\/fr\/wp-json\/wp\/v2\/categories?post=157277"},{"taxonomy":"post_tag","embeddable":true,"href":"https:\/\/www.europesays.com\/fr\/wp-json\/wp\/v2\/tags?post=157277"}],"curies":[{"name":"wp","href":"https:\/\/api.w.org\/{rel}","templated":true}]}}