{"id":157284,"date":"2025-06-06T19:47:11","date_gmt":"2025-06-06T19:47:11","guid":{"rendered":"https:\/\/www.europesays.com\/fr\/157284\/"},"modified":"2025-06-06T19:47:11","modified_gmt":"2025-06-06T19:47:11","slug":"toulouse-la-fresque-dete-du-pont-saint-pierre-se-dessine-lartiste-explique-sa-signification","status":"publish","type":"post","link":"https:\/\/www.europesays.com\/fr\/157284\/","title":{"rendered":"Toulouse. La fresque d&rsquo;\u00e9t\u00e9 du pont Saint-Pierre se dessine : l&rsquo;artiste explique sa signification"},"content":{"rendered":"<p>            Par<br \/>\n        <strong><br \/>\n            <a href=\"https:\/\/actu.fr\/auteur\/lea-afonso\" title=\"Consulter tous les articles de L\u00e9a Afonso\" rel=\"nofollow noopener\" target=\"_blank\">L\u00e9a Afonso<\/a><br \/>\n        <\/strong><\/p>\n<p>        Publi\u00e9 le<\/p>\n<p>            6 juin 2025 \u00e0 18h09        <\/p>\n<p>Un tout nouveau projet. Chaque ann\u00e9e, l\u2019\u00e9t\u00e9 venu, le <strong>pont Saint-Pierre<\/strong> \u00e0 <a href=\"https:\/\/actu.fr\/toulouse\/\" rel=\"nofollow noopener\" target=\"_blank\">Toulouse<\/a> change de visage. Depuis ce jeudi 5\u00a0juin, <a href=\"https:\/\/actu.fr\/occitanie\/toulouse_31555\/toulouse-le-pont-saint-pierre-passe-en-mode-ete-les-voitures-ne-peuvent-plus-y-passer_62715590.html\" rel=\"nofollow noopener\" target=\"_blank\">outre la pi\u00e9tonnisation de cet axe<\/a>, une <strong>fresque<\/strong> est peinte au sol, c\u00f4t\u00e9 pi\u00e9ton. Cette ann\u00e9e, l\u2019artiste<a href=\"https:\/\/www.instagram.com\/valentine_design_global\/\" rel=\"nofollow noopener\" target=\"_blank\"><strong> Valentine Gadeau<\/strong><\/a> est en charge du projet qu\u2019elle a souhait\u00e9 po\u00e9tique et engag\u00e9. Un hommage \u00e0 la Garonne. Rencontre.<\/p>\n<p>Le double visage de la Garonne<\/p>\n<p class=\" wall-content\">Valentine Gadeau, artiste plasticienne, a \u00e9t\u00e9 mandat\u00e9e par la mairie de Toulouse cette ann\u00e9e, pour piloter ce projet engag\u00e9. Depuis un an et demi, elle travaille avec son \u00e9quipe sur cette fresque grandeur nature. Son intention\u2009? Repr\u00e9senter la Garonne dans toute sa complexit\u00e9\u2009: \u00ab\u2009l\u2019id\u00e9e, c\u2019est de <strong>transmettre un portrait de la Garonne<\/strong> qui propose une <strong>dualit\u00e9 entre fleuve paisible et sauvage<\/strong>\u2009\u00bb, explique-t-elle. Car cette ann\u00e9e, le th\u00e8me de cette fresque est <a href=\"https:\/\/actu.fr\/occitanie\/toulouse_31555\/c-est-arrive-un-23-juin-la-plus-grosse-inondation-de-l-histoire-de-toulouse_59766454.html\" rel=\"nofollow noopener\" target=\"_blank\">la crue ravageuse qui a touch\u00e9 Toulouse le 23\u00a0juin\u00a01875<\/a>.<\/p>\n<p>Couleurs et symboles<\/p>\n<p class=\" wall-content\">La<strong> complexit\u00e9 du fleuve<\/strong> est incarn\u00e9e visuellement par les formes qui d\u00e9finissent la fresque\u2009: \u00ab\u2009ce sont ces volutes ondulantes qui la distinguent des fresques plus classiques et qui \u00e9voquent le <strong>mouvement de l\u2019eau<\/strong>. Des <strong>ondulations calmes<\/strong>, mais qui peuvent aussi \u00eatre <strong>impr\u00e9visibles<\/strong>\u2009\u00bb, continue l\u2019artiste.<\/p>\n<p>    <img   decoding=\"async\" loading=\"lazy\" src=\"https:\/\/www.europesays.com\/fr\/wp-content\/uploads\/2025\/06\/img-3131-960x640.jpeg\" alt=\"Le mouvement de l'eau repr\u00e9sent\u00e9 sur cette fresque, comme des vagues \" width=\"960\" height=\"640\"\/><br \/>\n    Le mouvement de l\u2019eau repr\u00e9sent\u00e9 sur cette fresque, comme des vagues<\/p>\n<p class=\" wall-content\">La fresque se remarque par ailleurs au travers des <strong>couleurs vives<\/strong> et contrast\u00e9es utilis\u00e9es. Un choix r\u00e9fl\u00e9chi\u2009: \u00ab\u2009j\u2019ai propos\u00e9 qu\u2019on utilise le <strong>bleu<\/strong> pour repr\u00e9senter <strong>l\u2019eau<\/strong>, <strong>l\u2019orange<\/strong> pour \u00e9voquer le <strong>danger<\/strong> et le <strong>violet<\/strong> comme couleur des <strong>risques majeurs<\/strong>. Couleur utilis\u00e9e \u00e0 l\u2019\u00e9chelle nationale\u2009\u00bb, pr\u00e9cise Valentine Gadeau. Ces couleurs ont \u00e9t\u00e9 choisies pour attirer l\u2019\u0153il des passants et les interpeller\u2009: \u00ab\u2009c\u2019est fait pour que les gens s\u2019arr\u00eatent, qu\u2019ils s\u2019int\u00e9ressent \u00e0 l\u2019inondation, qu\u2019ils soient sensibilis\u00e9s\u2009\u00bb.<\/p>\n<p>Vid\u00e9os : en ce moment sur Actu<br \/>\n    <img   decoding=\"async\" loading=\"lazy\" src=\"https:\/\/www.europesays.com\/fr\/wp-content\/uploads\/2025\/06\/img-3130-960x640.jpeg\" alt=\"Des couleurs vives aux symboles importants \" width=\"960\" height=\"640\"\/><br \/>\n    Des couleurs vives aux symboles importants (\u00a9L\u00e9a Afonso \/ Actu Toulouse)<\/p>\n<p class=\" wall-content\">En plus des grandes \u00e9tendues de couleur actuellement en cours de r\u00e9alisation, des \u00e9l\u00e9ments symboliques viendront s\u2019ajouter \u00e0 l\u2019ensemble\u2009: \u00ab\u2009Il y aura des lignes qui donneront du mouvement, et aussi des yeux de poissons peints par-ci par-l\u00e0 pour renforcer l\u2019id\u00e9e de vigilance, de regard aupr\u00e8s des Toulousains, mais aussi pour inviter \u00e0 regarder la Garonne autrement\u2009\u00bb.<\/p>\n<p>Une \u0153uvre inscrite dans un dispositif global<\/p>\n<p class=\" wall-content\">Plus globalement, la fresque s\u2019int\u00e8gre dans un <strong>parcours d\u2019\u00e9ducation au risque d\u2019inondation<\/strong> imagin\u00e9 par la mairie. \u00ab\u2009Elle fait partie d\u2019un dispositif plus large, avec des documents d\u2019archives de la crue de 1875 qui seront install\u00e9s sur la place Saint-Pierre et sur le pont. L\u2019exposition se poursuit ensuite au Jardin Raymond VI\u2009\u00bb, d\u00e9taille Valentine Gadeau.<\/p>\n<p class=\" wall-content\">\u00ab\u2009C\u2019est de la sensibilisation familiale, pour toucher tout le monde, petits et grands. Au mieux on se pr\u00e9pare, au mieux on se prot\u00e8ge face \u00e0 une crue\u2009\u00bb.<\/p>\n<p>Rendez-vous le 21\u00a0juin<\/p>\n<p class=\" wall-content\">Si Valentine Gadeau et <strong>cinq autres artistes<\/strong> ont commenc\u00e9 \u00e0 peindre la fresque ce jeudi 5\u00a0juin, ils ont une petite semaine pour la finir. Dernier d\u00e9lai, mardi 10\u00a0juin. Seront ensuite install\u00e9s le mobilier urbain et r\u00e9alis\u00e9s les derniers am\u00e9nagements.<\/p>\n<p class=\" wall-content\">\u00ab<strong>\u2009Tout sera pr\u00eat pour le 21\u00a0juin<\/strong>, jour la f\u00eate de la musique\u2009\u00bb, annonce l\u2019artiste. Puis <strong>l\u2019inauguration<\/strong> se fera deux jours plus tard, le <strong>23\u00a0juin<\/strong>. Une date donc symbolique, en lien avec l\u2019anniversaire de la crue. Une fa\u00e7on forte de conjuguer m\u00e9moire, art et pr\u00e9vention, et d\u2019offrir \u00e0 Toulouse un nouveau regard sur sa rivi\u00e8re embl\u00e9matique.<\/p>\n<p class=\" wall-content\">Suivez toute l\u2019actualit\u00e9 de vos villes et m\u00e9dias favoris en vous inscrivant \u00e0 <a href=\"https:\/\/moncompte.actu.fr\" title=\"D\u00e9couvez Mon Actu\" rel=\"nofollow noopener\" data-trk=\"{&quot;cta&quot;:{&quot;action&quot;:&quot;https:\\\/\\\/moncompte.actu.fr&quot;,&quot;category&quot;:&quot;mon compte&quot;,&quot;from&quot;:&quot;article footer&quot;,&quot;name&quot;:&quot;Mon actu&quot;,&quot;type&quot;:&quot;cta&quot;}}\" target=\"_blank\">Mon Actu<\/a>.<\/p>\n<p>                    <script async src=\"\/\/www.instagram.com\/embed.js\"><\/script><\/p>\n","protected":false},"excerpt":{"rendered":"Par L\u00e9a Afonso Publi\u00e9 le 6 juin 2025 \u00e0 18h09 Un tout nouveau projet. Chaque ann\u00e9e, l\u2019\u00e9t\u00e9 venu,&hellip;\n","protected":false},"author":2,"featured_media":157285,"comment_status":"","ping_status":"","sticky":false,"template":"","format":"standard","meta":{"footnotes":""},"categories":[1358],"tags":[1348,1384,1385,1386,58,59,1011,27,1305,1352],"class_list":{"0":"post-157284","1":"post","2":"type-post","3":"status-publish","4":"format-standard","5":"has-post-thumbnail","7":"category-arts-et-design","8":"tag-arts","9":"tag-arts-and-design","10":"tag-arts-et-design","11":"tag-design","12":"tag-divertissement","13":"tag-entertainment","14":"tag-fr","15":"tag-france","16":"tag-lifestyle","17":"tag-urbanisme"},"share_on_mastodon":{"url":"https:\/\/pubeurope.com\/@fr\/114638149678641307","error":""},"_links":{"self":[{"href":"https:\/\/www.europesays.com\/fr\/wp-json\/wp\/v2\/posts\/157284","targetHints":{"allow":["GET"]}}],"collection":[{"href":"https:\/\/www.europesays.com\/fr\/wp-json\/wp\/v2\/posts"}],"about":[{"href":"https:\/\/www.europesays.com\/fr\/wp-json\/wp\/v2\/types\/post"}],"author":[{"embeddable":true,"href":"https:\/\/www.europesays.com\/fr\/wp-json\/wp\/v2\/users\/2"}],"replies":[{"embeddable":true,"href":"https:\/\/www.europesays.com\/fr\/wp-json\/wp\/v2\/comments?post=157284"}],"version-history":[{"count":0,"href":"https:\/\/www.europesays.com\/fr\/wp-json\/wp\/v2\/posts\/157284\/revisions"}],"wp:featuredmedia":[{"embeddable":true,"href":"https:\/\/www.europesays.com\/fr\/wp-json\/wp\/v2\/media\/157285"}],"wp:attachment":[{"href":"https:\/\/www.europesays.com\/fr\/wp-json\/wp\/v2\/media?parent=157284"}],"wp:term":[{"taxonomy":"category","embeddable":true,"href":"https:\/\/www.europesays.com\/fr\/wp-json\/wp\/v2\/categories?post=157284"},{"taxonomy":"post_tag","embeddable":true,"href":"https:\/\/www.europesays.com\/fr\/wp-json\/wp\/v2\/tags?post=157284"}],"curies":[{"name":"wp","href":"https:\/\/api.w.org\/{rel}","templated":true}]}}