{"id":157286,"date":"2025-06-06T19:48:09","date_gmt":"2025-06-06T19:48:09","guid":{"rendered":"https:\/\/www.europesays.com\/fr\/157286\/"},"modified":"2025-06-06T19:48:09","modified_gmt":"2025-06-06T19:48:09","slug":"le-salon-du-livre-du-treport-renouvelle-ses-invites-decouvrez-leurs-noms","status":"publish","type":"post","link":"https:\/\/www.europesays.com\/fr\/157286\/","title":{"rendered":"Le salon du livre du Tr\u00e9port renouvelle ses invit\u00e9s : d\u00e9couvrez leurs noms"},"content":{"rendered":"<p>            Par<br \/>\n        <strong><br \/>\n            <a href=\"https:\/\/actu.fr\/auteur\/lucas-farcy\" title=\"Consulter tous les articles de Lucas Farcy\" target=\"_blank\" rel=\"noopener\">Lucas Farcy<\/a><br \/>\n        <\/strong><\/p>\n<p>        Publi\u00e9 le<\/p>\n<p>            6 juin 2025 \u00e0 20h50        <\/p>\n<p>La quatri\u00e8me \u00e9dition du <b>salon du livre<\/b> <a href=\"https:\/\/actu.fr\/normandie\/le-treport_76711\" target=\"_blank\" rel=\"noopener\">du Tr\u00e9port<\/a> (Seine-Maritime) aura lieu le dimanche 8 juin 2025. Organis\u00e9 par l\u2019auteur <b>Pierre Bonzi <\/b>et son fr\u00e8re <b>Jacky Moreau<\/b>, avec le concours de la municipalit\u00e9 et du casino Joa, ce salon va rassembler 25 auteurs.<\/p>\n<p class=\" wall-content\">\u00ab Nous avons privil\u00e9gi\u00e9 les auteurs qui ne sont jamais venus au Tr\u00e9port. Ce sera le cas cette ann\u00e9e, en dehors de mon fr\u00e8re et moi qui sortons tous les deux un livre \u00bb explique Pierre Bonzi.<\/p>\n<p class=\" wall-content\">\u00ab Nous sommes limit\u00e9s en place et ne pouvons pas accueillir plus de personnes. Mais en r\u00e9alit\u00e9, c\u2019est aussi un avantage : les visiteurs ont le temps de discuter avec tout le monde s\u2019ils le souhaitent \u00bb.<\/p>\n<p class=\" wall-content\">Romans, Polars, bandes dessin\u00e9es, livres pour enfant\u2026 il y en aura pour tous les go\u00fbts sur le salon.<\/p>\n<p class=\" wall-content\">L\u2019organisateur pr\u00e9sentera \u00e0 cette occasion le Tome 6 de sa saga <a href=\"https:\/\/actu.fr\/normandie\/le-treport_76711\/le-treport-le-feuilleton-de-pierre-bonzi-devient-un-roman_44047241.html\" target=\"_blank\" rel=\"noopener\">P\u2019tit Jean, gosse des Cordiers<\/a>.<\/p>\n<p>Vid\u00e9os : en ce moment sur Actu<\/p>\n<p>Les auteurs invit\u00e9s : Pierre Bonzi, Jacky Moreau, Danielle Morin, Daniel Devaux, Bernard Loesel, Nadine Chauvin, Nathalie Baudoux-Duloquin, Jean-Luc Barrier, Sophie Estienbled, S\u00e9bastien Monod, Virginie Brzek, Jean Marc Quillet, Fran\u00e7oise Quillet, Nicolas Lethuillier, Nadine Najman, Cic\u00e9ron, Angledroit, Xavier Becquet, Francis Crochet, Karine Gournay, Jean-Marc Couve, Sophie Camil, Dominique Camus, Melvin Le Galloudec, Francis Heux, Brigitte Troquet.<\/p>\n<p class=\" wall-content\">Suivez toute l\u2019actualit\u00e9 de vos villes et m\u00e9dias favoris en vous inscrivant \u00e0 <a href=\"https:\/\/moncompte.actu.fr\" title=\"D\u00e9couvez Mon Actu\" rel=\"nofollow noopener\" data-trk=\"{&quot;cta&quot;:{&quot;action&quot;:&quot;https:\\\/\\\/moncompte.actu.fr&quot;,&quot;category&quot;:&quot;mon compte&quot;,&quot;from&quot;:&quot;article footer&quot;,&quot;name&quot;:&quot;Mon actu&quot;,&quot;type&quot;:&quot;cta&quot;}}\" target=\"_blank\">Mon Actu<\/a>.<\/p>\n","protected":false},"excerpt":{"rendered":"Par Lucas Farcy Publi\u00e9 le 6 juin 2025 \u00e0 20h50 La quatri\u00e8me \u00e9dition du salon du livre du&hellip;\n","protected":false},"author":2,"featured_media":157287,"comment_status":"","ping_status":"","sticky":false,"template":"","format":"standard","meta":{"footnotes":""},"categories":[1357],"tags":[1379,58,59,1011,27,1380,1652,3587],"class_list":{"0":"post-157286","1":"post","2":"type-post","3":"status-publish","4":"format-standard","5":"has-post-thumbnail","7":"category-livres","8":"tag-books","9":"tag-divertissement","10":"tag-entertainment","11":"tag-fr","12":"tag-france","13":"tag-livres","14":"tag-loisirs-culture","15":"tag-villes-soeurs"},"share_on_mastodon":{"url":"https:\/\/pubeurope.com\/@fr\/114638153590192927","error":""},"_links":{"self":[{"href":"https:\/\/www.europesays.com\/fr\/wp-json\/wp\/v2\/posts\/157286","targetHints":{"allow":["GET"]}}],"collection":[{"href":"https:\/\/www.europesays.com\/fr\/wp-json\/wp\/v2\/posts"}],"about":[{"href":"https:\/\/www.europesays.com\/fr\/wp-json\/wp\/v2\/types\/post"}],"author":[{"embeddable":true,"href":"https:\/\/www.europesays.com\/fr\/wp-json\/wp\/v2\/users\/2"}],"replies":[{"embeddable":true,"href":"https:\/\/www.europesays.com\/fr\/wp-json\/wp\/v2\/comments?post=157286"}],"version-history":[{"count":0,"href":"https:\/\/www.europesays.com\/fr\/wp-json\/wp\/v2\/posts\/157286\/revisions"}],"wp:featuredmedia":[{"embeddable":true,"href":"https:\/\/www.europesays.com\/fr\/wp-json\/wp\/v2\/media\/157287"}],"wp:attachment":[{"href":"https:\/\/www.europesays.com\/fr\/wp-json\/wp\/v2\/media?parent=157286"}],"wp:term":[{"taxonomy":"category","embeddable":true,"href":"https:\/\/www.europesays.com\/fr\/wp-json\/wp\/v2\/categories?post=157286"},{"taxonomy":"post_tag","embeddable":true,"href":"https:\/\/www.europesays.com\/fr\/wp-json\/wp\/v2\/tags?post=157286"}],"curies":[{"name":"wp","href":"https:\/\/api.w.org\/{rel}","templated":true}]}}